{"id":138804,"date":"2024-04-09T08:48:31","date_gmt":"2024-04-09T11:48:31","guid":{"rendered":"https:\/\/corrientesdetarde.com\/?p=138804"},"modified":"2024-04-09T08:48:42","modified_gmt":"2024-04-09T11:48:42","slug":"juan-un-pequeno-de-8-anos-necesita-una-familia-que-lo-acompane-y-brinde-amor","status":"publish","type":"post","link":"https:\/\/corrientesdetarde.com\/index.php\/sociales\/juan-un-pequeno-de-8-anos-necesita-una-familia-que-lo-acompane-y-brinde-amor\/","title":{"rendered":"Juan, un peque\u00f1o de 8 a\u00f1os, necesita una familia que lo acompa\u00f1e y brinde amor\u00a0"},"content":{"rendered":"\n<p>Las familias interesadas en incorporar a Juan (nombre ficticio) en su n\u00facleo, deben ser preferentemente de Corrientes, Chaco, Formosa, Misiones, Entre R\u00edos y Santa Fe porque tiene hermanitos con los que quiere seguir en contacto.<\/p>\n\n\n\n<p>Juan se comunica con palabras simples y presenta trastorno espec\u00edfico del Lenguaje y retraso neurocognitivo, pero a lo largo de los a\u00f1os logr\u00f3 fortalecer habilidades sociales. A\u00fan as\u00ed, requiere de adultos que puedan ofrecerle un sost\u00e9n emocional con acompa\u00f1amiento activo y afectivo.<\/p>\n\n\n\n<p>Por lo tanto Juan busca una familia que est\u00e9 dispuesta a brindar mucho amor que \u00e9l retribuir\u00e1 con sonrisas y demostraciones de cari\u00f1o.<\/p>\n\n\n\n<p><strong>La convocatoria<\/strong><\/p>\n\n\n\n<p>En este marco el juzgado de Familia, Ni\u00f1ez y Adolescencia N\u00b02 de Goya, a cargo de la doctora Maria Gabriela Dadone, en el Expte. GXP N\u00b0 46026\/23, y mediante la intervenci\u00f3n del Registro \u00danico de Aspirantes a Guarda con fines Adoptivos de Corrientes (RUACtes) convoc\u00f3 a familias y\/o personas que residan en las provincias del Nea y del Litoral como Corrientes, Chaco, Formosa, Misiones, Entre R\u00edos y Santa Fe a descargar el Formulario de Convocatorias P\u00fablicas.<\/p>\n\n\n\n<p><strong>C\u00f3mo hacer para adoptar a Juan<\/strong><\/p>\n\n\n\n<p>Los interesados deber\u00e1n descargar el formulario de Convocatorias P\u00fablicas de la p\u00e1gina web y enviarlo por correo electr\u00f3nico al Registro de Aspirantes a guarda con fines adoptivos de Corrientes:&nbsp;registroadopcion@juscorrientes.gov.ar<\/p>\n\n\n\n<p>Tambi\u00e9n podr\u00e1n mandar al correo electr\u00f3nico del juzgado de Familia de Goya:&nbsp;jfamilianya2-goya@juscorrientes.gov.ar<\/p>\n\n\n\n<p>Para consultas podr\u00e1n comunicarse al tel\u00e9fono fijo de RUA-Ctes: 3794-4104298.<\/p>\n\n\n\n<p>Tambi\u00e9n pueden consultar a los tel\u00e9fonos del juzgado: Celular\/WhatsApp: 37777642222 o al (3777) 437631.<\/p>\n","protected":false},"excerpt":{"rendered":"<p>Las familias interesadas en incorporar a Juan (nombre ficticio) en su n\u00facleo, deben ser preferentemente de Corrientes, Chaco, Formosa, Misiones, Entre R\u00edos y Santa Fe porque tiene hermanitos con los&hellip; <\/p>\n","protected":false},"author":12,"featured_media":138814,"comment_status":"closed","ping_status":"open","sticky":false,"template":"","format":"standard","meta":{"footnotes":""},"categories":[17],"tags":[],"class_list":["post-138804","post","type-post","status-publish","format-standard","has-post-thumbnail","hentry","category-sociales"],"_links":{"self":[{"href":"https:\/\/corrientesdetarde.com\/index.php\/wp-json\/wp\/v2\/posts\/138804","targetHints":{"allow":["GET"]}}],"collection":[{"href":"https:\/\/corrientesdetarde.com\/index.php\/wp-json\/wp\/v2\/posts"}],"about":[{"href":"https:\/\/corrientesdetarde.com\/index.php\/wp-json\/wp\/v2\/types\/post"}],"author":[{"embeddable":true,"href":"https:\/\/corrientesdetarde.com\/index.php\/wp-json\/wp\/v2\/users\/12"}],"replies":[{"embeddable":true,"href":"https:\/\/corrientesdetarde.com\/index.php\/wp-json\/wp\/v2\/comments?post=138804"}],"version-history":[{"count":1,"href":"https:\/\/corrientesdetarde.com\/index.php\/wp-json\/wp\/v2\/posts\/138804\/revisions"}],"predecessor-version":[{"id":138815,"href":"https:\/\/corrientesdetarde.com\/index.php\/wp-json\/wp\/v2\/posts\/138804\/revisions\/138815"}],"wp:featuredmedia":[{"embeddable":true,"href":"https:\/\/corrientesdetarde.com\/index.php\/wp-json\/wp\/v2\/media\/138814"}],"wp:attachment":[{"href":"https:\/\/corrientesdetarde.com\/index.php\/wp-json\/wp\/v2\/media?parent=138804"}],"wp:term":[{"taxonomy":"category","embeddable":true,"href":"https:\/\/corrientesdetarde.com\/index.php\/wp-json\/wp\/v2\/categories?post=138804"},{"taxonomy":"post_tag","embeddable":true,"href":"https:\/\/corrientesdetarde.com\/index.php\/wp-json\/wp\/v2\/tags?post=138804"}],"curies":[{"name":"wp","href":"https:\/\/api.w.org\/{rel}","templated":true}]}}