{"id":138805,"date":"2024-04-09T08:46:51","date_gmt":"2024-04-09T11:46:51","guid":{"rendered":"https:\/\/corrientesdetarde.com\/?p=138805"},"modified":"2024-04-09T08:46:54","modified_gmt":"2024-04-09T11:46:54","slug":"una-jueza-dispone-el-traslado-urgente-de-un-nino-con-discapacidad-tras-la-negativa-de-ioscor","status":"publish","type":"post","link":"https:\/\/corrientesdetarde.com\/index.php\/locales\/una-jueza-dispone-el-traslado-urgente-de-un-nino-con-discapacidad-tras-la-negativa-de-ioscor\/","title":{"rendered":"Una jueza dispone el traslado urgente de un ni\u00f1o con discapacidad tras la negativa de IOSCOR"},"content":{"rendered":"\n<p>La mam\u00e1 del ni\u00f1o \u2013internado hac\u00eda 40 d\u00edas en el hospital pedi\u00e1trico- solicit\u00f3 al IOSCor el traslado a Buenos Aires para que su hijo pudiera ser recibir atenci\u00f3n m\u00e9dica en un centro de mayor complejidad, donde pudieran realizar estudios m\u00e1s exhaustivos.<\/p>\n\n\n\n<p>El nene de 7 a\u00f1os presenta retraso mental grave, discontinuidad neurol\u00f3gica, S\u00edndrome de Dawn, S\u00edndrome de West, y se encuentra traqueostomizado y en silla de ruedas.<\/p>\n\n\n\n<p>La falta de respuestas de la obra social, de la cual el nene es afiliado, llev\u00f3 a su madre a presentar una demanda autosatisfactiva el pasado viernes 5 de abril a las 12.56, a minutos de finalizar el horario h\u00e1bil. Como adem\u00e1s el sistema ten\u00eda inconvenientes, la Mesa \u00danica Receptora acompa\u00f1\u00f3 al profesional patrocinante con un plan alternativo. As\u00ed la causa ingres\u00f3 minutos despu\u00e9s de las 13.10 al Juzgado Civil y Comercial N\u00b0 11 a cargo de la doctora Mar\u00eda Virginia Tenev.<\/p>\n\n\n\n<p>Ante la gravedad del cuadro de salud la jueza se avoc\u00f3 inmediatamente a su tratamiento y dio curso a lo pedido por la madre: la cobertura de la derivaci\u00f3n a un centro de salud en Capital Federal, los ex\u00e1menes, los medicamentos y el alojamiento para ambos durante el tiempo que demande la internaci\u00f3n.<\/p>\n\n\n\n<p>La doctora Tenev garantiz\u00f3 el inmediato acceso a la atenci\u00f3n m\u00e9dica que el ni\u00f1o requer\u00eda de modo urgente, m\u00e1s all\u00e1 de los aspectos administrativos o burocr\u00e1ticos de la obra social.<\/p>\n\n\n\n<p>Las expectativas puestas en el caso radicaban en lograr el traslado a la brevedad del nene porque lo que estaban en juego eran derechos fundamentales como la salud y la vida.<\/p>\n\n\n\n<p><strong>\u00bfQu\u00e9 es una medida autosatisfactiva?<\/strong><\/p>\n\n\n\n<p>Se trata de una soluci\u00f3n urgente que se solicita cuando se necesita proteger de manera apremiante un derecho o inter\u00e9s leg\u00edtimo que se encuentra en riesgo o amenazado. Es un proceso aut\u00f3nomo que se agota con su pretensi\u00f3n porque recae sobre el fondo del caso. Esta medida puede ser solicitadas en cualquier momento del proceso judicial y se otorga de manera provisional hasta que se resuelva el caso de fondo.<\/p>\n","protected":false},"excerpt":{"rendered":"<p>La mam\u00e1 del ni\u00f1o \u2013internado hac\u00eda 40 d\u00edas en el hospital pedi\u00e1trico- solicit\u00f3 al IOSCor el traslado a Buenos Aires para que su hijo pudiera ser recibir atenci\u00f3n m\u00e9dica en&hellip; <\/p>\n","protected":false},"author":12,"featured_media":138812,"comment_status":"closed","ping_status":"open","sticky":false,"template":"","format":"standard","meta":{"footnotes":""},"categories":[8,17],"tags":[],"class_list":["post-138805","post","type-post","status-publish","format-standard","has-post-thumbnail","hentry","category-locales","category-sociales"],"_links":{"self":[{"href":"https:\/\/corrientesdetarde.com\/index.php\/wp-json\/wp\/v2\/posts\/138805","targetHints":{"allow":["GET"]}}],"collection":[{"href":"https:\/\/corrientesdetarde.com\/index.php\/wp-json\/wp\/v2\/posts"}],"about":[{"href":"https:\/\/corrientesdetarde.com\/index.php\/wp-json\/wp\/v2\/types\/post"}],"author":[{"embeddable":true,"href":"https:\/\/corrientesdetarde.com\/index.php\/wp-json\/wp\/v2\/users\/12"}],"replies":[{"embeddable":true,"href":"https:\/\/corrientesdetarde.com\/index.php\/wp-json\/wp\/v2\/comments?post=138805"}],"version-history":[{"count":1,"href":"https:\/\/corrientesdetarde.com\/index.php\/wp-json\/wp\/v2\/posts\/138805\/revisions"}],"predecessor-version":[{"id":138813,"href":"https:\/\/corrientesdetarde.com\/index.php\/wp-json\/wp\/v2\/posts\/138805\/revisions\/138813"}],"wp:featuredmedia":[{"embeddable":true,"href":"https:\/\/corrientesdetarde.com\/index.php\/wp-json\/wp\/v2\/media\/138812"}],"wp:attachment":[{"href":"https:\/\/corrientesdetarde.com\/index.php\/wp-json\/wp\/v2\/media?parent=138805"}],"wp:term":[{"taxonomy":"category","embeddable":true,"href":"https:\/\/corrientesdetarde.com\/index.php\/wp-json\/wp\/v2\/categories?post=138805"},{"taxonomy":"post_tag","embeddable":true,"href":"https:\/\/corrientesdetarde.com\/index.php\/wp-json\/wp\/v2\/tags?post=138805"}],"curies":[{"name":"wp","href":"https:\/\/api.w.org\/{rel}","templated":true}]}}