{"id":138806,"date":"2024-04-09T08:44:33","date_gmt":"2024-04-09T11:44:33","guid":{"rendered":"https:\/\/corrientesdetarde.com\/?p=138806"},"modified":"2024-04-09T08:44:36","modified_gmt":"2024-04-09T11:44:36","slug":"gustavo-valdes-se-reunira-con-el-papa-francisco","status":"publish","type":"post","link":"https:\/\/corrientesdetarde.com\/index.php\/destacados\/gustavo-valdes-se-reunira-con-el-papa-francisco\/","title":{"rendered":"Gustavo Vald\u00e9s se reunir\u00e1 con el papa Francisco"},"content":{"rendered":"\n<p>El Gobernador Gustavo Vald\u00e9s tendr\u00e1 una audiencia con el papa Francisco el pr\u00f3ximo mi\u00e9rcoles 17 de abril. El encuentro se llevar\u00e1 adelante en el Vaticano, seg\u00fan informaron fuentes oficiales a Radio Dos. Este ser\u00e1 la primera reuni\u00f3n entre ambos jefes de Estado. &nbsp;<\/p>\n\n\n\n<p>La visita del mandatario correntino con el Sumo Pont\u00edfice, ser\u00e1 posterior al viaje que tendr\u00e1 en Alemania en donde tiene previsto participar de &nbsp;feria de Foresto Industrial.<\/p>\n","protected":false},"excerpt":{"rendered":"<p>El Gobernador Gustavo Vald\u00e9s tendr\u00e1 una audiencia con el papa Francisco el pr\u00f3ximo mi\u00e9rcoles 17 de abril. El encuentro se llevar\u00e1 adelante en el Vaticano, seg\u00fan informaron fuentes oficiales a&hellip; <\/p>\n","protected":false},"author":12,"featured_media":138810,"comment_status":"closed","ping_status":"open","sticky":false,"template":"","format":"standard","meta":{"footnotes":""},"categories":[26],"tags":[],"class_list":["post-138806","post","type-post","status-publish","format-standard","has-post-thumbnail","hentry","category-destacados"],"_links":{"self":[{"href":"https:\/\/corrientesdetarde.com\/index.php\/wp-json\/wp\/v2\/posts\/138806","targetHints":{"allow":["GET"]}}],"collection":[{"href":"https:\/\/corrientesdetarde.com\/index.php\/wp-json\/wp\/v2\/posts"}],"about":[{"href":"https:\/\/corrientesdetarde.com\/index.php\/wp-json\/wp\/v2\/types\/post"}],"author":[{"embeddable":true,"href":"https:\/\/corrientesdetarde.com\/index.php\/wp-json\/wp\/v2\/users\/12"}],"replies":[{"embeddable":true,"href":"https:\/\/corrientesdetarde.com\/index.php\/wp-json\/wp\/v2\/comments?post=138806"}],"version-history":[{"count":1,"href":"https:\/\/corrientesdetarde.com\/index.php\/wp-json\/wp\/v2\/posts\/138806\/revisions"}],"predecessor-version":[{"id":138811,"href":"https:\/\/corrientesdetarde.com\/index.php\/wp-json\/wp\/v2\/posts\/138806\/revisions\/138811"}],"wp:featuredmedia":[{"embeddable":true,"href":"https:\/\/corrientesdetarde.com\/index.php\/wp-json\/wp\/v2\/media\/138810"}],"wp:attachment":[{"href":"https:\/\/corrientesdetarde.com\/index.php\/wp-json\/wp\/v2\/media?parent=138806"}],"wp:term":[{"taxonomy":"category","embeddable":true,"href":"https:\/\/corrientesdetarde.com\/index.php\/wp-json\/wp\/v2\/categories?post=138806"},{"taxonomy":"post_tag","embeddable":true,"href":"https:\/\/corrientesdetarde.com\/index.php\/wp-json\/wp\/v2\/tags?post=138806"}],"curies":[{"name":"wp","href":"https:\/\/api.w.org\/{rel}","templated":true}]}}