{"id":138823,"date":"2024-04-09T09:41:51","date_gmt":"2024-04-09T12:41:51","guid":{"rendered":"https:\/\/corrientesdetarde.com\/?p=138823"},"modified":"2024-04-09T09:42:02","modified_gmt":"2024-04-09T12:42:02","slug":"un-conductor-de-un-camion-de-basura-atropello-a-su-companero-durante-una-recorrida-en-berisso","status":"publish","type":"post","link":"https:\/\/corrientesdetarde.com\/index.php\/nacionales\/un-conductor-de-un-camion-de-basura-atropello-a-su-companero-durante-una-recorrida-en-berisso\/","title":{"rendered":"Un conductor de un cami\u00f3n de basura atropell\u00f3 a su compa\u00f1ero durante una recorrida en Berisso"},"content":{"rendered":"\n<p>Un ins\u00f3lito\u00a0accidente\u00a0sorprendi\u00f3 a los vecinos de\u00a0Berisso. El conductor de un cami\u00f3n de recolecci\u00f3n de basura<strong>\u00a0atropell\u00f3 a su compa\u00f1ero durante una recorrida<\/strong>. La v\u00edctima debi\u00f3 ser asistida por personal m\u00e9dico y qued\u00f3 internada en observaci\u00f3n.<\/p>\n\n\n\n<p>El episodio ocurri\u00f3 en la tarde de este lunes sobre la calle 2, entre 170 y 171, en el partido de La Plata. De acuerdo a lo informado por fuentes policiales, efectivos de Comando Patrullas recibieron un llamado por parte del Centro de Monitoreo (COM) de la localidad por un accidente de tr\u00e1nsito.<\/p>\n\n\n\n<p>Seg\u00fan precis\u00f3 el medio&nbsp;<em>0221<\/em>, cuando los efectivos llegaron al lugar se encontraron con que<strong>&nbsp;\u201cel cami\u00f3n se hab\u00eda llevado por delante a un compa\u00f1ero que se encontraba recolectado los residuos\u201d.<\/strong><\/p>\n\n\n\n<figure class=\"wp-block-image\"><img decoding=\"async\" src=\"https:\/\/tn.com.ar\/resizer\/QUB91F0tHiZFGa7QJqGqVb5S8Uo=\/767x0\/smart\/filters:format(webp)\/cloudfront-us-east-1.images.arcpublishing.com\/artear\/NTJ62XRB6NA4NACJBIJSHPMWGU.PNG\" alt=\"El conductor del cami\u00f3n de basura atropell\u00f3 a su compa\u00f1ero en medio de la recolecci\u00f3n. (Foto: gentileza 0221)\"\/><figcaption class=\"wp-element-caption\">El conductor del cami\u00f3n de basura atropell\u00f3 a su compa\u00f1ero en medio de la recolecci\u00f3n. (Foto: gentileza 0221)<\/figcaption><\/figure>\n\n\n\n<p>Como la v\u00edctima ten\u00eda dolencias en todo el cuerpo debieron solicitar una ambulancia del SAME que enseguida lo traslad\u00f3 al hospital Larrain. All\u00ed fue asistido por el personal m\u00e9dico y<strong>&nbsp;qued\u00f3 internado en observaci\u00f3n.<\/strong><\/p>\n\n\n\n<p>Por su parte, los agentes de la comisar\u00eda Primera caratularon el episodio como\u00a0<strong>\u201clesiones culposas\u201d<\/strong>\u00a0y solicitaron la im\u00e1genes al COM para determinar c\u00f3mo se produjo el accidente.<\/p>\n","protected":false},"excerpt":{"rendered":"<p>Un ins\u00f3lito\u00a0accidente\u00a0sorprendi\u00f3 a los vecinos de\u00a0Berisso. El conductor de un cami\u00f3n de recolecci\u00f3n de basura\u00a0atropell\u00f3 a su compa\u00f1ero durante una recorrida. La v\u00edctima debi\u00f3 ser asistida por personal m\u00e9dico y&hellip; <\/p>\n","protected":false},"author":12,"featured_media":138837,"comment_status":"closed","ping_status":"open","sticky":false,"template":"","format":"standard","meta":{"footnotes":""},"categories":[10],"tags":[],"class_list":["post-138823","post","type-post","status-publish","format-standard","has-post-thumbnail","hentry","category-nacionales"],"_links":{"self":[{"href":"https:\/\/corrientesdetarde.com\/index.php\/wp-json\/wp\/v2\/posts\/138823","targetHints":{"allow":["GET"]}}],"collection":[{"href":"https:\/\/corrientesdetarde.com\/index.php\/wp-json\/wp\/v2\/posts"}],"about":[{"href":"https:\/\/corrientesdetarde.com\/index.php\/wp-json\/wp\/v2\/types\/post"}],"author":[{"embeddable":true,"href":"https:\/\/corrientesdetarde.com\/index.php\/wp-json\/wp\/v2\/users\/12"}],"replies":[{"embeddable":true,"href":"https:\/\/corrientesdetarde.com\/index.php\/wp-json\/wp\/v2\/comments?post=138823"}],"version-history":[{"count":1,"href":"https:\/\/corrientesdetarde.com\/index.php\/wp-json\/wp\/v2\/posts\/138823\/revisions"}],"predecessor-version":[{"id":138838,"href":"https:\/\/corrientesdetarde.com\/index.php\/wp-json\/wp\/v2\/posts\/138823\/revisions\/138838"}],"wp:featuredmedia":[{"embeddable":true,"href":"https:\/\/corrientesdetarde.com\/index.php\/wp-json\/wp\/v2\/media\/138837"}],"wp:attachment":[{"href":"https:\/\/corrientesdetarde.com\/index.php\/wp-json\/wp\/v2\/media?parent=138823"}],"wp:term":[{"taxonomy":"category","embeddable":true,"href":"https:\/\/corrientesdetarde.com\/index.php\/wp-json\/wp\/v2\/categories?post=138823"},{"taxonomy":"post_tag","embeddable":true,"href":"https:\/\/corrientesdetarde.com\/index.php\/wp-json\/wp\/v2\/tags?post=138823"}],"curies":[{"name":"wp","href":"https:\/\/api.w.org\/{rel}","templated":true}]}}