{"id":138825,"date":"2024-04-09T09:23:37","date_gmt":"2024-04-09T12:23:37","guid":{"rendered":"https:\/\/corrientesdetarde.com\/?p=138825"},"modified":"2024-04-09T09:23:40","modified_gmt":"2024-04-09T12:23:40","slug":"cineastas-correntinas-presentan-el-film-el-ojo-del-monstruo-al-bafici","status":"publish","type":"post","link":"https:\/\/corrientesdetarde.com\/index.php\/cultura\/cineastas-correntinas-presentan-el-film-el-ojo-del-monstruo-al-bafici\/","title":{"rendered":"Cineastas correntinas presentan el film &#8220;El ojo del monstruo&#8221; al BAFICI"},"content":{"rendered":"\n<p>La industria audiovisual de la regi\u00f3n no est\u00e1 en su mejor momento. Sin embargo, el cortometraje &#8220;El ojo del monstruo&#8221;, trajo buenas noticias al confirmarse que fue seleccionada para participar del prestigioso Festival Internacional de Cine Independiente de Buenos Aires (BAFICI). El mismo fue realizado por un equipo liderado por cineastas correntinas.<\/p>\n\n\n\n<p>La obra que surgi\u00f3 como parte de una tesis final en la carrera de Realizaci\u00f3n Cinematogr\u00e1fica de la ENERC, sede NEA, promete dejar una marca indeleble en la pantalla grande, compitiendo por primera vez en la Secci\u00f3n Nacional. Escrito y dirigido por Mar\u00eda Luj\u00e1n Asc\u00fae, y producido por Ayel\u00e9n Loebarth, ambas talentosas cineastas correntinas. &#8220;El ojo del monstruo&#8221; es el resultado de un arduo trabajo en equipo que comenz\u00f3 como una idea propuesta en 2023 y culmin\u00f3 con su realizaci\u00f3n en octubre durante cinco jornadas de rodaje, terminando de posproducirse en diciembre de ese mismo a\u00f1o.<\/p>\n\n\n\n<p>&#8220;El ojo del monstruo&#8221; no solo se erige como un hito cinematogr\u00e1fico, &#8220;sino como un v\u00edvido testimonio del alma del Litoral argentino&#8221;, expresaron las realizadoras. Este logro no solo atestigua el talento y la dedicaci\u00f3n de j\u00f3venes cineastas de Corrientes, sino que tambi\u00e9n ilustra la identidad regional. &#8220;Esta participaci\u00f3n en el BAFICI no solo marca un momento importante en el cine, sino que tambi\u00e9n proyecta una luz singular sobre la riqueza de nuestras historias locales, nuestra manera de hablar y los paisajes que nos identifican&#8221;, aseguraron los protagonistas de esta producci\u00f3n.<\/p>\n\n\n\n<p>El BAFICI se llevar\u00e1 a cabo del 24 de abril al 5 de mayo de 2024 en la ciudad de Buenos Aires, donde &#8220;El ojo del monstruo&#8221; ser\u00e1 proyectado junto con otras destacadas obras del cine independiente nacional e internacional en las siguientes fechas: mi\u00e9rcoles 24, a las 21:30, en Lugones; viernes 26, a las 22, y domingo 28, a las 13:10, en Cine Arte Cacodelphia 3.<\/p>\n\n\n\n<h2 class=\"wp-block-heading\">Cine en Cultura<\/h2>\n\n\n\n<p>El Instituto de Cultura de Corrientes invita hoy, a las 21, al ciclo gratuito &#8220;Cine de los martes&#8221;, en el patio del organismo provincial, ubicado en San Juan 546. En esta oportunidad, el cine entrerriano llega a Corrientes. Hoy se proyectar\u00e1 la pel\u00edcula de Eduardo Crespo, &#8220;Nosotros nunca moriremos&#8221;.<\/p>\n\n\n\n<p>Sinopsis: Rodrigo y su madre viajan al pueblo donde acaba de morir su hermano mayor. Transitar\u00e1n los primeros tiempos del duelo. Rodrigo se ir\u00e1 asomando al dolor de los adultos e ir\u00e1 dejando la infancia. Su madre intentar\u00e1 revelar los misterios de esa muerte.<\/p>\n","protected":false},"excerpt":{"rendered":"<p>La industria audiovisual de la regi\u00f3n no est\u00e1 en su mejor momento. Sin embargo, el cortometraje &#8220;El ojo del monstruo&#8221;, trajo buenas noticias al confirmarse que fue seleccionada para participar&hellip; <\/p>\n","protected":false},"author":12,"featured_media":138833,"comment_status":"closed","ping_status":"open","sticky":false,"template":"","format":"standard","meta":{"footnotes":""},"categories":[15,1208],"tags":[],"class_list":["post-138825","post","type-post","status-publish","format-standard","has-post-thumbnail","hentry","category-cultura","category-eventossociedad"],"_links":{"self":[{"href":"https:\/\/corrientesdetarde.com\/index.php\/wp-json\/wp\/v2\/posts\/138825","targetHints":{"allow":["GET"]}}],"collection":[{"href":"https:\/\/corrientesdetarde.com\/index.php\/wp-json\/wp\/v2\/posts"}],"about":[{"href":"https:\/\/corrientesdetarde.com\/index.php\/wp-json\/wp\/v2\/types\/post"}],"author":[{"embeddable":true,"href":"https:\/\/corrientesdetarde.com\/index.php\/wp-json\/wp\/v2\/users\/12"}],"replies":[{"embeddable":true,"href":"https:\/\/corrientesdetarde.com\/index.php\/wp-json\/wp\/v2\/comments?post=138825"}],"version-history":[{"count":1,"href":"https:\/\/corrientesdetarde.com\/index.php\/wp-json\/wp\/v2\/posts\/138825\/revisions"}],"predecessor-version":[{"id":138834,"href":"https:\/\/corrientesdetarde.com\/index.php\/wp-json\/wp\/v2\/posts\/138825\/revisions\/138834"}],"wp:featuredmedia":[{"embeddable":true,"href":"https:\/\/corrientesdetarde.com\/index.php\/wp-json\/wp\/v2\/media\/138833"}],"wp:attachment":[{"href":"https:\/\/corrientesdetarde.com\/index.php\/wp-json\/wp\/v2\/media?parent=138825"}],"wp:term":[{"taxonomy":"category","embeddable":true,"href":"https:\/\/corrientesdetarde.com\/index.php\/wp-json\/wp\/v2\/categories?post=138825"},{"taxonomy":"post_tag","embeddable":true,"href":"https:\/\/corrientesdetarde.com\/index.php\/wp-json\/wp\/v2\/tags?post=138825"}],"curies":[{"name":"wp","href":"https:\/\/api.w.org\/{rel}","templated":true}]}}