{"id":138826,"date":"2024-04-09T09:21:22","date_gmt":"2024-04-09T12:21:22","guid":{"rendered":"https:\/\/corrientesdetarde.com\/?p=138826"},"modified":"2024-04-09T09:21:25","modified_gmt":"2024-04-09T12:21:25","slug":"el-gobernador-ratifico-su-respaldo-a-la-nueva-ley-bases-de-milei","status":"publish","type":"post","link":"https:\/\/corrientesdetarde.com\/index.php\/destacados\/el-gobernador-ratifico-su-respaldo-a-la-nueva-ley-bases-de-milei\/","title":{"rendered":"El Gobernador ratific\u00f3 su respaldo a la nueva Ley Bases de Milei"},"content":{"rendered":"\n<p>&#8220;S\u00ed, vamos a apoyar, vamos a acompa\u00f1ar la Ley de Bases&#8221;, asever\u00f3 ayer el gobernador, Gustavo Vald\u00e9s. Se espera que el Ejecutivo nacional remita el proyecto al Congreso en los pr\u00f3ximos d\u00edas, tras un encuentro con gobernadores de Juntos por el Cambio y con representantes del bloque que lidera Miguel \u00c1ngel Pichetto.<\/p>\n\n\n\n<p>Luego de tantas idas y vueltas con los mandatarios y cuestionamientos por las ca\u00eddas de las transferencias autom\u00e1ticas y no autom\u00e1ticas, que en Corrientes super\u00f3 el 80% en marzo, los gobernadores dialoguistas avanzar\u00e1n con el respaldo a la nueva Ley \u00d3mnibus. &#8220;Me parece que es una buena propuesta para Argentina. Me parece que es desburocratizar, comenzar a hablar de otras cuestiones que ven\u00edan complicando al pa\u00eds&#8221;, expres\u00f3 el titular del Ejecutivo provincial.<\/p>\n\n\n\n<p>&#8220;El Gobierno necesita tener nuevos instrumentos para salir a cambiar. Esta es la propuesta de cambio que votamos los argentinos y esta propuesta de cambio quiere tener su ley y nosotros vamos a acompa\u00f1arla&#8221;, reiter\u00f3 el correntino en di\u00e1logo con la prensa luego de la presentaci\u00f3n del plan de vacunaci\u00f3n contra el dengue en el Sal\u00f3n Amarillo de Casa de Gobierno .<\/p>\n\n\n\n<p>Luego de la reuni\u00f3n que mantuvieron los diez mandatarios de Juntos por el Cambio con el ministro del Interior, Guillermo Francos, el Gobierno nacional se hab\u00eda comprometido a enviar un borrador del proyecto a los representantes de las provincias. Vald\u00e9s, quien se hab\u00eda mostrado abierto a acompa\u00f1ar el Pacto de Mayo y la nueva versi\u00f3n de la Ley de Bases, ratific\u00f3 su postura de respaldar la iniciativa.<\/p>\n\n\n\n<p>Cabe mencionar que en la C\u00e1mara de Diputados tres de los siete legisladores nacionales por Corrientes responden al oficialismo provincial. Estos son los radicales Alfredo Vallejos y Manuel Aguirre; y la dirigente del PRO, Sof\u00eda Brambilla. En el caso del segundo, este mantiene sus diferencias con el Ejecutivo nacional luego de haber sido incluido en una suerte de &#8220;lista negra&#8221; por haber rechazado un solo art\u00edculo, por razones de t\u00e9cnica legislativa, del proyecto de la Ley \u00d3mnibus que naufrag\u00f3 en febrero pasado.<\/p>\n\n\n\n<p>En el Senado, dos de los tres representantes de Corrientes integran la bancada de la UCR. Estos son Gabriela Valenzuela y Eduardo Vischi, quien, a su vez, preside el bloque. Ambos acompa\u00f1aron el mega DNU de Javier Milei. Aunque, finalmente este fue rechazado por la mayor\u00eda de la C\u00e1mara alta nacional.<\/p>\n\n\n\n<p>En la C\u00e1mara baja, los sectores que aparec\u00edan en la misma &#8220;lista negra&#8221; de Aguirre, reanudaron las conversaciones para reflotar el proyecto. Ayer, los diputados de la bancada Hacemos Coalici\u00f3n Federal liderada por Pichetto, se reunieron con el jefe de Gabinete, Nicol\u00e1s Posse, Francos y el presidente del cuerpo, Mart\u00edn Menem. Adem\u00e1s, del excandidato a vicepresidente de Mauricio Macri, estuvieron presentes el cordob\u00e9s Ignacio Jos\u00e9 Garc\u00eda Aresca, el porte\u00f1o Ricardo L\u00f3pez Murphy (quien hab\u00eda sido tildado de traidor por Milei cuando estuvo en Corrientes) y los bonaerenses, Emilio Monz\u00f3, Nicol\u00e1s Massot, Florencio Randazzo y Margarita Stolbizer.<\/p>\n\n\n\n<p>El espacio cuenta con 22 miembros y es clave para que la iniciativa regrese al recinto luego de la verborragia del Presidente de la Naci\u00f3n cuando cay\u00f3 la propuesta original. Estos avanzaron con la Ley de Bases. Seg\u00fan trascendi\u00f3, el nuevo texto tendr\u00eda 269 art\u00edculos divididos en 11 t\u00edtulos. Pr\u00e1cticamente se redujo m\u00e1s de la mitad.<\/p>\n\n\n\n<p>El Gobierno reducir\u00eda las 11 declaraciones de emergencia a cuatro. Estas ser\u00edan administrativa, econ\u00f3mica, financiera y energ\u00e9tica. No se desestima una nueva reforma del Estado, con cap\u00edtulos de privatizaciones de empresas p\u00fablicas e incentivos para grandes inversiones.<\/p>\n\n\n\n<p>La restituci\u00f3n del impuesto a las Ganancias es uno de los principales focos de conflicto. Al menos para algunos gobernadores y diputados. Naci\u00f3n propone bajar el m\u00ednimo imponible a un ingreso de $1,6 millones. No obstante, ayer Gustavo Vald\u00e9s reiter\u00f3 que est\u00e1 de acuerdo con la propuesta. Esto generar\u00eda un mayor flujo de masa coparticipable para la provincia.<\/p>\n\n\n\n<p>&#8220;Esto ocurre en todos los pa\u00edses del mundo. Me parece que resultar\u00eda razonable poder colaborar y ver una Argentina m\u00e1s justa y equitativa&#8221;, expres\u00f3 el titular del Ejecutivo Provincial.<\/p>\n\n\n\n<h2 class=\"wp-block-heading\">Pacto de Mayo<\/h2>\n\n\n\n<p>Nuevamente, el Gobernador expres\u00f3 que apoyar\u00e1 el Pacto de Mayo, convocatoria que hizo el Presidente durante la apertura de sesiones ordinarias del Congreso. Esta plantea diez puntos. Los mandatarios buscaban incorporar otros \u00edtems, como el resguardo de la educaci\u00f3n p\u00fablica.<\/p>\n\n\n\n<p>&#8220;El 25 de mayo vamos a estar acompa\u00f1ando seguramente en l\u00edneas generales la firma para construir una nueva Argentina. Nosotros dec\u00edamos que el pa\u00eds ten\u00eda que cambiar y seguramente est\u00e1 esa propuesta de cambio y nosotros la vamos a estar acompa\u00f1ando. Por supuesto que tambi\u00e9n tenemos nuestra visi\u00f3n&#8221;, sostuvo el Mandatario.<\/p>\n\n\n\n<p>&#8220;Lo dije porque durante mucho tiempo nos trataron de aprestar con recursos, nos trataron de aprestar como correntinos y nosotros somos una provincia fundadora de la Naci\u00f3n Argentina que le dimos mucha sangre a este pa\u00eds. Por lo tanto, ese no es el camino&#8221;, asever\u00f3 Gustavo Vald\u00e9s.<\/p>\n\n\n\n<h2 class=\"wp-block-heading\">Obras<\/h2>\n\n\n\n<p>La obra p\u00fablica es otra de las preocupaciones de los gobernadores en general.<\/p>\n\n\n\n<p>En Corrientes, Vald\u00e9s indic\u00f3 que hay m\u00e1s de tres mil ejecuciones de Naci\u00f3n que est\u00e1n paralizadas.<\/p>\n\n\n\n<p>&#8220;Nosotros como provincia seguimos adelante con las obras p\u00fablicas&#8221;, indic\u00f3. A su vez, sostuvo que prepara un viaje a Alemania para ver las posibilidades que tienen los productos forestales de Corrientes. En este sentido record\u00f3 la misi\u00f3n comercial a Austria para la instalaci\u00f3n de la planta de AconTimber en Gobernador Virasoro.<\/p>\n","protected":false},"excerpt":{"rendered":"<p>&#8220;S\u00ed, vamos a apoyar, vamos a acompa\u00f1ar la Ley de Bases&#8221;, asever\u00f3 ayer el gobernador, Gustavo Vald\u00e9s. Se espera que el Ejecutivo nacional remita el proyecto al Congreso en los&hellip; <\/p>\n","protected":false},"author":12,"featured_media":138828,"comment_status":"closed","ping_status":"open","sticky":false,"template":"","format":"standard","meta":{"footnotes":""},"categories":[26],"tags":[],"class_list":["post-138826","post","type-post","status-publish","format-standard","has-post-thumbnail","hentry","category-destacados"],"_links":{"self":[{"href":"https:\/\/corrientesdetarde.com\/index.php\/wp-json\/wp\/v2\/posts\/138826","targetHints":{"allow":["GET"]}}],"collection":[{"href":"https:\/\/corrientesdetarde.com\/index.php\/wp-json\/wp\/v2\/posts"}],"about":[{"href":"https:\/\/corrientesdetarde.com\/index.php\/wp-json\/wp\/v2\/types\/post"}],"author":[{"embeddable":true,"href":"https:\/\/corrientesdetarde.com\/index.php\/wp-json\/wp\/v2\/users\/12"}],"replies":[{"embeddable":true,"href":"https:\/\/corrientesdetarde.com\/index.php\/wp-json\/wp\/v2\/comments?post=138826"}],"version-history":[{"count":1,"href":"https:\/\/corrientesdetarde.com\/index.php\/wp-json\/wp\/v2\/posts\/138826\/revisions"}],"predecessor-version":[{"id":138829,"href":"https:\/\/corrientesdetarde.com\/index.php\/wp-json\/wp\/v2\/posts\/138826\/revisions\/138829"}],"wp:featuredmedia":[{"embeddable":true,"href":"https:\/\/corrientesdetarde.com\/index.php\/wp-json\/wp\/v2\/media\/138828"}],"wp:attachment":[{"href":"https:\/\/corrientesdetarde.com\/index.php\/wp-json\/wp\/v2\/media?parent=138826"}],"wp:term":[{"taxonomy":"category","embeddable":true,"href":"https:\/\/corrientesdetarde.com\/index.php\/wp-json\/wp\/v2\/categories?post=138826"},{"taxonomy":"post_tag","embeddable":true,"href":"https:\/\/corrientesdetarde.com\/index.php\/wp-json\/wp\/v2\/tags?post=138826"}],"curies":[{"name":"wp","href":"https:\/\/api.w.org\/{rel}","templated":true}]}}