{"id":138941,"date":"2024-04-09T15:45:34","date_gmt":"2024-04-09T18:45:34","guid":{"rendered":"https:\/\/corrientesdetarde.com\/?p=138941"},"modified":"2024-04-09T15:49:44","modified_gmt":"2024-04-09T18:49:44","slug":"el-coprodis-entrego-muletas-y-planifico-capacitaciones-para-santa-lucia","status":"publish","type":"post","link":"https:\/\/corrientesdetarde.com\/index.php\/sociales\/el-coprodis-entrego-muletas-y-planifico-capacitaciones-para-santa-lucia\/","title":{"rendered":"El COPRODIS entreg\u00f3 muletas y planific\u00f3 capacitaciones para Santa Luc\u00eda"},"content":{"rendered":"\n<p>El Ministerio de Desarrollo Social trabaja en pos de las personas con discapacidad en articulaci\u00f3n con las distintas localidades de la provincia.<br>En esta ocasi\u00f3n, este lunes 8 la directora del COPRODIS,&nbsp;Roxana Tannuri, se reuni\u00f3 en las instalaciones de este organismo&nbsp;junto a la delegada,&nbsp;Maira Aquino, de Santa Lucia, y el concejal, Cesar Heine, con los cuales planific\u00f3 capacitaciones para la localidad, a fin de seguir fortaleciendo y brindando las herramientas necesarias para los profesionales de la misma.<\/p>\n\n\n\n<p>De esta manera, se busca continuar con el trabajo articulado a trav\u00e9s de la delegaci\u00f3n de Desarrollo Social asistiendo de forma directa a personas con discapacidad que requieran de elementos de ortopedia y que no poseen cobertura social.<\/p>\n\n\n\n<figure class=\"wp-block-image size-full\"><img loading=\"lazy\" decoding=\"async\" width=\"758\" height=\"948\" src=\"https:\/\/corrientesdetarde.com\/wp-content\/uploads\/2024\/04\/image-185.png\" alt=\"\" class=\"wp-image-138942\" srcset=\"https:\/\/corrientesdetarde.com\/wp-content\/uploads\/2024\/04\/image-185.png 758w, https:\/\/corrientesdetarde.com\/wp-content\/uploads\/2024\/04\/image-185-240x300.png 240w\" sizes=\"auto, (max-width: 758px) 100vw, 758px\" \/><\/figure>\n","protected":false},"excerpt":{"rendered":"<p>El Ministerio de Desarrollo Social trabaja en pos de las personas con discapacidad en articulaci\u00f3n con las distintas localidades de la provincia.En esta ocasi\u00f3n, este lunes 8 la directora del&hellip; <\/p>\n","protected":false},"author":8,"featured_media":138945,"comment_status":"closed","ping_status":"open","sticky":false,"template":"","format":"standard","meta":{"footnotes":""},"categories":[17],"tags":[],"class_list":["post-138941","post","type-post","status-publish","format-standard","has-post-thumbnail","hentry","category-sociales"],"_links":{"self":[{"href":"https:\/\/corrientesdetarde.com\/index.php\/wp-json\/wp\/v2\/posts\/138941","targetHints":{"allow":["GET"]}}],"collection":[{"href":"https:\/\/corrientesdetarde.com\/index.php\/wp-json\/wp\/v2\/posts"}],"about":[{"href":"https:\/\/corrientesdetarde.com\/index.php\/wp-json\/wp\/v2\/types\/post"}],"author":[{"embeddable":true,"href":"https:\/\/corrientesdetarde.com\/index.php\/wp-json\/wp\/v2\/users\/8"}],"replies":[{"embeddable":true,"href":"https:\/\/corrientesdetarde.com\/index.php\/wp-json\/wp\/v2\/comments?post=138941"}],"version-history":[{"count":1,"href":"https:\/\/corrientesdetarde.com\/index.php\/wp-json\/wp\/v2\/posts\/138941\/revisions"}],"predecessor-version":[{"id":138944,"href":"https:\/\/corrientesdetarde.com\/index.php\/wp-json\/wp\/v2\/posts\/138941\/revisions\/138944"}],"wp:featuredmedia":[{"embeddable":true,"href":"https:\/\/corrientesdetarde.com\/index.php\/wp-json\/wp\/v2\/media\/138945"}],"wp:attachment":[{"href":"https:\/\/corrientesdetarde.com\/index.php\/wp-json\/wp\/v2\/media?parent=138941"}],"wp:term":[{"taxonomy":"category","embeddable":true,"href":"https:\/\/corrientesdetarde.com\/index.php\/wp-json\/wp\/v2\/categories?post=138941"},{"taxonomy":"post_tag","embeddable":true,"href":"https:\/\/corrientesdetarde.com\/index.php\/wp-json\/wp\/v2\/tags?post=138941"}],"curies":[{"name":"wp","href":"https:\/\/api.w.org\/{rel}","templated":true}]}}