{"id":138952,"date":"2024-04-09T16:01:43","date_gmt":"2024-04-09T19:01:43","guid":{"rendered":"https:\/\/corrientesdetarde.com\/?p=138952"},"modified":"2024-04-09T16:01:55","modified_gmt":"2024-04-09T19:01:55","slug":"los-clubes-de-adultos-mayores-inauguraron-las-actividades-2024","status":"publish","type":"post","link":"https:\/\/corrientesdetarde.com\/index.php\/sociales\/los-clubes-de-adultos-mayores-inauguraron-las-actividades-2024\/","title":{"rendered":"Los Clubes de Adultos Mayores inauguraron las actividades 2024"},"content":{"rendered":"\n<p>M\u00e1s de 300 personas pertenecientes a los Clubes de Adultos Mayores vinculados al Ministerio de Desarrollo Social de la Provincia se reunieron en la Casa Paraguaya, este martes 9 por la ma\u00f1ana. De esta manera,&nbsp;con un gran baile, torta y sorteos, se dio inicio a las actividades de los Clubes de Adultos Mayores 2024.<\/p>\n\n\n\n<p>Se cont\u00f3 con la presencia del ministro de Desarrollo Social, Ad\u00e1n Gaya; la secretaria de Desarrollo Humano e Igualdad, Ver\u00f3nica Morales Maciel; la directora de Juventud, Clara Gortari;&nbsp;y la coordinadora del \u00c1rea de Adultos Mayores, Nelly Pintos.<\/p>\n\n\n\n<p>\u201cEste es un a\u00f1o de desaf\u00edos, sigamos trabajando del mismo modo pero con m\u00e1s ganas, cada a\u00f1o tenemos que ser mejores, la uni\u00f3n hace la fuerza se sale adelante juntos, nada mejor en esta vida que compartir, ser amigos ayuda a tener las fuerzas para seguir adelante\u201d, expres\u00f3 el ministro Ad\u00e1n Gaya en la ocasi\u00f3n.<\/p>\n\n\n\n<p>Durante la jornada, Nelly Pintos, coordinadora del \u00c1rea de Adultos Mayores declar\u00f3 que&nbsp;\u201ceste es un a\u00f1o m\u00e1s de desaf\u00edo y en ese desaf\u00edo hay numerosas actividades que tenemos por hacer, hoy damos inicio formalmente a las actividades de los Clubes de Adultos Mayores para este 202\u201d, y agreg\u00f3 que \u201cdesde este Ministerio, destacando el acompa\u00f1amiento del Ministro Ad\u00e1n Gaya y el trabajo en equipo con todas las \u00e1reas del Ministerio\u201d.<\/p>\n\n\n\n<p>Por su parte, la secretaria de Desarrollo Humano e Igualdad, Ver\u00f3nica Morales Maciel, resalt\u00f3 que \u201ces muy contagioso compartir con los adultos mayores, irradian una energ\u00eda incre\u00edble, eso es lo que nos queda tratar de brindarles lo mejor y disfrutar de la vida\u201d.<\/p>\n\n\n\n<p>La jornada estuvo organizada por el \u00c1rea de Adultos Mayores dependiente de la Direcci\u00f3n de los Derechos de la Ni\u00f1ez y la Familia.<\/p>\n\n\n\n<p>Estos Clubes, que son gratuitos, funcionan en distintos barrios de la Capital correntina y congregan a personas mayores de 60 a\u00f1os.<\/p>\n\n\n\n<p>Actualmente el Ministerio trabaja con veinte Clubes donde&nbsp; se realizan &nbsp;actividades recreativas, culturales&nbsp; de formaci\u00f3n y desarrollo humano.<\/p>\n\n\n\n<figure class=\"wp-block-image size-large\"><img loading=\"lazy\" decoding=\"async\" width=\"1024\" height=\"457\" src=\"https:\/\/corrientesdetarde.com\/wp-content\/uploads\/2024\/04\/image-188-1024x457.png\" alt=\"\" class=\"wp-image-138953\" srcset=\"https:\/\/corrientesdetarde.com\/wp-content\/uploads\/2024\/04\/image-188-1024x457.png 1024w, https:\/\/corrientesdetarde.com\/wp-content\/uploads\/2024\/04\/image-188-300x134.png 300w, https:\/\/corrientesdetarde.com\/wp-content\/uploads\/2024\/04\/image-188-768x343.png 768w, https:\/\/corrientesdetarde.com\/wp-content\/uploads\/2024\/04\/image-188.png 1040w\" sizes=\"auto, (max-width: 1024px) 100vw, 1024px\" \/><\/figure>\n\n\n\n<figure class=\"wp-block-image size-large\"><img loading=\"lazy\" decoding=\"async\" width=\"1024\" height=\"457\" src=\"https:\/\/corrientesdetarde.com\/wp-content\/uploads\/2024\/04\/image-189-1024x457.png\" alt=\"\" class=\"wp-image-138954\" srcset=\"https:\/\/corrientesdetarde.com\/wp-content\/uploads\/2024\/04\/image-189-1024x457.png 1024w, https:\/\/corrientesdetarde.com\/wp-content\/uploads\/2024\/04\/image-189-300x134.png 300w, https:\/\/corrientesdetarde.com\/wp-content\/uploads\/2024\/04\/image-189-768x343.png 768w, https:\/\/corrientesdetarde.com\/wp-content\/uploads\/2024\/04\/image-189.png 1040w\" sizes=\"auto, (max-width: 1024px) 100vw, 1024px\" \/><\/figure>\n\n\n\n<figure class=\"wp-block-image size-large\"><img loading=\"lazy\" decoding=\"async\" width=\"1024\" height=\"457\" src=\"https:\/\/corrientesdetarde.com\/wp-content\/uploads\/2024\/04\/image-190-1024x457.png\" alt=\"\" class=\"wp-image-138955\" srcset=\"https:\/\/corrientesdetarde.com\/wp-content\/uploads\/2024\/04\/image-190-1024x457.png 1024w, https:\/\/corrientesdetarde.com\/wp-content\/uploads\/2024\/04\/image-190-300x134.png 300w, https:\/\/corrientesdetarde.com\/wp-content\/uploads\/2024\/04\/image-190-768x343.png 768w, https:\/\/corrientesdetarde.com\/wp-content\/uploads\/2024\/04\/image-190.png 1040w\" sizes=\"auto, (max-width: 1024px) 100vw, 1024px\" \/><\/figure>\n\n\n\n<figure class=\"wp-block-image size-large\"><img loading=\"lazy\" decoding=\"async\" width=\"1024\" height=\"457\" src=\"https:\/\/corrientesdetarde.com\/wp-content\/uploads\/2024\/04\/image-192-1024x457.png\" alt=\"\" class=\"wp-image-138957\" srcset=\"https:\/\/corrientesdetarde.com\/wp-content\/uploads\/2024\/04\/image-192-1024x457.png 1024w, https:\/\/corrientesdetarde.com\/wp-content\/uploads\/2024\/04\/image-192-300x134.png 300w, https:\/\/corrientesdetarde.com\/wp-content\/uploads\/2024\/04\/image-192-768x343.png 768w, https:\/\/corrientesdetarde.com\/wp-content\/uploads\/2024\/04\/image-192.png 1040w\" sizes=\"auto, (max-width: 1024px) 100vw, 1024px\" \/><\/figure>\n","protected":false},"excerpt":{"rendered":"<p>M\u00e1s de 300 personas pertenecientes a los Clubes de Adultos Mayores vinculados al Ministerio de Desarrollo Social de la Provincia se reunieron en la Casa Paraguaya, este martes 9 por&hellip; <\/p>\n","protected":false},"author":8,"featured_media":138956,"comment_status":"closed","ping_status":"open","sticky":false,"template":"","format":"standard","meta":{"footnotes":""},"categories":[17],"tags":[],"class_list":["post-138952","post","type-post","status-publish","format-standard","has-post-thumbnail","hentry","category-sociales"],"_links":{"self":[{"href":"https:\/\/corrientesdetarde.com\/index.php\/wp-json\/wp\/v2\/posts\/138952","targetHints":{"allow":["GET"]}}],"collection":[{"href":"https:\/\/corrientesdetarde.com\/index.php\/wp-json\/wp\/v2\/posts"}],"about":[{"href":"https:\/\/corrientesdetarde.com\/index.php\/wp-json\/wp\/v2\/types\/post"}],"author":[{"embeddable":true,"href":"https:\/\/corrientesdetarde.com\/index.php\/wp-json\/wp\/v2\/users\/8"}],"replies":[{"embeddable":true,"href":"https:\/\/corrientesdetarde.com\/index.php\/wp-json\/wp\/v2\/comments?post=138952"}],"version-history":[{"count":1,"href":"https:\/\/corrientesdetarde.com\/index.php\/wp-json\/wp\/v2\/posts\/138952\/revisions"}],"predecessor-version":[{"id":138958,"href":"https:\/\/corrientesdetarde.com\/index.php\/wp-json\/wp\/v2\/posts\/138952\/revisions\/138958"}],"wp:featuredmedia":[{"embeddable":true,"href":"https:\/\/corrientesdetarde.com\/index.php\/wp-json\/wp\/v2\/media\/138956"}],"wp:attachment":[{"href":"https:\/\/corrientesdetarde.com\/index.php\/wp-json\/wp\/v2\/media?parent=138952"}],"wp:term":[{"taxonomy":"category","embeddable":true,"href":"https:\/\/corrientesdetarde.com\/index.php\/wp-json\/wp\/v2\/categories?post=138952"},{"taxonomy":"post_tag","embeddable":true,"href":"https:\/\/corrientesdetarde.com\/index.php\/wp-json\/wp\/v2\/tags?post=138952"}],"curies":[{"name":"wp","href":"https:\/\/api.w.org\/{rel}","templated":true}]}}