{"id":138959,"date":"2024-04-09T16:11:25","date_gmt":"2024-04-09T19:11:25","guid":{"rendered":"https:\/\/corrientesdetarde.com\/?p=138959"},"modified":"2024-04-09T16:11:29","modified_gmt":"2024-04-09T19:11:29","slug":"hinchas-de-central-se-perdieron-yendo-a-brasil-se-quedaron-sin-combustible-y-el-desenlace-fue-increible","status":"publish","type":"post","link":"https:\/\/corrientesdetarde.com\/index.php\/deportes\/hinchas-de-central-se-perdieron-yendo-a-brasil-se-quedaron-sin-combustible-y-el-desenlace-fue-increible\/","title":{"rendered":"Hinchas de Central se perdieron yendo a Brasil, se quedaron sin combustible y el desenlace fue incre\u00edble"},"content":{"rendered":"\n<p>El equipo rosarino enfrentar\u00e1 este mi\u00e9rcoles a Atl\u00e9tico Mineiro por la segunda fecha de la fase de grupos de la Copa Libertadores.<\/p>\n\n\n\n<p>Rosario Central enfrentar\u00e1 este mi\u00e9rcoles a\u00a0<strong>Atl\u00e9tico Mineiro<\/strong>\u00a0por la segunda fecha de la fase de grupos de la\u00a0Copa Libertadores. Tras el triunfo ante Pe\u00f1arol en la primera jornada, varios hinchas del Canalla<strong>\u00a0viajan a Brasil para\u00a0<\/strong>alentar a su equipo frente al campe\u00f3n del\u00a0<strong>Torneo Mineirao estadual.<\/strong><\/p>\n\n\n\n<p>Mientras que algunos fueron en avi\u00f3n, otros optaron por la v\u00eda terrestre. Ese fue el caso de un grupo de simpatizantes que viaj\u00f3 en micro desde Rosario y&nbsp;<strong>rumbo a Belo Horizonte se equivocaron de camino<\/strong>&nbsp;y&nbsp;<strong>se quedaron sin combustible.<\/strong><\/p>\n\n\n\n<p>Pero en ese momento, cuando todo parec\u00eda complicarse, apareci\u00f3 un brasile\u00f1o con su auto que<strong>&nbsp;se ofreci\u00f3 a llevarlos a una estaci\u00f3n de servicio cercana<\/strong>&nbsp;para que pudieran&nbsp;<strong>cargar combustible en bidones<\/strong>&nbsp;y, de esa manera, continuar el viaje.<\/p>\n\n\n\n<p>Los hinchas pudieron recargar el tanque del micro y le agradecieron al joven brasile\u00f1o de una manera muy especial: le&nbsp;<strong>regalaron una camiseta de Rosario Central&nbsp;<\/strong>(que se puso de inmediato) y le<strong>&nbsp;dedicaron una canci\u00f3n<\/strong>.<\/p>\n\n\n\n<h2 class=\"wp-block-heading\">\u201cLo que hiciste por Central no se olvida en la vida\u201d<\/h2>\n\n\n\n<p>\u201c<strong>Muchas gracias, brazuca, muchas gracias, brazuca, vos nos diste la nafta, vos nos diste alegr\u00eda, lo que hiciste por Central, no se olvida en la vida<\/strong>\u201d, cantaron los fan\u00e1ticos del Canalla, mientras abrazaban al brasile\u00f1o que los salv\u00f3.<\/p>\n\n\n\n<figure class=\"wp-block-image\"><img decoding=\"async\" src=\"https:\/\/tn.com.ar\/resizer\/k172Yr0l8SylgWzs1IsX0SXURmE=\/767x0\/smart\/filters:format(webp)\/cloudfront-us-east-1.images.arcpublishing.com\/artear\/D4MWVKWCWJH3DO2AHVYOJI43NE.jpg\" alt=\"Rosario Central viene de derrotar a Pe\u00f1arol en la primera fecha de la Copa Libertadores (Foto: AFP).\"\/><\/figure>\n\n\n\n<p>El video del incre\u00edble momento fue publicado por la cuenta de X&nbsp;<em>@ArroyitoRC<\/em>, que detall\u00f3: \u201cEquivocaci\u00f3n de camino por parte de uno de los colectivos que est\u00e1 en camino a Belo Horizonte y quedarse sin combustible. Un brasile\u00f1o&nbsp;<em>random<\/em>&nbsp;apareci\u00f3,<strong>&nbsp;como una especie de Dios<\/strong>, y salv\u00f3 a la canallada que ya se encuentra en viaje nuevamente. El agradecimiento al brazuca\u201d.<\/p>\n\n\n\n<p><\/p>\n","protected":false},"excerpt":{"rendered":"<p>El equipo rosarino enfrentar\u00e1 este mi\u00e9rcoles a Atl\u00e9tico Mineiro por la segunda fecha de la fase de grupos de la Copa Libertadores. Rosario Central enfrentar\u00e1 este mi\u00e9rcoles a\u00a0Atl\u00e9tico Mineiro\u00a0por la&hellip; <\/p>\n","protected":false},"author":8,"featured_media":138961,"comment_status":"closed","ping_status":"open","sticky":false,"template":"","format":"standard","meta":{"footnotes":""},"categories":[4],"tags":[],"class_list":["post-138959","post","type-post","status-publish","format-standard","has-post-thumbnail","hentry","category-deportes"],"_links":{"self":[{"href":"https:\/\/corrientesdetarde.com\/index.php\/wp-json\/wp\/v2\/posts\/138959","targetHints":{"allow":["GET"]}}],"collection":[{"href":"https:\/\/corrientesdetarde.com\/index.php\/wp-json\/wp\/v2\/posts"}],"about":[{"href":"https:\/\/corrientesdetarde.com\/index.php\/wp-json\/wp\/v2\/types\/post"}],"author":[{"embeddable":true,"href":"https:\/\/corrientesdetarde.com\/index.php\/wp-json\/wp\/v2\/users\/8"}],"replies":[{"embeddable":true,"href":"https:\/\/corrientesdetarde.com\/index.php\/wp-json\/wp\/v2\/comments?post=138959"}],"version-history":[{"count":1,"href":"https:\/\/corrientesdetarde.com\/index.php\/wp-json\/wp\/v2\/posts\/138959\/revisions"}],"predecessor-version":[{"id":138962,"href":"https:\/\/corrientesdetarde.com\/index.php\/wp-json\/wp\/v2\/posts\/138959\/revisions\/138962"}],"wp:featuredmedia":[{"embeddable":true,"href":"https:\/\/corrientesdetarde.com\/index.php\/wp-json\/wp\/v2\/media\/138961"}],"wp:attachment":[{"href":"https:\/\/corrientesdetarde.com\/index.php\/wp-json\/wp\/v2\/media?parent=138959"}],"wp:term":[{"taxonomy":"category","embeddable":true,"href":"https:\/\/corrientesdetarde.com\/index.php\/wp-json\/wp\/v2\/categories?post=138959"},{"taxonomy":"post_tag","embeddable":true,"href":"https:\/\/corrientesdetarde.com\/index.php\/wp-json\/wp\/v2\/tags?post=138959"}],"curies":[{"name":"wp","href":"https:\/\/api.w.org\/{rel}","templated":true}]}}