{"id":138963,"date":"2024-04-09T16:16:20","date_gmt":"2024-04-09T19:16:20","guid":{"rendered":"https:\/\/corrientesdetarde.com\/?p=138963"},"modified":"2024-04-09T16:16:31","modified_gmt":"2024-04-09T19:16:31","slug":"llego-al-pais-un-nuevo-enviado-del-gobierno-de-estados-unidos-quien-es","status":"publish","type":"post","link":"https:\/\/corrientesdetarde.com\/index.php\/politica\/llego-al-pais-un-nuevo-enviado-del-gobierno-de-estados-unidos-quien-es\/","title":{"rendered":"Lleg\u00f3 al pa\u00eds un nuevo enviado del Gobierno de Estados Unidos: qui\u00e9n es"},"content":{"rendered":"\n<p>Se trata del Subsecretario de Estado Adjunto para el Cono Sur que mantendr\u00e1 encuentros con distintos funcionarios.<\/p>\n\n\n\n<p>Este marte Arrib\u00f3 al pa\u00eds&nbsp;<strong>Kevin Sullivan,<\/strong>&nbsp;el subsecretario de Estado Adjunto para el Cono Sur de&nbsp;<strong>Estados Unidos<\/strong>, para tener una serie de reuniones con funcionarios del Gobierno nacional y distintos pol\u00edticos argentinos.<\/p>\n\n\n\n<p>Este martes el funcionario estadounidense mantuvo un encuentro con el presidente de la C\u00e1mara de Diputados, Mart\u00edn Menem, en el Sal\u00f3n Azul del Congreso. Adem\u00e1s, se\u00f1alaron que Sullivan se mostr\u00f3 interesado en las reformas econ\u00f3micas que est\u00e1 realizando Javier Milei y manifest\u00f3 su apoyo para promover inversiones en el pa\u00eds.<\/p>\n\n\n\n<p>En este contexto, el riojano le explic\u00f3 los planes del oficialismo y el tratamiento legislativo que esperan dar con la nueva Ley de Bases:&nbsp;<strong>\u201cQueremos trabajar en modernizar la leyes laborales y realizar reformas duraderas\u201d<\/strong>, coment\u00f3.<\/p>\n\n\n\n<p>La visita de Sullivan a Argentina le sigue a la reciente estad\u00eda de la jefa del Comando Sur de Estados Unidos, Laura Richardson, lo que refleja un esfuerzo para fortalecer los lazos con Argentina.<\/p>\n","protected":false},"excerpt":{"rendered":"<p>Se trata del Subsecretario de Estado Adjunto para el Cono Sur que mantendr\u00e1 encuentros con distintos funcionarios. Este marte Arrib\u00f3 al pa\u00eds&nbsp;Kevin Sullivan,&nbsp;el subsecretario de Estado Adjunto para el Cono&hellip; <\/p>\n","protected":false},"author":8,"featured_media":138964,"comment_status":"closed","ping_status":"open","sticky":false,"template":"","format":"standard","meta":{"footnotes":""},"categories":[3],"tags":[],"class_list":["post-138963","post","type-post","status-publish","format-standard","has-post-thumbnail","hentry","category-politica"],"_links":{"self":[{"href":"https:\/\/corrientesdetarde.com\/index.php\/wp-json\/wp\/v2\/posts\/138963","targetHints":{"allow":["GET"]}}],"collection":[{"href":"https:\/\/corrientesdetarde.com\/index.php\/wp-json\/wp\/v2\/posts"}],"about":[{"href":"https:\/\/corrientesdetarde.com\/index.php\/wp-json\/wp\/v2\/types\/post"}],"author":[{"embeddable":true,"href":"https:\/\/corrientesdetarde.com\/index.php\/wp-json\/wp\/v2\/users\/8"}],"replies":[{"embeddable":true,"href":"https:\/\/corrientesdetarde.com\/index.php\/wp-json\/wp\/v2\/comments?post=138963"}],"version-history":[{"count":1,"href":"https:\/\/corrientesdetarde.com\/index.php\/wp-json\/wp\/v2\/posts\/138963\/revisions"}],"predecessor-version":[{"id":138965,"href":"https:\/\/corrientesdetarde.com\/index.php\/wp-json\/wp\/v2\/posts\/138963\/revisions\/138965"}],"wp:featuredmedia":[{"embeddable":true,"href":"https:\/\/corrientesdetarde.com\/index.php\/wp-json\/wp\/v2\/media\/138964"}],"wp:attachment":[{"href":"https:\/\/corrientesdetarde.com\/index.php\/wp-json\/wp\/v2\/media?parent=138963"}],"wp:term":[{"taxonomy":"category","embeddable":true,"href":"https:\/\/corrientesdetarde.com\/index.php\/wp-json\/wp\/v2\/categories?post=138963"},{"taxonomy":"post_tag","embeddable":true,"href":"https:\/\/corrientesdetarde.com\/index.php\/wp-json\/wp\/v2\/tags?post=138963"}],"curies":[{"name":"wp","href":"https:\/\/api.w.org\/{rel}","templated":true}]}}