{"id":139168,"date":"2024-04-10T11:04:32","date_gmt":"2024-04-10T14:04:32","guid":{"rendered":"https:\/\/corrientesdetarde.com\/?p=139168"},"modified":"2024-04-10T11:04:43","modified_gmt":"2024-04-10T14:04:43","slug":"corrientes-entro-en-contramano-a-cargar-combustible-y-choco-a-otra-moto","status":"publish","type":"post","link":"https:\/\/corrientesdetarde.com\/index.php\/policiales\/corrientes-entro-en-contramano-a-cargar-combustible-y-choco-a-otra-moto\/","title":{"rendered":"Corrientes: entr\u00f3 en contramano a cargar combustible y choc\u00f3 a otra moto"},"content":{"rendered":"\n<p>Dos motociclistas resultaron heridos y debieron ser trasladados al hospital. Hubo demoras en el tr\u00e1nsito.\u00a0<a href=\"https:\/\/api.whatsapp.com\/send?text=Corrientes:%20entr%C3%B3%20en%20contramano%20a%20cargar%20combustible%20y%20choc%C3%B3%20a%20otra%20moto%20-%20https:\/\/www.diarioepoca.com\/1316755-corrientes-entro-en-contramano-a-cargar-combustible-y-choco-a-otra-moto?utm_source=WhatsApp%26utm_medium=WhatsApp%26utm_campaign=WhatsApp%26utm_term=WhatsApp\" target=\"_blank\" rel=\"noreferrer noopener\"><\/a><a href=\"https:\/\/www.diarioepoca.com\/1316755-corrientes-entro-en-contramano-a-cargar-combustible-y-choco-a-otra-moto#\"><\/a><a href=\"https:\/\/www.diarioepoca.com\/1316755-corrientes-entro-en-contramano-a-cargar-combustible-y-choco-a-otra-moto#\"><\/a><\/p>\n\n\n\n<p>En la ma\u00f1ana de este mi\u00e9rcoles se produjo una violenta colisi\u00f3n entre dos motocicletas, una 110 cc y una XR 150, en la intersecci\u00f3n de avenidas JR Fern\u00e1ndez y Libertad. Seg\u00fan las primeras informaciones, el conductor de la moto de menor cilindrada ingres\u00f3 a gran velocidad, en contramano, a la estaci\u00f3n de servicio ubicada en las inmediaciones y choc\u00f3 a la otra motocicleta que era guiada por un hombre mayor.&nbsp;<\/p>\n\n\n\n<p>Ambos conductores resultaron heridos y debieron ser trasladados al hospital.<\/p>\n\n\n\n<p>De acuerdo a las im\u00e1genes, la moto de 110 cc result\u00f3 con da\u00f1os totales por la violencia del impacto.&nbsp;<\/p>\n\n\n\n<p>El tr\u00e1nsito estuvo con demoras y trabajaron en el lugar efectivos policiales de la Comisar\u00eda Sexta.\u00a0\u00a0<\/p>\n\n\n\n<p><\/p>\n","protected":false},"excerpt":{"rendered":"<p>Dos motociclistas resultaron heridos y debieron ser trasladados al hospital. Hubo demoras en el tr\u00e1nsito.\u00a0 En la ma\u00f1ana de este mi\u00e9rcoles se produjo una violenta colisi\u00f3n entre dos motocicletas, una&hellip; <\/p>\n","protected":false},"author":12,"featured_media":92991,"comment_status":"closed","ping_status":"open","sticky":false,"template":"","format":"standard","meta":{"footnotes":""},"categories":[33],"tags":[],"class_list":["post-139168","post","type-post","status-publish","format-standard","has-post-thumbnail","hentry","category-policiales"],"_links":{"self":[{"href":"https:\/\/corrientesdetarde.com\/index.php\/wp-json\/wp\/v2\/posts\/139168","targetHints":{"allow":["GET"]}}],"collection":[{"href":"https:\/\/corrientesdetarde.com\/index.php\/wp-json\/wp\/v2\/posts"}],"about":[{"href":"https:\/\/corrientesdetarde.com\/index.php\/wp-json\/wp\/v2\/types\/post"}],"author":[{"embeddable":true,"href":"https:\/\/corrientesdetarde.com\/index.php\/wp-json\/wp\/v2\/users\/12"}],"replies":[{"embeddable":true,"href":"https:\/\/corrientesdetarde.com\/index.php\/wp-json\/wp\/v2\/comments?post=139168"}],"version-history":[{"count":1,"href":"https:\/\/corrientesdetarde.com\/index.php\/wp-json\/wp\/v2\/posts\/139168\/revisions"}],"predecessor-version":[{"id":139176,"href":"https:\/\/corrientesdetarde.com\/index.php\/wp-json\/wp\/v2\/posts\/139168\/revisions\/139176"}],"wp:featuredmedia":[{"embeddable":true,"href":"https:\/\/corrientesdetarde.com\/index.php\/wp-json\/wp\/v2\/media\/92991"}],"wp:attachment":[{"href":"https:\/\/corrientesdetarde.com\/index.php\/wp-json\/wp\/v2\/media?parent=139168"}],"wp:term":[{"taxonomy":"category","embeddable":true,"href":"https:\/\/corrientesdetarde.com\/index.php\/wp-json\/wp\/v2\/categories?post=139168"},{"taxonomy":"post_tag","embeddable":true,"href":"https:\/\/corrientesdetarde.com\/index.php\/wp-json\/wp\/v2\/tags?post=139168"}],"curies":[{"name":"wp","href":"https:\/\/api.w.org\/{rel}","templated":true}]}}