{"id":139226,"date":"2024-04-10T13:46:53","date_gmt":"2024-04-10T16:46:53","guid":{"rendered":"https:\/\/corrientesdetarde.com\/?p=139226"},"modified":"2024-04-10T13:47:05","modified_gmt":"2024-04-10T16:47:05","slug":"volvio-con-masividad-mascotas-saludables-los-correntinos-aman-a-sus-animales-son-su-familia-y-vamos-a-acompanarlos-en-sus-cuidados","status":"publish","type":"post","link":"https:\/\/corrientesdetarde.com\/index.php\/sociales\/volvio-con-masividad-mascotas-saludables-los-correntinos-aman-a-sus-animales-son-su-familia-y-vamos-a-acompanarlos-en-sus-cuidados\/","title":{"rendered":"Volvi\u00f3 con masividad Mascotas Saludables: \u201cLos correntinos aman a sus animales, son su familia y vamos a acompa\u00f1arlos en sus cuidados\u201d"},"content":{"rendered":"\n<p><em>El intendente particip\u00f3 del primer operativo del a\u00f1o de atenci\u00f3n a las mascotas del barrio Laguna Seca, donde se reuni\u00f3 con vecinos, gatos y perros de todas las razas y tama\u00f1os. Adem\u00e1s de chequeos se realiza vacunaci\u00f3n, desparasitaci\u00f3n y esterilizaciones. Todos los servicios son gratuitos.<\/em><\/p>\n\n\n\n<p>Esta ma\u00f1ana el intendente Eduardo Tassano acompa\u00f1\u00f3 el relanzamiento 2024 del programa Mascotas Saludables en el barrio Laguna Seca, donde se brindaron cuidados y atenci\u00f3n gratuita a las mascotas.<br>\u201cEs uno de los servicios municipales de los m\u00e1s demandados, lo que demuestra la importancia que tiene para nosotros los correntinos que nuestras mascotas est\u00e9n bien. El bienestar de la ciudad es tambi\u00e9n el cuidado de los animales\u201d, ratific\u00f3 Tassano al participar de este primer operativo del a\u00f1o. A la vez, record\u00f3 que \u201ces un trabajo que se realizar\u00e1 todo el a\u00f1o en todos los barrios. Es un servicio constante\u201d.<br>Se trata de una jornada convocante para los vecinos, que seg\u00fan Tassano \u201cnos hacen entender que los correntinos aman a sus mascotas; los sienten parte de la familia y vamos ayudar a cuidarlos a trav\u00e9s del programa, que visitar\u00e1 los diferentes barrios de la ciudad dos veces por semana\u201d, ratific\u00f3 el intendente.<br><br>EL PROGRAMA M\u00c1S POPULAR<br>La iniciativa comunal busca promover la tenencia responsable de los animales y para esto se pone a disposici\u00f3n profesionales y personal de la Direcci\u00f3n General de Zoonosis, que llevan adelante controles de salud a mascotas, vacunaci\u00f3n y desparasitaci\u00f3n. Tambi\u00e9n se realizan castraciones, que deben ser solicitadas previamente v\u00eda web.<br>El programa es uno de los m\u00e1s demandados por los vecinos de los distintos barrios y la importante concurrencia en el Laguna Seca lo ratific\u00f3. Ya el a\u00f1o pasado las prestaciones veterinarias gratuitas asistieron a m\u00e1s de 15.000 animales.<br>Para el viernes est\u00e1n programadas atenciones de Mascotas Saludables en el Molina Punta.<br><br>N\u00daMEROS DE LOS OPERATIVOS<br>Por su parte, el director general de Zoonosis, Ricardo S\u00e1nchez coment\u00f3 que \u201cestamos en un a\u00f1o m\u00e1s llevando el servicio gratuito a los vecinos\u201d.<br>En ese sentido, detall\u00f3 que el cupo que se brinda por barrio ronda a los 45 cupos por operativo, donde se llevan adelante 75 castraciones y alrededor de 150 vacunaciones y desparasitaciones a diferentes animales.<br>Adem\u00e1s, recomend\u00f3 a los due\u00f1os de las mascotas que cumplan con los planes de vacunaci\u00f3n y realizarles atenciones veterinarias peri\u00f3dicas.<br><br>TURNOS<br>En cuanto a esterilizaciones (castraciones), vale especificar, los interesados deben solicitar turnos en la p\u00e1gina web:&nbsp;<a href=\"http:\/\/www.ciudaddecorrientes.gov.ar\/mascotassaludables\" target=\"_blank\" rel=\"noreferrer noopener\">www.ciudaddecorrientes.gov.ar\/mascotassaludables<\/a>&nbsp;donde tienen que registrar sus datos personales y los de su mascota.<br>Las atenciones se brindan en tres turnos, que inician a las 8, contin\u00faa a las 9:30 y finaliza a las 11.<br><br>CRONOGRAMA MENSUAL<br>Viernes 12: barrio Molina Punta (calles Las Margaritas y Ca\u00e1 Cat\u00ed)<br>Mi\u00e9rcoles 17: barrio Pirayu\u00ed Viejo (calles Cuba y Ojeda, en Delegaci\u00f3n Municipal)<br>Viernes 19: barrio Ba\u00f1ado Norte (V\u00e9lez Sarsfield y Guido Spano, en Delegaci\u00f3n Municipal)<br>Mi\u00e9rcoles 24: barrio Laguna Brava (en plaza Madariaga, en Mocito Acu\u00f1a y Calle 6)<br>Viernes 26: barrio Santa Mar\u00eda (en calle R\u00edo Limay y Congreso)<br>Martes 30: barrio Independencia (en Calle Leloir 1900, en la Delegaci\u00f3n Municipal).<\/p>\n\n\n\n<figure class=\"wp-block-embed is-type-video is-provider-youtube wp-block-embed-youtube wp-embed-aspect-16-9 wp-has-aspect-ratio\"><div class=\"wp-block-embed__wrapper\">\n<iframe loading=\"lazy\" title=\"Con enorme concurrencia de vecinos, el Municipio llev\u00f3 Mascotas Saludables al Laguna Seca\" width=\"1110\" height=\"624\" src=\"https:\/\/www.youtube.com\/embed\/AcQ9wttBiLI?feature=oembed\" frameborder=\"0\" allow=\"accelerometer; autoplay; clipboard-write; encrypted-media; gyroscope; picture-in-picture; web-share\" referrerpolicy=\"strict-origin-when-cross-origin\" allowfullscreen><\/iframe>\n<\/div><\/figure>\n\n\n\n<figure class=\"wp-block-image size-large\"><img loading=\"lazy\" decoding=\"async\" width=\"1024\" height=\"682\" src=\"https:\/\/corrientesdetarde.com\/wp-content\/uploads\/2024\/04\/image-211-1024x682.png\" alt=\"\" class=\"wp-image-139227\" srcset=\"https:\/\/corrientesdetarde.com\/wp-content\/uploads\/2024\/04\/image-211-1024x682.png 1024w, https:\/\/corrientesdetarde.com\/wp-content\/uploads\/2024\/04\/image-211-300x200.png 300w, https:\/\/corrientesdetarde.com\/wp-content\/uploads\/2024\/04\/image-211-768x512.png 768w, https:\/\/corrientesdetarde.com\/wp-content\/uploads\/2024\/04\/image-211.png 1280w\" sizes=\"auto, (max-width: 1024px) 100vw, 1024px\" \/><\/figure>\n\n\n\n<figure class=\"wp-block-image size-large\"><img loading=\"lazy\" decoding=\"async\" width=\"1024\" height=\"682\" src=\"https:\/\/corrientesdetarde.com\/wp-content\/uploads\/2024\/04\/image-212-1024x682.png\" alt=\"\" class=\"wp-image-139228\" srcset=\"https:\/\/corrientesdetarde.com\/wp-content\/uploads\/2024\/04\/image-212-1024x682.png 1024w, https:\/\/corrientesdetarde.com\/wp-content\/uploads\/2024\/04\/image-212-300x200.png 300w, https:\/\/corrientesdetarde.com\/wp-content\/uploads\/2024\/04\/image-212-768x512.png 768w, https:\/\/corrientesdetarde.com\/wp-content\/uploads\/2024\/04\/image-212.png 1280w\" sizes=\"auto, (max-width: 1024px) 100vw, 1024px\" \/><\/figure>\n\n\n\n<figure class=\"wp-block-image size-large\"><img loading=\"lazy\" decoding=\"async\" width=\"1024\" height=\"682\" src=\"https:\/\/corrientesdetarde.com\/wp-content\/uploads\/2024\/04\/image-213-1024x682.png\" alt=\"\" class=\"wp-image-139229\" srcset=\"https:\/\/corrientesdetarde.com\/wp-content\/uploads\/2024\/04\/image-213-1024x682.png 1024w, https:\/\/corrientesdetarde.com\/wp-content\/uploads\/2024\/04\/image-213-300x200.png 300w, https:\/\/corrientesdetarde.com\/wp-content\/uploads\/2024\/04\/image-213-768x512.png 768w, https:\/\/corrientesdetarde.com\/wp-content\/uploads\/2024\/04\/image-213.png 1280w\" sizes=\"auto, (max-width: 1024px) 100vw, 1024px\" \/><\/figure>\n\n\n\n<figure class=\"wp-block-image size-large\"><img loading=\"lazy\" decoding=\"async\" width=\"1024\" height=\"682\" src=\"https:\/\/corrientesdetarde.com\/wp-content\/uploads\/2024\/04\/image-214-1024x682.png\" alt=\"\" class=\"wp-image-139230\" srcset=\"https:\/\/corrientesdetarde.com\/wp-content\/uploads\/2024\/04\/image-214-1024x682.png 1024w, https:\/\/corrientesdetarde.com\/wp-content\/uploads\/2024\/04\/image-214-300x200.png 300w, https:\/\/corrientesdetarde.com\/wp-content\/uploads\/2024\/04\/image-214-768x512.png 768w, https:\/\/corrientesdetarde.com\/wp-content\/uploads\/2024\/04\/image-214.png 1280w\" sizes=\"auto, (max-width: 1024px) 100vw, 1024px\" \/><\/figure>\n","protected":false},"excerpt":{"rendered":"<p>El intendente particip\u00f3 del primer operativo del a\u00f1o de atenci\u00f3n a las mascotas del barrio Laguna Seca, donde se reuni\u00f3 con vecinos, gatos y perros de todas las razas y&hellip; <\/p>\n","protected":false},"author":8,"featured_media":139231,"comment_status":"closed","ping_status":"open","sticky":false,"template":"","format":"standard","meta":{"footnotes":""},"categories":[17],"tags":[],"class_list":["post-139226","post","type-post","status-publish","format-standard","has-post-thumbnail","hentry","category-sociales"],"_links":{"self":[{"href":"https:\/\/corrientesdetarde.com\/index.php\/wp-json\/wp\/v2\/posts\/139226","targetHints":{"allow":["GET"]}}],"collection":[{"href":"https:\/\/corrientesdetarde.com\/index.php\/wp-json\/wp\/v2\/posts"}],"about":[{"href":"https:\/\/corrientesdetarde.com\/index.php\/wp-json\/wp\/v2\/types\/post"}],"author":[{"embeddable":true,"href":"https:\/\/corrientesdetarde.com\/index.php\/wp-json\/wp\/v2\/users\/8"}],"replies":[{"embeddable":true,"href":"https:\/\/corrientesdetarde.com\/index.php\/wp-json\/wp\/v2\/comments?post=139226"}],"version-history":[{"count":1,"href":"https:\/\/corrientesdetarde.com\/index.php\/wp-json\/wp\/v2\/posts\/139226\/revisions"}],"predecessor-version":[{"id":139232,"href":"https:\/\/corrientesdetarde.com\/index.php\/wp-json\/wp\/v2\/posts\/139226\/revisions\/139232"}],"wp:featuredmedia":[{"embeddable":true,"href":"https:\/\/corrientesdetarde.com\/index.php\/wp-json\/wp\/v2\/media\/139231"}],"wp:attachment":[{"href":"https:\/\/corrientesdetarde.com\/index.php\/wp-json\/wp\/v2\/media?parent=139226"}],"wp:term":[{"taxonomy":"category","embeddable":true,"href":"https:\/\/corrientesdetarde.com\/index.php\/wp-json\/wp\/v2\/categories?post=139226"},{"taxonomy":"post_tag","embeddable":true,"href":"https:\/\/corrientesdetarde.com\/index.php\/wp-json\/wp\/v2\/tags?post=139226"}],"curies":[{"name":"wp","href":"https:\/\/api.w.org\/{rel}","templated":true}]}}