{"id":139233,"date":"2024-04-10T13:48:57","date_gmt":"2024-04-10T16:48:57","guid":{"rendered":"https:\/\/corrientesdetarde.com\/?p=139233"},"modified":"2024-04-10T13:49:09","modified_gmt":"2024-04-10T16:49:09","slug":"salud-trabaja-en-un-proyecto-para-realizar-trasplantes-renales-en-el-escuela","status":"publish","type":"post","link":"https:\/\/corrientesdetarde.com\/index.php\/bienestar-y-salud\/salud-trabaja-en-un-proyecto-para-realizar-trasplantes-renales-en-el-escuela\/","title":{"rendered":"Salud trabaja en un proyecto para realizar trasplantes renales en el Escuela"},"content":{"rendered":"\n<p><em>\u201cEsto permitir\u00e1 brindar una posibilidad m\u00e1s a aquellos pacientes que est\u00e1n en Di\u00e1lisis y que con un trasplante podr\u00edan mejorar su calidad de vida de manera definitiva\u201d, remarc\u00f3 el ministro Ricardo Cardozo.<\/em><\/p>\n\n\n\n<p>El ministro de Salud P\u00fablica &nbsp;Ricardo Cardozo&nbsp;se reuni\u00f3 con especialistas en salud renal y con directivos del hospital Escuela Gral. Jos\u00e9 Francisco de San Mart\u00edn, con quienes trabajo en un proyecto para poder realizar trasplantes renales en esa instituci\u00f3n.<\/p>\n\n\n\n<p>\u201cTrabajamos y conversamos sobre un posible proyecto de trasplante de ri\u00f1\u00f3n que pretendemos presentarlo al se\u00f1or gobernador Gustavo Vald\u00e9s para poder implementarlo en el hospital Escuela. Esto permitir\u00e1 brindar una posibilidad m\u00e1s a aquellos pacientes que est\u00e1n en Di\u00e1lisis y que con un trasplante podr\u00edan mejorar su calidad de vida de manera definitiva\u201d, dijo el ministro&nbsp;tras el encuentro.<\/p>\n\n\n\n<p>Explic\u00f3 que, en Corrientes, \u201cen la actualidad se hacen trasplantes renales en el Instituto de Cardiolog\u00eda y queremos fortalecer y aumentar la cantidad de esas intervenciones, en este caso en el hospital Escuela\u201d.<\/p>\n\n\n\n<p>El ministro remarc\u00f3 que Corrientes est\u00e1 \u201ca la cabeza en el pa\u00eds en lo que es procuraci\u00f3n \u00f3rganos y ahora queremos fortalecer nuestro sistema de trasplantes\u201d.<\/p>\n\n\n\n<p>Este ambicioso proyecto se encuentra en etapa inicial por lo que habr\u00e1 m\u00e1s reuniones similares.<\/p>\n","protected":false},"excerpt":{"rendered":"<p>\u201cEsto permitir\u00e1 brindar una posibilidad m\u00e1s a aquellos pacientes que est\u00e1n en Di\u00e1lisis y que con un trasplante podr\u00edan mejorar su calidad de vida de manera definitiva\u201d, remarc\u00f3 el ministro&hellip; <\/p>\n","protected":false},"author":8,"featured_media":139234,"comment_status":"closed","ping_status":"open","sticky":false,"template":"","format":"standard","meta":{"footnotes":""},"categories":[16],"tags":[],"class_list":["post-139233","post","type-post","status-publish","format-standard","has-post-thumbnail","hentry","category-bienestar-y-salud"],"_links":{"self":[{"href":"https:\/\/corrientesdetarde.com\/index.php\/wp-json\/wp\/v2\/posts\/139233","targetHints":{"allow":["GET"]}}],"collection":[{"href":"https:\/\/corrientesdetarde.com\/index.php\/wp-json\/wp\/v2\/posts"}],"about":[{"href":"https:\/\/corrientesdetarde.com\/index.php\/wp-json\/wp\/v2\/types\/post"}],"author":[{"embeddable":true,"href":"https:\/\/corrientesdetarde.com\/index.php\/wp-json\/wp\/v2\/users\/8"}],"replies":[{"embeddable":true,"href":"https:\/\/corrientesdetarde.com\/index.php\/wp-json\/wp\/v2\/comments?post=139233"}],"version-history":[{"count":1,"href":"https:\/\/corrientesdetarde.com\/index.php\/wp-json\/wp\/v2\/posts\/139233\/revisions"}],"predecessor-version":[{"id":139235,"href":"https:\/\/corrientesdetarde.com\/index.php\/wp-json\/wp\/v2\/posts\/139233\/revisions\/139235"}],"wp:featuredmedia":[{"embeddable":true,"href":"https:\/\/corrientesdetarde.com\/index.php\/wp-json\/wp\/v2\/media\/139234"}],"wp:attachment":[{"href":"https:\/\/corrientesdetarde.com\/index.php\/wp-json\/wp\/v2\/media?parent=139233"}],"wp:term":[{"taxonomy":"category","embeddable":true,"href":"https:\/\/corrientesdetarde.com\/index.php\/wp-json\/wp\/v2\/categories?post=139233"},{"taxonomy":"post_tag","embeddable":true,"href":"https:\/\/corrientesdetarde.com\/index.php\/wp-json\/wp\/v2\/tags?post=139233"}],"curies":[{"name":"wp","href":"https:\/\/api.w.org\/{rel}","templated":true}]}}