{"id":139237,"date":"2024-04-10T13:54:07","date_gmt":"2024-04-10T16:54:07","guid":{"rendered":"https:\/\/corrientesdetarde.com\/?p=139237"},"modified":"2024-04-10T13:54:19","modified_gmt":"2024-04-10T16:54:19","slug":"la-conmebol-confirmo-donde-se-jugara-la-final-de-la-copa-sudamericana","status":"publish","type":"post","link":"https:\/\/corrientesdetarde.com\/index.php\/deportes\/la-conmebol-confirmo-donde-se-jugara-la-final-de-la-copa-sudamericana\/","title":{"rendered":"La Conmebol confirm\u00f3 d\u00f3nde se jugar\u00e1 la final de la Copa Sudamericana"},"content":{"rendered":"\n<h2 class=\"wp-block-heading\"><\/h2>\n\n\n\n<p>El choque entre los dos equipos que pelear\u00e1n por el trofeo ser\u00e1 el 23 de noviembre, de acuerdo al calendario que se public\u00f3 hace algunas semanas.<\/p>\n\n\n\n<p>El presidente de la\u00a0<strong>Conmebol<\/strong>,\u00a0Alejandro Dom\u00ednguez, confirm\u00f3 en sus redes sociales que<strong>\u00a0la final de la Copa Sudamericana se jugar\u00e1 en Paraguay<\/strong>, m\u00e1s precisamente en la ciudad de Asunci\u00f3n.<\/p>\n\n\n\n<p>\u201c\u00a1Sede confirmada! La ciudad de Asunci\u00f3n, ubicada en el coraz\u00f3n de Sudam\u00e9rica, volver\u00e1 a recibir a&nbsp;<strong>la Final de la Copa Sudamericana que tendr\u00e1 su emocionante desenlace en Paraguay\u201d<\/strong>, indic\u00f3 el dirigente.<\/p>\n\n\n\n<p>Asunci\u00f3n ya hab\u00eda sido sede en 2019, cuando se jug\u00f3 la final entre Col\u00f3n de Santa Fe e Independiente del Valle, que termin\u00f3 con la consagraci\u00f3n del equipo ecuatoriano. En aquella oportunidad, el estadio elegido hab\u00eda sido el&nbsp;<strong>General Pablo Rojas, de Cerro Porte\u00f1o.<\/strong><\/p>\n\n\n\n<figure class=\"wp-block-image\"><img decoding=\"async\" src=\"https:\/\/tn.com.ar\/resizer\/MoKGyJGNOuOd86ZQmGUR0a88GNI=\/767x0\/smart\/filters:format(webp)\/cloudfront-us-east-1.images.arcpublishing.com\/artear\/FCY2SYYPOJEMNPURXXKUYBYMVM.png\" alt=\"El presidente de la Conmebol, Eduardo Dom\u00ednguez, confirm\u00f3 en sus redes sociales que la final de la Copa Sudamericana se jugar\u00e1 en Paraguay, m\u00e1s precisamente en la ciudad de Asunci\u00f3n. (Twitter Alejandro Dom\u00ednguez)\"\/><\/figure>\n\n\n\n<p><strong>Boca, Racing, Argentinos Juniors, Lan\u00fas, Defensa y Justicia y Belgrano de C\u00f3rdoba&nbsp;<\/strong>son los equipos argentinos que participan de la competencia y que podr\u00edan conseguir un lugar en el partido definitorio.<\/p>\n\n\n\n<p>La gran final de la Copa Sudamericana ser\u00e1 el 23 de noviembre, seg\u00fan lo que public\u00f3 la Conmebol en las redes sociales. Todav\u00eda no se dio a conocer el estadio porque podr\u00eda modificarse a una sede alternativa, seg\u00fan los equipos finalistas.<\/p>\n\n\n\n<p>Por otro lado, Dom\u00ednguez tambi\u00e9n confirm\u00f3 que Santa Cruz de la Sierra, en Bolivia, ser\u00e1 la sede de la final de la&nbsp;<strong>Copa Sudamericana en 2025.<\/strong><\/p>\n","protected":false},"excerpt":{"rendered":"<p>El choque entre los dos equipos que pelear\u00e1n por el trofeo ser\u00e1 el 23 de noviembre, de acuerdo al calendario que se public\u00f3 hace algunas semanas. El presidente de la\u00a0Conmebol,\u00a0Alejandro&hellip; <\/p>\n","protected":false},"author":8,"featured_media":139238,"comment_status":"closed","ping_status":"open","sticky":false,"template":"","format":"standard","meta":{"footnotes":""},"categories":[4],"tags":[],"class_list":["post-139237","post","type-post","status-publish","format-standard","has-post-thumbnail","hentry","category-deportes"],"_links":{"self":[{"href":"https:\/\/corrientesdetarde.com\/index.php\/wp-json\/wp\/v2\/posts\/139237","targetHints":{"allow":["GET"]}}],"collection":[{"href":"https:\/\/corrientesdetarde.com\/index.php\/wp-json\/wp\/v2\/posts"}],"about":[{"href":"https:\/\/corrientesdetarde.com\/index.php\/wp-json\/wp\/v2\/types\/post"}],"author":[{"embeddable":true,"href":"https:\/\/corrientesdetarde.com\/index.php\/wp-json\/wp\/v2\/users\/8"}],"replies":[{"embeddable":true,"href":"https:\/\/corrientesdetarde.com\/index.php\/wp-json\/wp\/v2\/comments?post=139237"}],"version-history":[{"count":1,"href":"https:\/\/corrientesdetarde.com\/index.php\/wp-json\/wp\/v2\/posts\/139237\/revisions"}],"predecessor-version":[{"id":139239,"href":"https:\/\/corrientesdetarde.com\/index.php\/wp-json\/wp\/v2\/posts\/139237\/revisions\/139239"}],"wp:featuredmedia":[{"embeddable":true,"href":"https:\/\/corrientesdetarde.com\/index.php\/wp-json\/wp\/v2\/media\/139238"}],"wp:attachment":[{"href":"https:\/\/corrientesdetarde.com\/index.php\/wp-json\/wp\/v2\/media?parent=139237"}],"wp:term":[{"taxonomy":"category","embeddable":true,"href":"https:\/\/corrientesdetarde.com\/index.php\/wp-json\/wp\/v2\/categories?post=139237"},{"taxonomy":"post_tag","embeddable":true,"href":"https:\/\/corrientesdetarde.com\/index.php\/wp-json\/wp\/v2\/tags?post=139237"}],"curies":[{"name":"wp","href":"https:\/\/api.w.org\/{rel}","templated":true}]}}