{"id":139240,"date":"2024-04-10T13:57:34","date_gmt":"2024-04-10T16:57:34","guid":{"rendered":"https:\/\/corrientesdetarde.com\/?p=139240"},"modified":"2024-04-10T13:57:39","modified_gmt":"2024-04-10T16:57:39","slug":"aseguran-que-israel-mato-a-los-hijos-y-nietos-del-lider-de-hamas-en-un-bombardeo-en-gaza","status":"publish","type":"post","link":"https:\/\/corrientesdetarde.com\/index.php\/internacionales\/aseguran-que-israel-mato-a-los-hijos-y-nietos-del-lider-de-hamas-en-un-bombardeo-en-gaza\/","title":{"rendered":"Aseguran que Israel mat\u00f3 a los hijos y nietos del l\u00edder de Hamas en un bombardeo en Gaza"},"content":{"rendered":"\n<p>Fueron atacados por un drone cuando visitaban familiares en el campamento de refugiados de Al Shati durante la fiesta de A\u00edd al Fitr, que marca el final del mes sagrado del ramad\u00e1n.<\/p>\n\n\n\n<p>Israel<strong>&nbsp;mat\u00f3 a tres hijos y varios nietos del l\u00edder de Hamas, Ismail Haniyeh<\/strong>, en un bombardeo sobre el campamento Shati de la ciudad de Gaza.<\/p>\n\n\n\n<p>En una entrevista con el canal qatar\u00ed&nbsp;<em>Al Jazeera<\/em>, el dirigente del movimiento islamista palestino, que vive en Qatar,&nbsp;<strong>confirm\u00f3 el \u201cmartirio\u201d de sus \u201ctres hijos\u201d y algunos de sus \u201cnietos\u201d.<\/strong><\/p>\n\n\n\n<p>El m\u00e1ximo responsable de Hamas se\u00f1al\u00f3 que, al atacar a familiares de dirigentes del grupo,<strong>&nbsp;\u201cla ocupaci\u00f3n\u201d israel\u00ed busca que se rompa \u201cla determinaci\u00f3n de nuestro pueblo\u201d.&nbsp;<\/strong>Seg\u00fan Haniyeh, sin embargo, las acciones israel\u00edes no lograr\u00e1n forzar la mano de Hamas en las negociaciones para alcanzar una tregua y una la liberaci\u00f3n de rehenes.<\/p>\n\n\n\n<p>\u201cTodo nuestro pueblo y todas las familias de Gaza han pagado un alto precio en sangre, y yo soy uno de ellos\u201d, a\u00f1adi\u00f3.<\/p>\n\n\n\n<p>\u201cCon este dolor y sangre creamos esperanza, un futuro y libertad para nuestro pueblo, nuestra causa y nuestra naci\u00f3n\u201d, dijo Haniyeh en un comunicado poco despu\u00e9s de conocerse la noticia.<\/p>\n\n\n\n<p>El Ej\u00e9rcito israel\u00ed de momento no confirm\u00f3 el ataque, que tuvo lugar durante el&nbsp;<strong>A\u00edd al Fitr, o Fiesta del Ayuno<\/strong>, que marca el&nbsp;<strong>final del mes sagrado del ramad\u00e1n<\/strong>.<\/p>\n\n\n\n<p>En di\u00e1logo con<em>&nbsp;Al Jazeera<\/em>, Haniyeh explic\u00f3 que sus hijos&nbsp;<strong>estaban visitando a familiares<\/strong>&nbsp;en el campamento de refugiados de Al Shati, en el noroeste de la ciudad de Gaza, cuando fueron&nbsp;<strong>atacados por un drone<\/strong>.<\/p>\n\n\n\n<figure class=\"wp-block-image\"><img decoding=\"async\" src=\"https:\/\/tn.com.ar\/resizer\/n9-7Cqb_zxw6GIm-KzSJSV82eDY=\/767x0\/smart\/filters:format(webp)\/cloudfront-us-east-1.images.arcpublishing.com\/artear\/IZVVFPSE7DGHPWSVHWUWICSNUE.jpg\" alt=\"El l\u00edder de Hamas, Ismail Haniyeh y su par de Gaza Yehya Al-Sinwar durante un acto por los 30 a\u00f1os de la fundaci\u00f3n de Hamas en 2017. (Foto: Reuters\/Mohammed Salem).\"\/><\/figure>\n\n\n\n<p>El&nbsp;<strong>jefe pol\u00edtico de Ham\u00e1s<\/strong>, que lleva a\u00f1os exiliado en Qatar y dirige el brazo pol\u00edtico del grupo islamista,&nbsp;<strong>asegur\u00f3 que al menos 60 miembros de su familia murieron desde que comenz\u00f3 la guerra en Gaza<\/strong>, entre ellos sus nietos, los hijos de su hermano, de su hermana y sus primos.<\/p>\n\n\n\n<p>Se estima que Haniyeh es uno de los responsables del\u00a0brutal ataque perpetrado en territorio israel\u00ed\u00a0en el mes de octubre, el que\u00a0inici\u00f3 la guerra en Gaza\u00a0que se cobr\u00f3 m\u00e1s de 33.000 muertes en el bando palestino y unas 1.500 en el israel\u00ed.<\/p>\n\n\n\n<p>En un comunicado, el Gobierno gazat\u00ed confirm\u00f3 que cinco personas murieron y varias m\u00e1s resultaron heridas en un ataque israel\u00ed a un auto donde viajaban varios hijos y nietos de Haniyeh, aunque no dio nombres.<\/p>\n\n\n\n<figure class=\"wp-block-image\"><img decoding=\"async\" src=\"https:\/\/tn.com.ar\/resizer\/NohJgmtvbeDXPPAbrw62Z3Hm4iI=\/767x0\/smart\/filters:format(webp)\/cloudfront-us-east-1.images.arcpublishing.com\/artear\/G6CMCJT3OPHL7I5ITCZDYGDO4I.jpg\" alt=\"La guerra en Gaza lleva seis meses. (Foto: REUTERS\/Shadi Tabatibi).\"\/><\/figure>\n\n\n\n<p>\u201cPedimos a todos los pa\u00edses del mundo libre que detengan esta guerra agresiva poniendo presi\u00f3n a la ocupaci\u00f3n criminal y acabando con su agresi\u00f3n constante contra nuestro pueblo palestino\u201d, dijo el grupo.<\/p>\n\n\n\n<p>El ataque llega cuando Hamas se encuentra estudiando la \u00faltima propuesta de tregua producto de las negociaciones en El Cairo, que seg\u00fan medios israel\u00edes permitir\u00eda la liberaci\u00f3n de 40 rehenes en Gaza a cambio de un alto el fuego temporal y la liberaci\u00f3n de cientos de presos palestinos.<\/p>\n\n\n\n<p>Sin embargo, el acuerdo no incluye el retorno de los palestinos desplazados a sus hogares o la retirada completa de las fuerzas israel\u00edes, demandas clave del grupo islamista.<\/p>\n\n\n\n<h2 class=\"wp-block-heading\">6 meses de guerra en Gaza<\/h2>\n\n\n\n<p>El conflicto comenz\u00f3 el 7 de octubre con el ataque de Hamas en el sur de Israel que dej\u00f3 1.170 muertos, en su mayor\u00eda civiles, seg\u00fan cifras israel\u00edes. Los combatientes islamistas&nbsp;<strong>tomaron m\u00e1s de 250 rehenes<\/strong>, de los cuales 129 contin\u00faan en la Franja de Gaza, incluidos los 34 que seg\u00fan el ej\u00e9rcito israel\u00edmurieron. En respuesta, Israel lanz\u00f3 una ofensiva que dej\u00f3 33.482 muertos en Gaza, la mayor\u00eda mujeres, adolescentes y ni\u00f1os, seg\u00fan el Ministerio de Salud del gobierno de Ham\u00e1s.<\/p>\n","protected":false},"excerpt":{"rendered":"<p>Fueron atacados por un drone cuando visitaban familiares en el campamento de refugiados de Al Shati durante la fiesta de A\u00edd al Fitr, que marca el final del mes sagrado&hellip; <\/p>\n","protected":false},"author":8,"featured_media":139241,"comment_status":"closed","ping_status":"open","sticky":false,"template":"","format":"standard","meta":{"footnotes":""},"categories":[11],"tags":[],"class_list":["post-139240","post","type-post","status-publish","format-standard","has-post-thumbnail","hentry","category-internacionales"],"_links":{"self":[{"href":"https:\/\/corrientesdetarde.com\/index.php\/wp-json\/wp\/v2\/posts\/139240","targetHints":{"allow":["GET"]}}],"collection":[{"href":"https:\/\/corrientesdetarde.com\/index.php\/wp-json\/wp\/v2\/posts"}],"about":[{"href":"https:\/\/corrientesdetarde.com\/index.php\/wp-json\/wp\/v2\/types\/post"}],"author":[{"embeddable":true,"href":"https:\/\/corrientesdetarde.com\/index.php\/wp-json\/wp\/v2\/users\/8"}],"replies":[{"embeddable":true,"href":"https:\/\/corrientesdetarde.com\/index.php\/wp-json\/wp\/v2\/comments?post=139240"}],"version-history":[{"count":1,"href":"https:\/\/corrientesdetarde.com\/index.php\/wp-json\/wp\/v2\/posts\/139240\/revisions"}],"predecessor-version":[{"id":139242,"href":"https:\/\/corrientesdetarde.com\/index.php\/wp-json\/wp\/v2\/posts\/139240\/revisions\/139242"}],"wp:featuredmedia":[{"embeddable":true,"href":"https:\/\/corrientesdetarde.com\/index.php\/wp-json\/wp\/v2\/media\/139241"}],"wp:attachment":[{"href":"https:\/\/corrientesdetarde.com\/index.php\/wp-json\/wp\/v2\/media?parent=139240"}],"wp:term":[{"taxonomy":"category","embeddable":true,"href":"https:\/\/corrientesdetarde.com\/index.php\/wp-json\/wp\/v2\/categories?post=139240"},{"taxonomy":"post_tag","embeddable":true,"href":"https:\/\/corrientesdetarde.com\/index.php\/wp-json\/wp\/v2\/tags?post=139240"}],"curies":[{"name":"wp","href":"https:\/\/api.w.org\/{rel}","templated":true}]}}