{"id":139266,"date":"2024-04-10T15:17:13","date_gmt":"2024-04-10T18:17:13","guid":{"rendered":"https:\/\/corrientesdetarde.com\/?p=139266"},"modified":"2024-04-10T15:17:26","modified_gmt":"2024-04-10T18:17:26","slug":"milei-profundiza-el-giro-pragmatico-y-busca-nuevos-consensos-con-la-oposicion-rumbo-al-pacto-de-mayo","status":"publish","type":"post","link":"https:\/\/corrientesdetarde.com\/index.php\/nacionales\/milei-profundiza-el-giro-pragmatico-y-busca-nuevos-consensos-con-la-oposicion-rumbo-al-pacto-de-mayo\/","title":{"rendered":"Milei profundiza el giro pragm\u00e1tico y busca nuevos consensos con la oposici\u00f3n rumbo al Pacto de Mayo"},"content":{"rendered":"\n<p>M\u00e1s all\u00e1 de su discurso intransigente contra la casta, el Presidente viene dando indicios de un cambio de estrategia.<\/p>\n\n\n\n<p>Casi cinco meses despu\u00e9s de iniciada su gesti\u00f3n, el gobierno de\u00a0Javier Milei parece haber\u00a0<strong>aprendido a negociar<\/strong>. Por un lado, el l\u00edder libertario  no afloja con sus ataques a la pol\u00edtica : esta semana, durante un reportaje, reiter\u00f3 que poco le importa que diputados y senadores aprueben o no sus proyectos, porque igualmente\u00a0<strong>avanzar\u00e1 con las reformas de la econom\u00eda<\/strong>\u00a0y con m\u00e1s de 4000 proyectos. Un\u00a0<strong>Milei en estado puro<\/strong>.<\/p>\n\n\n\n<p>Sin embargo, pese a mantener su\u00a0<strong>discurso intransigente contra la casta<\/strong>, es indudable que el Presidente se viene mostrando m\u00e1s\u00a0<strong>pragm\u00e1tico<\/strong>: un ejemplo es que\u00a0<strong>cedi\u00f3 puntos importantes<\/strong>\u00a0del proyecto original de\u00a0Ley \u00f3mnibuscon tal de anotarse su primera victoria en el Congreso.<\/p>\n\n\n\n<p>Milei ya no le pide al Congreso la&nbsp;<strong>delegaci\u00f3n de once facultades<\/strong>, sino solo cuatro. Propone la eliminaci\u00f3n de los fondos fiduciarios como mecanismo que oculta casos de corrupci\u00f3n, pero&nbsp;<strong>mantiene la obligaci\u00f3n de entregar las partidas<\/strong>&nbsp;a sus destinatarios originales.<\/p>\n\n\n\n<p><strong>Acot\u00f3 la reforma laboral<\/strong>\u00a0y elimin\u00f3 la idea de suprimir las cuotas sindicales, en una forma de\u00a0<strong>firmar la paz<\/strong>\u00a0con la Confederaci\u00f3n General del Trabajo\u00a0(<strong>CGT<\/strong>), a la que el ministro del Interior,\u00a0<strong>Guillermo Francos<\/strong>, recib\u00eda este mi\u00e9rcoles por la tarde. Ambas partes buscan fundamentalmente\u00a0<strong>acercar posiciones<\/strong>\u00a0antes del encuentro que tendr\u00e1 en las pr\u00f3ximas horas el consejo directivo de la central obrera, en el que se podr\u00eda definir un\u00a0<strong>nuevo paro general<\/strong>. Tanto el Gobierno como los sindicalistas buscan\u00a0<strong>evitar otro paro general<\/strong>.<\/p>\n\n\n\n<p>El l\u00edder de La Libertad Avanza parece haber entendido la&nbsp;<strong>necesidad de abrirse al di\u00e1logo<\/strong>: algo de eso se pudo ver cuando el libertario puso como meta de mediano plazo el&nbsp;<strong>\u201cPacto de Mayo\u201d<\/strong>, acompa\u00f1ado por la nueva&nbsp;<strong>Ley de Bases<\/strong>&nbsp;y un nuevo&nbsp;<strong>acuerdo fiscal<\/strong>.<\/p>\n\n\n\n<p>Milei habilit\u00f3 semanas atr\u00e1s a dos de sus hombres de confianza,&nbsp;<strong>Francos<\/strong>&nbsp;y&nbsp;<strong>Nicol\u00e1s Posse<\/strong>&nbsp;(jefe de Gabinete), a que dialoguen con el PRO, con la Uni\u00f3n C\u00edvica Radical y con la coalici\u00f3n de peronistas que conduce Miguel Pichetto.<\/p>\n\n\n\n<p>No son detalles menores; ya que Milei es un hombre de principios,&nbsp;<strong>muy dogm\u00e1tico<\/strong>, y, sin embargo, mostr\u00f3 tener&nbsp;<strong>flexibilidad&nbsp;<\/strong>para aprender que la pol\u00edtica es el&nbsp;<strong>arte de la negociaci\u00f3n<\/strong>. Lo necesitar\u00e1 a futuro, porque m\u00e1s all\u00e1 de que pueda intentar gobernar por decreto en \u00e1reas como la econ\u00f3mica, lo cierto es que m\u00e1s temprano que tarde&nbsp;<strong>los temas importantes pasan siempre por el Congreso<\/strong>.<\/p>\n\n\n\n<p>La realidad muestra que Milei empez\u00f3 a ser m\u00e1s&nbsp;<strong>permeable a los reclamos de la oposici\u00f3n<\/strong>. En ese punto, el primer mandatario se parece a&nbsp;<strong>Cristina Kirchner<\/strong>, por su discurso duro; pero tambi\u00e9n a&nbsp;<strong>N\u00e9stor Kirchner<\/strong>, que ped\u00eda que se fijaran m\u00e1s en lo que \u00e9l hac\u00eda que en lo que dec\u00eda.<\/p>\n","protected":false},"excerpt":{"rendered":"<p>M\u00e1s all\u00e1 de su discurso intransigente contra la casta, el Presidente viene dando indicios de un cambio de estrategia. Casi cinco meses despu\u00e9s de iniciada su gesti\u00f3n, el gobierno de\u00a0Javier&hellip; <\/p>\n","protected":false},"author":8,"featured_media":139267,"comment_status":"closed","ping_status":"open","sticky":false,"template":"","format":"standard","meta":{"footnotes":""},"categories":[10],"tags":[],"class_list":["post-139266","post","type-post","status-publish","format-standard","has-post-thumbnail","hentry","category-nacionales"],"_links":{"self":[{"href":"https:\/\/corrientesdetarde.com\/index.php\/wp-json\/wp\/v2\/posts\/139266","targetHints":{"allow":["GET"]}}],"collection":[{"href":"https:\/\/corrientesdetarde.com\/index.php\/wp-json\/wp\/v2\/posts"}],"about":[{"href":"https:\/\/corrientesdetarde.com\/index.php\/wp-json\/wp\/v2\/types\/post"}],"author":[{"embeddable":true,"href":"https:\/\/corrientesdetarde.com\/index.php\/wp-json\/wp\/v2\/users\/8"}],"replies":[{"embeddable":true,"href":"https:\/\/corrientesdetarde.com\/index.php\/wp-json\/wp\/v2\/comments?post=139266"}],"version-history":[{"count":1,"href":"https:\/\/corrientesdetarde.com\/index.php\/wp-json\/wp\/v2\/posts\/139266\/revisions"}],"predecessor-version":[{"id":139268,"href":"https:\/\/corrientesdetarde.com\/index.php\/wp-json\/wp\/v2\/posts\/139266\/revisions\/139268"}],"wp:featuredmedia":[{"embeddable":true,"href":"https:\/\/corrientesdetarde.com\/index.php\/wp-json\/wp\/v2\/media\/139267"}],"wp:attachment":[{"href":"https:\/\/corrientesdetarde.com\/index.php\/wp-json\/wp\/v2\/media?parent=139266"}],"wp:term":[{"taxonomy":"category","embeddable":true,"href":"https:\/\/corrientesdetarde.com\/index.php\/wp-json\/wp\/v2\/categories?post=139266"},{"taxonomy":"post_tag","embeddable":true,"href":"https:\/\/corrientesdetarde.com\/index.php\/wp-json\/wp\/v2\/tags?post=139266"}],"curies":[{"name":"wp","href":"https:\/\/api.w.org\/{rel}","templated":true}]}}