{"id":139281,"date":"2024-04-10T16:25:57","date_gmt":"2024-04-10T19:25:57","guid":{"rendered":"https:\/\/corrientesdetarde.com\/?p=139281"},"modified":"2024-04-10T16:26:12","modified_gmt":"2024-04-10T19:26:12","slug":"comenzo-la-capacitacion-en-lengua-de-senas-argentina","status":"publish","type":"post","link":"https:\/\/corrientesdetarde.com\/index.php\/sociales\/comenzo-la-capacitacion-en-lengua-de-senas-argentina\/","title":{"rendered":"Comenz\u00f3 la capacitaci\u00f3n en Lengua de Se\u00f1as Argentina"},"content":{"rendered":"\n<p>Este mi\u00e9rcoles 10 de abril,&nbsp;el Consejo Provincial de Discapacidad dependiente del Ministerio de Desarrollo Social de la provincia a cargo de Ad\u00e1n Gaya&nbsp; dio inicio&nbsp;a una Capacitaci\u00f3n de Lengua de Se\u00f1as Argentina. La misma, tuvo lugar en la Facultad de Derecho ubicada por calle Salta 456, en el &nbsp;sal\u00f3n Juan Jos\u00e9 Cabral planta baja.<br>La apertura de la Capacitaci\u00f3n, cont\u00f3 con la presencia del Ministro de Justicia y Derechos Humanos, Juan Jos\u00e9 L\u00f3pez Desimoni, el Ministro de Desarrollo Social Ad\u00e1n Gaya y la Directora del COPRODIS Prof. Roxana Tannuri.<\/p>\n\n\n\n<p>Dicha capacitaci\u00f3n, est\u00e1 destinada\u00a0a profesionales pertenecientes a Centros Terap\u00e9uticos y al personal de los Hogares dependientes de\u00a0DIPNA (Direcci\u00f3n de Protecci\u00f3n de la Ni\u00f1ez y Adolescencia) y del Ministerio de Justicia y Derechos Humanos.<br>Los encuentros ser\u00e1n cuatro y se desarrollar\u00e1n los d\u00edas 10, 17, 24 y 30 de abril, en el horario de 8 a 11 hs.\u00a0<\/p>\n\n\n\n<p>\u00a0<\/p>\n\n\n\n<figure class=\"wp-block-image size-large\"><img loading=\"lazy\" decoding=\"async\" width=\"1024\" height=\"461\" src=\"https:\/\/corrientesdetarde.com\/wp-content\/uploads\/2024\/04\/image-228-1024x461.png\" alt=\"\" class=\"wp-image-139284\" srcset=\"https:\/\/corrientesdetarde.com\/wp-content\/uploads\/2024\/04\/image-228-1024x461.png 1024w, https:\/\/corrientesdetarde.com\/wp-content\/uploads\/2024\/04\/image-228-300x135.png 300w, https:\/\/corrientesdetarde.com\/wp-content\/uploads\/2024\/04\/image-228-768x346.png 768w, https:\/\/corrientesdetarde.com\/wp-content\/uploads\/2024\/04\/image-228.png 1280w\" sizes=\"auto, (max-width: 1024px) 100vw, 1024px\" \/><\/figure>\n","protected":false},"excerpt":{"rendered":"<p>Este mi\u00e9rcoles 10 de abril,&nbsp;el Consejo Provincial de Discapacidad dependiente del Ministerio de Desarrollo Social de la provincia a cargo de Ad\u00e1n Gaya&nbsp; dio inicio&nbsp;a una Capacitaci\u00f3n de Lengua de&hellip; <\/p>\n","protected":false},"author":8,"featured_media":139282,"comment_status":"closed","ping_status":"open","sticky":false,"template":"","format":"standard","meta":{"footnotes":""},"categories":[17],"tags":[],"class_list":["post-139281","post","type-post","status-publish","format-standard","has-post-thumbnail","hentry","category-sociales"],"_links":{"self":[{"href":"https:\/\/corrientesdetarde.com\/index.php\/wp-json\/wp\/v2\/posts\/139281","targetHints":{"allow":["GET"]}}],"collection":[{"href":"https:\/\/corrientesdetarde.com\/index.php\/wp-json\/wp\/v2\/posts"}],"about":[{"href":"https:\/\/corrientesdetarde.com\/index.php\/wp-json\/wp\/v2\/types\/post"}],"author":[{"embeddable":true,"href":"https:\/\/corrientesdetarde.com\/index.php\/wp-json\/wp\/v2\/users\/8"}],"replies":[{"embeddable":true,"href":"https:\/\/corrientesdetarde.com\/index.php\/wp-json\/wp\/v2\/comments?post=139281"}],"version-history":[{"count":1,"href":"https:\/\/corrientesdetarde.com\/index.php\/wp-json\/wp\/v2\/posts\/139281\/revisions"}],"predecessor-version":[{"id":139286,"href":"https:\/\/corrientesdetarde.com\/index.php\/wp-json\/wp\/v2\/posts\/139281\/revisions\/139286"}],"wp:featuredmedia":[{"embeddable":true,"href":"https:\/\/corrientesdetarde.com\/index.php\/wp-json\/wp\/v2\/media\/139282"}],"wp:attachment":[{"href":"https:\/\/corrientesdetarde.com\/index.php\/wp-json\/wp\/v2\/media?parent=139281"}],"wp:term":[{"taxonomy":"category","embeddable":true,"href":"https:\/\/corrientesdetarde.com\/index.php\/wp-json\/wp\/v2\/categories?post=139281"},{"taxonomy":"post_tag","embeddable":true,"href":"https:\/\/corrientesdetarde.com\/index.php\/wp-json\/wp\/v2\/tags?post=139281"}],"curies":[{"name":"wp","href":"https:\/\/api.w.org\/{rel}","templated":true}]}}