{"id":139305,"date":"2024-04-10T23:40:13","date_gmt":"2024-04-11T02:40:13","guid":{"rendered":"https:\/\/corrientesdetarde.com\/?p=139305"},"modified":"2024-04-10T23:40:14","modified_gmt":"2024-04-11T02:40:14","slug":"la-provincia-dio-inicio-a-la-campana-de-vacunacion-contra-el-dengue","status":"publish","type":"post","link":"https:\/\/corrientesdetarde.com\/index.php\/destacados\/la-provincia-dio-inicio-a-la-campana-de-vacunacion-contra-el-dengue\/","title":{"rendered":"La Provincia dio inicio a la Campa\u00f1a de Vacunaci\u00f3n contra el Dengue"},"content":{"rendered":"\n<p><em>Como estaba previsto, el trabajo arranc\u00f3 este mi\u00e9rcoles en la capital, mientras que ma\u00f1ana se dar\u00e1 inicio en las seis localidades que tuvieron los principales brotes. Los turnos son otorgados a trav\u00e9s de la p\u00e1gina&nbsp;<a href=\"https:\/\/4ue34.r.sp1-brevo.net\/mk\/cl\/f\/sh\/6rqJfgq8dINmNvd2HB7mP7OK8Ju\/XSqHPZ31rZ3e\" target=\"_blank\" rel=\"noreferrer noopener\">vacunacion.corrientes.gob.ar<\/a>, en capital los puntos se encuentran en la Facultad de Medicina y en el Hospital \u00c1ngela I. de Llano, y en el interior en los hospitales de cada localidad.<\/em><\/p>\n\n\n\n<p>El Gobierno provincial, a trav\u00e9s del Ministerio de Salud P\u00fablica, dio inicio hoy a la Campa\u00f1a de Vacunaci\u00f3n contra el Dengue. El trabajo arranc\u00f3 en la capital en la facultad de Medicina de la Universidad Nacional del Nordeste (UNNE) y en el hospital \u00c1ngela I. de Llano; mientras que en el interior se iniciar\u00e1 este jueves en los hospitales de Paso Patria, San Luis del Palmar, Bella Vista, Santo Tom\u00e9, Virasoro e Ituzaing\u00f3.<\/p>\n\n\n\n<figure class=\"wp-block-image size-large\"><img loading=\"lazy\" decoding=\"async\" width=\"1024\" height=\"680\" src=\"https:\/\/corrientesdetarde.com\/wp-content\/uploads\/2024\/04\/image-235-1024x680.png\" alt=\"\" class=\"wp-image-139378\" srcset=\"https:\/\/corrientesdetarde.com\/wp-content\/uploads\/2024\/04\/image-235-1024x680.png 1024w, https:\/\/corrientesdetarde.com\/wp-content\/uploads\/2024\/04\/image-235-300x199.png 300w, https:\/\/corrientesdetarde.com\/wp-content\/uploads\/2024\/04\/image-235-768x510.png 768w, https:\/\/corrientesdetarde.com\/wp-content\/uploads\/2024\/04\/image-235.png 1366w\" sizes=\"auto, (max-width: 1024px) 100vw, 1024px\" \/><\/figure>\n\n\n\n<p>La campa\u00f1a fue anunciada el lunes en la Casa de Gobierno, en un acto que fue encabezado por el gobernador Gustavo Vald\u00e9s junto al ministro de Salud P\u00fablica, Ricardo Cardozo.<\/p>\n\n\n\n<p>Hasta el momento, desde la Provincia se inform\u00f3 que ya se inscribieron m\u00e1s de 15.000 personas para recibir la vacuna. La inscripci\u00f3n se realiza en\u00a0<a href=\"https:\/\/4ue34.r.sp1-brevo.net\/mk\/cl\/f\/sh\/6rqJfgq8dIPRQNvBlUXKKiWFlcw\/GvdbVpXcQhxV\" target=\"_blank\" rel=\"noreferrer noopener\">vacunacion.corrientes.gob.ar<\/a>. Vale recordar que esta campa\u00f1a la lleva adelante el equipo de la Direcci\u00f3n de Inmunizaciones, a cargo de Marina Cantero; junto a la Direcci\u00f3n de Sistemas, dirigida por Fabi\u00e1n Medina.<\/p>\n\n\n\n<figure class=\"wp-block-image size-large\"><img loading=\"lazy\" decoding=\"async\" width=\"1024\" height=\"681\" src=\"https:\/\/corrientesdetarde.com\/wp-content\/uploads\/2024\/04\/image-236-1024x681.png\" alt=\"\" class=\"wp-image-139379\" srcset=\"https:\/\/corrientesdetarde.com\/wp-content\/uploads\/2024\/04\/image-236-1024x681.png 1024w, https:\/\/corrientesdetarde.com\/wp-content\/uploads\/2024\/04\/image-236-300x200.png 300w, https:\/\/corrientesdetarde.com\/wp-content\/uploads\/2024\/04\/image-236-768x511.png 768w, https:\/\/corrientesdetarde.com\/wp-content\/uploads\/2024\/04\/image-236.png 1369w\" sizes=\"auto, (max-width: 1024px) 100vw, 1024px\" \/><\/figure>\n\n\n\n<p>En esta primera etapa, la campa\u00f1a est\u00e1 destinada a personas de 20 a 40 a\u00f1os que preferentemente no tengan cobertura de obra social y que residen en las localidades donde hubo brotes: Capital, Paso de la Patria, San Luis del Palmar, Bella Vista, Santo Tom\u00e9, Virasoro e Ituzaing\u00f3.<\/p>\n\n\n\n<p>La vacuna es gratuita y su solicitud se realiza en&nbsp;<a href=\"https:\/\/4ue34.r.sp1-brevo.net\/mk\/cl\/f\/sh\/6rqJfgq8dIR6SqDLFnwsGJeBOvy\/8cRaQA6s771W\" target=\"_blank\" rel=\"noreferrer noopener\">vacunacion.corrientes.gob.ar<\/a>.&nbsp;<\/p>\n","protected":false},"excerpt":{"rendered":"<p>Como estaba previsto, el trabajo arranc\u00f3 este mi\u00e9rcoles en la capital, mientras que ma\u00f1ana se dar\u00e1 inicio en las seis localidades que tuvieron los principales brotes. Los turnos son otorgados&hellip; <\/p>\n","protected":false},"author":4,"featured_media":139381,"comment_status":"closed","ping_status":"open","sticky":false,"template":"","format":"standard","meta":{"footnotes":""},"categories":[26],"tags":[],"class_list":["post-139305","post","type-post","status-publish","format-standard","has-post-thumbnail","hentry","category-destacados"],"_links":{"self":[{"href":"https:\/\/corrientesdetarde.com\/index.php\/wp-json\/wp\/v2\/posts\/139305","targetHints":{"allow":["GET"]}}],"collection":[{"href":"https:\/\/corrientesdetarde.com\/index.php\/wp-json\/wp\/v2\/posts"}],"about":[{"href":"https:\/\/corrientesdetarde.com\/index.php\/wp-json\/wp\/v2\/types\/post"}],"author":[{"embeddable":true,"href":"https:\/\/corrientesdetarde.com\/index.php\/wp-json\/wp\/v2\/users\/4"}],"replies":[{"embeddable":true,"href":"https:\/\/corrientesdetarde.com\/index.php\/wp-json\/wp\/v2\/comments?post=139305"}],"version-history":[{"count":1,"href":"https:\/\/corrientesdetarde.com\/index.php\/wp-json\/wp\/v2\/posts\/139305\/revisions"}],"predecessor-version":[{"id":139383,"href":"https:\/\/corrientesdetarde.com\/index.php\/wp-json\/wp\/v2\/posts\/139305\/revisions\/139383"}],"wp:featuredmedia":[{"embeddable":true,"href":"https:\/\/corrientesdetarde.com\/index.php\/wp-json\/wp\/v2\/media\/139381"}],"wp:attachment":[{"href":"https:\/\/corrientesdetarde.com\/index.php\/wp-json\/wp\/v2\/media?parent=139305"}],"wp:term":[{"taxonomy":"category","embeddable":true,"href":"https:\/\/corrientesdetarde.com\/index.php\/wp-json\/wp\/v2\/categories?post=139305"},{"taxonomy":"post_tag","embeddable":true,"href":"https:\/\/corrientesdetarde.com\/index.php\/wp-json\/wp\/v2\/tags?post=139305"}],"curies":[{"name":"wp","href":"https:\/\/api.w.org\/{rel}","templated":true}]}}