{"id":139372,"date":"2024-04-10T23:33:27","date_gmt":"2024-04-11T02:33:27","guid":{"rendered":"https:\/\/corrientesdetarde.com\/?p=139372"},"modified":"2024-04-10T23:33:39","modified_gmt":"2024-04-11T02:33:39","slug":"en-el-mes-de-corrientes-el-cine-para-la-familia-llego-al-barrio-santa-marta","status":"publish","type":"post","link":"https:\/\/corrientesdetarde.com\/index.php\/cultura\/en-el-mes-de-corrientes-el-cine-para-la-familia-llego-al-barrio-santa-marta\/","title":{"rendered":"En el Mes de Corrientes, el \u201cCine para la familia\u201d lleg\u00f3 al barrio Santa Marta"},"content":{"rendered":"\n<p><em>Con masiva asistencia de grandes y chicos, la actividad organizada por la Municipalidad desembarc\u00f3 en la delegaci\u00f3n del Santa Marta. La pr\u00f3xima cita ser\u00e1 el martes 16 de abril, a partir de las 19, en el Quintana. A lo largo de abril tambi\u00e9n llegar\u00e1n a distintos puntos de la ciudad, propuestas circenses, teatro, danza y m\u00fasica.<\/em><\/p>\n\n\n\n<figure class=\"wp-block-embed is-type-video is-provider-youtube wp-block-embed-youtube wp-embed-aspect-16-9 wp-has-aspect-ratio\"><div class=\"wp-block-embed__wrapper\">\n<iframe loading=\"lazy\" title=\"Cine en tu barrio\" width=\"1110\" height=\"624\" src=\"https:\/\/www.youtube.com\/embed\/JoQ699DdN-g?feature=oembed\" frameborder=\"0\" allow=\"accelerometer; autoplay; clipboard-write; encrypted-media; gyroscope; picture-in-picture; web-share\" referrerpolicy=\"strict-origin-when-cross-origin\" allowfullscreen><\/iframe>\n<\/div><\/figure>\n\n\n\n<p>En el marco del Mes de Corrientes, la Municipalidad puso a disposici\u00f3n de los vecinos del barrio Santa Mar\u00eda, la propuesta \u201cCine para la familia\u201d que lleg\u00f3 con la proyecci\u00f3n de la pel\u00edcula \u201cIntensamente\u201d.<br><br>En la delegaci\u00f3n, ubicada en R\u00edo Limay entre Triunvirato y Congreso, varias familias disfrutaron de la propuesta gratuita que llev\u00f3 un mensaje positivo para todos los presentes. En la oportunidad, para completar una verdadera tarde de cine para la familia, tambi\u00e9n compartieron una merienda acorde.<br><br>La coordinadora de Planificaci\u00f3n Art\u00edstica de la Secretar\u00eda de Cultura y Educaci\u00f3n del municipio, Patricia Barboza celebr\u00f3 la asistencia de las familias y destac\u00f3 el entusiasmo de los chicos.<\/p>\n\n\n\n<figure class=\"wp-block-image size-large\"><img loading=\"lazy\" decoding=\"async\" width=\"1024\" height=\"688\" src=\"https:\/\/corrientesdetarde.com\/wp-content\/uploads\/2024\/04\/image-232-1024x688.png\" alt=\"\" class=\"wp-image-139374\" srcset=\"https:\/\/corrientesdetarde.com\/wp-content\/uploads\/2024\/04\/image-232-1024x688.png 1024w, https:\/\/corrientesdetarde.com\/wp-content\/uploads\/2024\/04\/image-232-300x202.png 300w, https:\/\/corrientesdetarde.com\/wp-content\/uploads\/2024\/04\/image-232-768x516.png 768w, https:\/\/corrientesdetarde.com\/wp-content\/uploads\/2024\/04\/image-232.png 1260w\" sizes=\"auto, (max-width: 1024px) 100vw, 1024px\" \/><\/figure>\n\n\n\n<p><br><br>\u201cHoy iniciamos con el Cine para la familia, con una pel\u00edcula muy divertida, pero tambi\u00e9n con un lindo mensaje, Intensamente cont\u00f3 con una importante cantidad de chicos entusiasmados por la pel\u00edcula, que compartieron poror\u00f3. Estas son actividades que inician con el Mes de Corrientes, pero la intenci\u00f3n es seguir llev\u00e1ndolas a cabo durante todo el a\u00f1o\u201d, se\u00f1al\u00f3.<br><br>Asimismo, adelant\u00f3 que el pr\u00f3ximo martes la propuesta llegar\u00e1 a la delegaci\u00f3n municipal del barrio Quintana, y tambi\u00e9n se desarrollar\u00e1 en el barrio Pirayui Nuevo, 550 viviendas. Aclar\u00f3 que la actividad no se suspende por lluvia porque se realizan en lugares bajo techo.<br><br>Otra de las propuestas que se viene llevando adelante en el marco del Mes de Corrientes, es la del Circo en tu barrio, que este jueves -si las condiciones clim\u00e1ticas acompa\u00f1an- estar\u00e1 en el barrio Industrial, a las 17, y tambi\u00e9n recorrer\u00e1 toda la ciudad.<\/p>\n\n\n\n<figure class=\"wp-block-image size-large\"><img loading=\"lazy\" decoding=\"async\" width=\"1024\" height=\"679\" src=\"https:\/\/corrientesdetarde.com\/wp-content\/uploads\/2024\/04\/image-233-1024x679.png\" alt=\"\" class=\"wp-image-139375\" srcset=\"https:\/\/corrientesdetarde.com\/wp-content\/uploads\/2024\/04\/image-233-1024x679.png 1024w, https:\/\/corrientesdetarde.com\/wp-content\/uploads\/2024\/04\/image-233-300x199.png 300w, https:\/\/corrientesdetarde.com\/wp-content\/uploads\/2024\/04\/image-233-768x509.png 768w, https:\/\/corrientesdetarde.com\/wp-content\/uploads\/2024\/04\/image-233.png 1258w\" sizes=\"auto, (max-width: 1024px) 100vw, 1024px\" \/><\/figure>\n\n\n\n<p><br><br>Los s\u00e1bados, en tanto, es el turno de \u201cA bailar en los barrios\u201d con conjuntos musicales de chamam\u00e9 y de cumbia. Tambi\u00e9n iniciar\u00e1n clases gratuitas de chamam\u00e9 en el Centro de Integraci\u00f3n Comunitaria (CIC) del barrio San Ignacio.<br><br>\u201cAs\u00ed, de esta manera vamos acercando todo lo que es cultura, tradiciones, arte y muchas otras propuestas a los barrios de nuestra ciudad\u201d, reconoci\u00f3 Barboza.<br><br>El viernes, a las 20, en el Centro Cultural Adolfo Mors (Carlos Pellegrini 542), se desarrollar\u00e1 el ciclo \u201cNuestra M\u00fasica\u201d. Asimismo, el s\u00e1bado, a las 19, \u201cA bailar en los barrios\u201d desembarcar\u00e1 en la plaza La Tradici\u00f3n del barrio San Ger\u00f3nimo, ubicada en Av. Alfons\u00edn y Lastra, ambas propuestas con m\u00fasica y danza aut\u00f3ctona.<\/p>\n\n\n\n<figure class=\"wp-block-image size-large\"><img loading=\"lazy\" decoding=\"async\" width=\"1024\" height=\"686\" src=\"https:\/\/corrientesdetarde.com\/wp-content\/uploads\/2024\/04\/image-234-1024x686.png\" alt=\"\" class=\"wp-image-139376\" srcset=\"https:\/\/corrientesdetarde.com\/wp-content\/uploads\/2024\/04\/image-234-1024x686.png 1024w, https:\/\/corrientesdetarde.com\/wp-content\/uploads\/2024\/04\/image-234-300x201.png 300w, https:\/\/corrientesdetarde.com\/wp-content\/uploads\/2024\/04\/image-234-768x514.png 768w, https:\/\/corrientesdetarde.com\/wp-content\/uploads\/2024\/04\/image-234.png 1259w\" sizes=\"auto, (max-width: 1024px) 100vw, 1024px\" \/><\/figure>\n\n\n\n<p><br><br>PARA TODOS LOS VECINOS<br><br>El dise\u00f1o del programa de actividades municipales que forman parte del Mes de Corrientes tiene como objetivo principal que todos los vecinos participen de las mismas durante todo el mes. Para ello, la Municipalidad gener\u00f3 una agenda amplia para todos los gustos y totalmente gratuita, que no suceder\u00e1 \u00fanicamente en lugares tradicionales y c\u00e9ntricos, sino que tambi\u00e9n se llevar\u00e1 a cabo en los distintos barrios.<br><br>Para conocer en detalle el programa, ingresar a la p\u00e1gina de la Municipalidad de Corrientes, a trav\u00e9s del siguiente link:\u00a0<a href=\"https:\/\/ciudaddecorrientes.us12.list-manage.com\/track\/click?u=253e4bcff71216c6af771c3c9&amp;id=7f59442698&amp;e=17643edfa8\" target=\"_blank\" rel=\"noreferrer noopener\">https:\/\/ciudaddecorrientes.gov.ar\/mesdecorrientes<\/a><\/p>\n","protected":false},"excerpt":{"rendered":"<p>Con masiva asistencia de grandes y chicos, la actividad organizada por la Municipalidad desembarc\u00f3 en la delegaci\u00f3n del Santa Marta. La pr\u00f3xima cita ser\u00e1 el martes 16 de abril, a&hellip; <\/p>\n","protected":false},"author":4,"featured_media":139373,"comment_status":"closed","ping_status":"open","sticky":false,"template":"","format":"standard","meta":{"footnotes":""},"categories":[15,17],"tags":[],"class_list":["post-139372","post","type-post","status-publish","format-standard","has-post-thumbnail","hentry","category-cultura","category-sociales"],"_links":{"self":[{"href":"https:\/\/corrientesdetarde.com\/index.php\/wp-json\/wp\/v2\/posts\/139372","targetHints":{"allow":["GET"]}}],"collection":[{"href":"https:\/\/corrientesdetarde.com\/index.php\/wp-json\/wp\/v2\/posts"}],"about":[{"href":"https:\/\/corrientesdetarde.com\/index.php\/wp-json\/wp\/v2\/types\/post"}],"author":[{"embeddable":true,"href":"https:\/\/corrientesdetarde.com\/index.php\/wp-json\/wp\/v2\/users\/4"}],"replies":[{"embeddable":true,"href":"https:\/\/corrientesdetarde.com\/index.php\/wp-json\/wp\/v2\/comments?post=139372"}],"version-history":[{"count":1,"href":"https:\/\/corrientesdetarde.com\/index.php\/wp-json\/wp\/v2\/posts\/139372\/revisions"}],"predecessor-version":[{"id":139377,"href":"https:\/\/corrientesdetarde.com\/index.php\/wp-json\/wp\/v2\/posts\/139372\/revisions\/139377"}],"wp:featuredmedia":[{"embeddable":true,"href":"https:\/\/corrientesdetarde.com\/index.php\/wp-json\/wp\/v2\/media\/139373"}],"wp:attachment":[{"href":"https:\/\/corrientesdetarde.com\/index.php\/wp-json\/wp\/v2\/media?parent=139372"}],"wp:term":[{"taxonomy":"category","embeddable":true,"href":"https:\/\/corrientesdetarde.com\/index.php\/wp-json\/wp\/v2\/categories?post=139372"},{"taxonomy":"post_tag","embeddable":true,"href":"https:\/\/corrientesdetarde.com\/index.php\/wp-json\/wp\/v2\/tags?post=139372"}],"curies":[{"name":"wp","href":"https:\/\/api.w.org\/{rel}","templated":true}]}}