{"id":139386,"date":"2024-04-11T08:50:14","date_gmt":"2024-04-11T11:50:14","guid":{"rendered":"https:\/\/corrientesdetarde.com\/?p=139386"},"modified":"2024-04-11T08:50:17","modified_gmt":"2024-04-11T11:50:17","slug":"vecinos-atemorizados-no-quieren-a-feroz-perra-pitbull-en-su-barrio","status":"publish","type":"post","link":"https:\/\/corrientesdetarde.com\/index.php\/sociales\/vecinos-atemorizados-no-quieren-a-feroz-perra-pitbull-en-su-barrio\/","title":{"rendered":"Vecinos atemorizados no quieren a feroz perra pitbull en su barrio"},"content":{"rendered":"\n<p>Luego de una jornada de terror vivida por vecinos del barrio San Ger\u00f3nimo como consecuencia de una pitbull que mat\u00f3 a un caniche, vecinos no quieren m\u00e1s al animal en el barrio por temor a consecuencias mayores.<\/p>\n\n\n\n<p> Graciela Pruyas, vecina damnificada que sufri\u00f3 la muerte de su caniche de cinco a\u00f1os, dijo: &#8220;Quiero que esa perra se vaya del barrio porque el problema cada vez ser\u00e1 mayor. Supongamos que hay otro descuido de la due\u00f1a y si le agarra a una criatura esto ser\u00e1 una tragedia&#8221;.<\/p>\n\n\n\n<p>Seg\u00fan cont\u00f3 la vecina, cuando la perra pitbull vio a su caniche, corri\u00f3 y entr\u00f3 a su casa. A la vez, detall\u00f3: &#8220;Entr\u00f3 hasta la mitad de mi comedor y atac\u00f3 a mi perro porque no quiere a los caniches ni a los perros chicos&#8221;.<\/p>\n\n\n\n<p>La se\u00f1ora remarc\u00f3: &#8220;Hice la denuncia, primero realic\u00e9 la exposici\u00f3n, pero ahora hice la denuncia&#8221;. Pudimos confirmar que se realiz\u00f3 en la Comisar\u00eda 16\u00aa que pertenece al San Ger\u00f3nimo.<\/p>\n\n\n\n<p>Personal de la Municipalidad del \u00e1rea de Bienestar Animal se acerc\u00f3 hasta el domicilio de Graciela para corroborar lo sucedido y su pedido fue concreto de que retiren al animal del barrio. &#8220;Tengo miedo porque ese d\u00eda sali\u00f3 con una furia y entr\u00f3 a mi casa&#8221;, asever\u00f3.<\/p>\n\n\n\n<p>La due\u00f1a de la perra recibi\u00f3 una multa que ascender\u00eda a los $37.000, lo que no dej\u00f3 muy conforme a vecinos que piden que el animal peligroso no est\u00e9 m\u00e1s en el barrio.<\/p>\n\n\n\n<p>Entre la desgracia de la muerte de su perrito caniche, Graciela resalt\u00f3 que ese d\u00eda tuvieron suerte. &#8220;Porque atr\u00e1s ven\u00eda mi nieto que tiene par\u00e1lisis motriz&#8221;, quien pudo ser la v\u00edctima tambi\u00e9n de este feroz animal. &#8220;Agradecemos que no lo agarr\u00f3 al nene, porque si lo agarraba \u00edbamos a estar llorando por una persona&#8221;, acentu\u00f3.<\/p>\n\n\n\n<p>&#8220;Cuando la chica (por su vecina due\u00f1a de la perra pitbull) saca su auto, suele salir la perra. Ya mordi\u00f3 a varios perritos y a una perrita de enfrente le salvaron unos chicos porque si no tambi\u00e9n la hubiese matado&#8221;, dijo.<\/p>\n\n\n\n<p>El d\u00eda que ocurri\u00f3 la tragedia, Graciela record\u00f3: &#8220;Mi hijo sali\u00f3 con un cuchillo porque cre\u00eda que era el nene al que atac\u00f3 y todos vieron c\u00f3mo le mord\u00eda la cabeza y escuchamos c\u00f3mo se romp\u00edan sus huesos&#8221;.<\/p>\n\n\n\n<p>Habr\u00e1 que ver qu\u00e9 deciden las autoridades, ya que el animal es un riesgo potencial para todos los vecinos.<\/p>\n\n\n\n<h2 class=\"wp-block-heading\">Relanzan el programa &#8220;Mascotas Saludables&#8221;<\/h2>\n\n\n\n<p>El intendente Eduardo Tassano particip\u00f3 del primer operativo del a\u00f1o de atenci\u00f3n a las mascotas en el barrio Laguna Seca, en el relanzamiento 2024 del programa Mascotas Saludables donde se brindaron cuidados y atenci\u00f3n gratuita.<\/p>\n\n\n\n<p>&#8220;Es uno de los servicios municipales de los m\u00e1s demandados, lo que demuestra la importancia que tiene para nosotros los correntinos que nuestras mascotas est\u00e9n bien. El bienestar de la ciudad es tambi\u00e9n el cuidado de los animales&#8221;, ratific\u00f3 Tassano al participar de este primer operativo del a\u00f1o. A la vez, record\u00f3 que &#8220;es un trabajo que se realizar\u00e1 todo el a\u00f1o en todos los barrios. Es un servicio constante&#8221;.<\/p>\n\n\n\n<p>El cronograma mensual para el programa Mascotas Saludables para abril es el siguiente:<\/p>\n\n\n\n<p>Viernes 12: barrio Molina Punta (calles Las Margaritas y Ca\u00e1 Cat\u00ed).<\/p>\n\n\n\n<p>Mi\u00e9rcoles 17: barrio Pirayu\u00ed Viejo (calles Cuba y Ojeda, en Delegaci\u00f3n Municipal).<\/p>\n\n\n\n<p>Viernes 19: barrio Ba\u00f1ado Norte (V\u00e9lez Sarsfield y Guido Spano, en Delegaci\u00f3n Municipal).<\/p>\n\n\n\n<p>Mi\u00e9rcoles 24: barrio Laguna Brava (en plaza Madariaga, en Mocito Acu\u00f1a y Calle 6).<\/p>\n\n\n\n<p>Viernes 26: barrio Santa Mar\u00eda (en calle R\u00edo Limay y Congreso).<\/p>\n\n\n\n<p>Martes 30: barrio Independencia (en Calle Leloir 1900, en la Delegaci\u00f3n Municipal).<\/p>\n","protected":false},"excerpt":{"rendered":"<p>Luego de una jornada de terror vivida por vecinos del barrio San Ger\u00f3nimo como consecuencia de una pitbull que mat\u00f3 a un caniche, vecinos no quieren m\u00e1s al animal en&hellip; <\/p>\n","protected":false},"author":12,"featured_media":139400,"comment_status":"closed","ping_status":"open","sticky":false,"template":"","format":"standard","meta":{"footnotes":""},"categories":[17],"tags":[],"class_list":["post-139386","post","type-post","status-publish","format-standard","has-post-thumbnail","hentry","category-sociales"],"_links":{"self":[{"href":"https:\/\/corrientesdetarde.com\/index.php\/wp-json\/wp\/v2\/posts\/139386","targetHints":{"allow":["GET"]}}],"collection":[{"href":"https:\/\/corrientesdetarde.com\/index.php\/wp-json\/wp\/v2\/posts"}],"about":[{"href":"https:\/\/corrientesdetarde.com\/index.php\/wp-json\/wp\/v2\/types\/post"}],"author":[{"embeddable":true,"href":"https:\/\/corrientesdetarde.com\/index.php\/wp-json\/wp\/v2\/users\/12"}],"replies":[{"embeddable":true,"href":"https:\/\/corrientesdetarde.com\/index.php\/wp-json\/wp\/v2\/comments?post=139386"}],"version-history":[{"count":1,"href":"https:\/\/corrientesdetarde.com\/index.php\/wp-json\/wp\/v2\/posts\/139386\/revisions"}],"predecessor-version":[{"id":139401,"href":"https:\/\/corrientesdetarde.com\/index.php\/wp-json\/wp\/v2\/posts\/139386\/revisions\/139401"}],"wp:featuredmedia":[{"embeddable":true,"href":"https:\/\/corrientesdetarde.com\/index.php\/wp-json\/wp\/v2\/media\/139400"}],"wp:attachment":[{"href":"https:\/\/corrientesdetarde.com\/index.php\/wp-json\/wp\/v2\/media?parent=139386"}],"wp:term":[{"taxonomy":"category","embeddable":true,"href":"https:\/\/corrientesdetarde.com\/index.php\/wp-json\/wp\/v2\/categories?post=139386"},{"taxonomy":"post_tag","embeddable":true,"href":"https:\/\/corrientesdetarde.com\/index.php\/wp-json\/wp\/v2\/tags?post=139386"}],"curies":[{"name":"wp","href":"https:\/\/api.w.org\/{rel}","templated":true}]}}