{"id":13941,"date":"2022-10-24T11:11:06","date_gmt":"2022-10-24T14:11:06","guid":{"rendered":"https:\/\/corrientesdetarde.com\/?p=13941"},"modified":"2022-10-24T11:11:09","modified_gmt":"2022-10-24T14:11:09","slug":"un-motociclista-de-17-anos-fallecio-tras-una-colision-con-un-auto","status":"publish","type":"post","link":"https:\/\/corrientesdetarde.com\/index.php\/crimen-y-justicia\/un-motociclista-de-17-anos-fallecio-tras-una-colision-con-un-auto\/","title":{"rendered":"Un motociclista de 17 a\u00f1os falleci\u00f3 tras una colisi\u00f3n con un auto"},"content":{"rendered":"\n<p>El siniestro vial ocurri\u00f3 anoche sobre Ruta 117, a la altura del km 8. El conductor del auto es otro joven, de 28 a\u00f1os.<\/p>\n\n\n\n<p>En horas de la noche de ayer 23-10-22, Efectivos Policiales de la Comisaria de Distrito 2da. de Paso de Los Libres, tomaron conocimiento que, por Ruta N\u00ba 117, a la altura del Km 8 aproximadamente -por causas y en circunstancias que se tratan de establecer-; se habr\u00eda registrado un siniestro vial.<\/p>\n\n\n\n<p>Seg\u00fan las primeras averiguaciones efectuadas, el mismo habr\u00eda tenido como protagonistas a un veh\u00edculo automotor (Golf) conducido por un hombre de 28 a\u00f1os de edad, y una motocicleta (Honda Wave, 110 CC) guiada por un joven de 17 a\u00f1os de edad, quien a consecuencia del accidente, falleci\u00f3 en el lugar.<\/p>\n\n\n\n<p>Al respecto, se efectuaron las diligencias de rigor correspondientes mientras que, por razones de jurisdicci\u00f3n, en la citada Comisaria de Distrito, se lleva a cabo los tr\u00e1mites del caso.<\/p>\n","protected":false},"excerpt":{"rendered":"<p>El siniestro vial ocurri\u00f3 anoche sobre Ruta 117, a la altura del km 8. El conductor del auto es otro joven, de 28 a\u00f1os. En horas de la noche de&hellip; <\/p>\n","protected":false},"author":4,"featured_media":13943,"comment_status":"closed","ping_status":"open","sticky":false,"template":"","format":"standard","meta":{"footnotes":""},"categories":[5],"tags":[],"class_list":["post-13941","post","type-post","status-publish","format-standard","has-post-thumbnail","hentry","category-crimen-y-justicia"],"_links":{"self":[{"href":"https:\/\/corrientesdetarde.com\/index.php\/wp-json\/wp\/v2\/posts\/13941","targetHints":{"allow":["GET"]}}],"collection":[{"href":"https:\/\/corrientesdetarde.com\/index.php\/wp-json\/wp\/v2\/posts"}],"about":[{"href":"https:\/\/corrientesdetarde.com\/index.php\/wp-json\/wp\/v2\/types\/post"}],"author":[{"embeddable":true,"href":"https:\/\/corrientesdetarde.com\/index.php\/wp-json\/wp\/v2\/users\/4"}],"replies":[{"embeddable":true,"href":"https:\/\/corrientesdetarde.com\/index.php\/wp-json\/wp\/v2\/comments?post=13941"}],"version-history":[{"count":1,"href":"https:\/\/corrientesdetarde.com\/index.php\/wp-json\/wp\/v2\/posts\/13941\/revisions"}],"predecessor-version":[{"id":13944,"href":"https:\/\/corrientesdetarde.com\/index.php\/wp-json\/wp\/v2\/posts\/13941\/revisions\/13944"}],"wp:featuredmedia":[{"embeddable":true,"href":"https:\/\/corrientesdetarde.com\/index.php\/wp-json\/wp\/v2\/media\/13943"}],"wp:attachment":[{"href":"https:\/\/corrientesdetarde.com\/index.php\/wp-json\/wp\/v2\/media?parent=13941"}],"wp:term":[{"taxonomy":"category","embeddable":true,"href":"https:\/\/corrientesdetarde.com\/index.php\/wp-json\/wp\/v2\/categories?post=13941"},{"taxonomy":"post_tag","embeddable":true,"href":"https:\/\/corrientesdetarde.com\/index.php\/wp-json\/wp\/v2\/tags?post=13941"}],"curies":[{"name":"wp","href":"https:\/\/api.w.org\/{rel}","templated":true}]}}