{"id":139587,"date":"2024-04-11T20:15:24","date_gmt":"2024-04-11T23:15:24","guid":{"rendered":"https:\/\/corrientesdetarde.com\/?p=139587"},"modified":"2024-04-11T20:15:28","modified_gmt":"2024-04-11T23:15:28","slug":"corrientes-es-sede-de-la-comision-regional-de-trasplante-del-nea","status":"publish","type":"post","link":"https:\/\/corrientesdetarde.com\/index.php\/bienestar-y-salud\/corrientes-es-sede-de-la-comision-regional-de-trasplante-del-nea\/","title":{"rendered":"Corrientes es sede de la Comisi\u00f3n Regional de Trasplante del NEA"},"content":{"rendered":"\n<p><em>En la apertura, el ministro Ricardo Cardozo valor\u00f3 el trabajo del INCUCAI, el CUCAICOR y de todas las instituciones de las provincias vecinas que se dedican a la procuraci\u00f3n y trasplante de \u00f3rganos. \u201cEs una tarea solidaridad y de humanismo\u201d, dijo.<\/em><\/p>\n\n\n\n<p>El ministro de Salud P\u00fablica de la Provincia, Ricardo Cardozo, encabez\u00f3 hoy la apertura de la reuni\u00f3n de la Comisi\u00f3n Regional de Trasplante del NEA (CORETRA), que se realiza en la ciudad de Corrientes este 11 y 12 de abril.<\/p>\n\n\n\n<p>La actividad se llev\u00f3 a cabo en el Sal\u00f3n Business Center del Hotel Turismo de Corrientes. En la apertura, el ministro&nbsp;<strong>Ricardo Cardozo<\/strong>&nbsp;agradeci\u00f3 la presencia del vicepresidente del INCUCAI, &nbsp;Richard Malan, y de todos los representantes de las instituciones del NEA vinculadas a la procuraci\u00f3n y trasplante de \u00f3rganos y remarc\u00f3 la importancia del trabajo que realizan todas las provincias de la regi\u00f3n. \u201cQuiero transmitirles el apoyo del Gobierno provincial y del Ministerio de Salud P\u00fablica de Corrientes y del se\u00f1or gobernador Gustavo Vald\u00e9s en estas actividades\u201d, les dijo y agreg\u00f3: \u201cQuiero reconocer la persistencia del INCUAI, ya que es un ejemplo de lo que deber\u00edan ser las instituciones del pa\u00eds. Trabajamos juntos desde hace mucho tiempo, desde que se form\u00f3 el CUCAICOR, 30 a\u00f1os, y estamos sumamente agradecidos\u201d.<\/p>\n\n\n\n<p>En la misma l\u00ednea, ponder\u00f3 el trabajo del CUCAICOR y de las dem\u00e1s instituciones presentes y remarc\u00f3: \u201cLa tarea de solidaridad y de humanismo que ustedes realizan es sumamente valorable\u201d y, para ilustrar el compromiso de Corrientes en ese contexto, record\u00f3: \u201cEste mi\u00e9rcoles justamente estuvimos reunidos con todo un grupo del hospital Escuela evaluando y so\u00f1ando con la posibilidad de realizar trasplantes renales en ese hospital y esto lo menciono porque habla de la importancia de dar respuesta adecuada a todos aquellos ciudadanos que est\u00e1n dependiendo de un equipo de di\u00e1lisis\u201d. \u201cEs una obligaci\u00f3n nuestra tratar de modificar esa realidad a esas personas\u201d, enfatiz\u00f3.<\/p>\n\n\n\n<p>El ministro Cardozo, estuvo acompa\u00f1ado por director general de Gesti\u00f3n Hospitalaria e Instituciones de Salud, Mario Rodr\u00edguez. Por parte del CUCAICOR, estuvo su director, H\u00e9ctor \u00c1lvarez; el coordinador del \u00e1rea m\u00e9dica del CUCAICOR, Emiliano Alfonso; y la trabajadora social del CUCAICOR, Laura Garces.<\/p>\n\n\n\n<p>Por parte del INCUCAI, estuvo su vicepresidente Richard Malan. Por parte del CUCAICHACO, de Chaco, su director Walter Bonfati. Y, por parte del CUCAIMIS de Misiones, su director Luis Esquivel. Por parte del CUCAIFOR, de Formosa, su director, Guido Granberg.<\/p>\n\n\n\n<figure class=\"wp-block-image size-large\"><img loading=\"lazy\" decoding=\"async\" width=\"1024\" height=\"683\" src=\"https:\/\/corrientesdetarde.com\/wp-content\/uploads\/2024\/04\/image-264-1024x683.png\" alt=\"\" class=\"wp-image-139595\" srcset=\"https:\/\/corrientesdetarde.com\/wp-content\/uploads\/2024\/04\/image-264-1024x683.png 1024w, https:\/\/corrientesdetarde.com\/wp-content\/uploads\/2024\/04\/image-264-300x200.png 300w, https:\/\/corrientesdetarde.com\/wp-content\/uploads\/2024\/04\/image-264-768x512.png 768w, https:\/\/corrientesdetarde.com\/wp-content\/uploads\/2024\/04\/image-264-1536x1024.png 1536w, https:\/\/corrientesdetarde.com\/wp-content\/uploads\/2024\/04\/image-264-2048x1365.png 2048w\" sizes=\"auto, (max-width: 1024px) 100vw, 1024px\" \/><\/figure>\n","protected":false},"excerpt":{"rendered":"<p>En la apertura, el ministro Ricardo Cardozo valor\u00f3 el trabajo del INCUCAI, el CUCAICOR y de todas las instituciones de las provincias vecinas que se dedican a la procuraci\u00f3n y&hellip; <\/p>\n","protected":false},"author":1,"featured_media":139594,"comment_status":"closed","ping_status":"open","sticky":false,"template":"","format":"standard","meta":{"footnotes":""},"categories":[16],"tags":[],"class_list":["post-139587","post","type-post","status-publish","format-standard","has-post-thumbnail","hentry","category-bienestar-y-salud"],"_links":{"self":[{"href":"https:\/\/corrientesdetarde.com\/index.php\/wp-json\/wp\/v2\/posts\/139587","targetHints":{"allow":["GET"]}}],"collection":[{"href":"https:\/\/corrientesdetarde.com\/index.php\/wp-json\/wp\/v2\/posts"}],"about":[{"href":"https:\/\/corrientesdetarde.com\/index.php\/wp-json\/wp\/v2\/types\/post"}],"author":[{"embeddable":true,"href":"https:\/\/corrientesdetarde.com\/index.php\/wp-json\/wp\/v2\/users\/1"}],"replies":[{"embeddable":true,"href":"https:\/\/corrientesdetarde.com\/index.php\/wp-json\/wp\/v2\/comments?post=139587"}],"version-history":[{"count":1,"href":"https:\/\/corrientesdetarde.com\/index.php\/wp-json\/wp\/v2\/posts\/139587\/revisions"}],"predecessor-version":[{"id":139596,"href":"https:\/\/corrientesdetarde.com\/index.php\/wp-json\/wp\/v2\/posts\/139587\/revisions\/139596"}],"wp:featuredmedia":[{"embeddable":true,"href":"https:\/\/corrientesdetarde.com\/index.php\/wp-json\/wp\/v2\/media\/139594"}],"wp:attachment":[{"href":"https:\/\/corrientesdetarde.com\/index.php\/wp-json\/wp\/v2\/media?parent=139587"}],"wp:term":[{"taxonomy":"category","embeddable":true,"href":"https:\/\/corrientesdetarde.com\/index.php\/wp-json\/wp\/v2\/categories?post=139587"},{"taxonomy":"post_tag","embeddable":true,"href":"https:\/\/corrientesdetarde.com\/index.php\/wp-json\/wp\/v2\/tags?post=139587"}],"curies":[{"name":"wp","href":"https:\/\/api.w.org\/{rel}","templated":true}]}}