{"id":139599,"date":"2024-04-11T20:17:18","date_gmt":"2024-04-11T23:17:18","guid":{"rendered":"https:\/\/corrientesdetarde.com\/?p=139599"},"modified":"2024-04-11T20:17:30","modified_gmt":"2024-04-11T23:17:30","slug":"musica-moda-arte-freestyle-y-deportesentre-las-propuestas-para-este-fin-de-semana","status":"publish","type":"post","link":"https:\/\/corrientesdetarde.com\/index.php\/eventossociedad\/musica-moda-arte-freestyle-y-deportesentre-las-propuestas-para-este-fin-de-semana\/","title":{"rendered":"M\u00fasica, moda, arte, freestyle y deportes,entre las propuestas para este fin de semana"},"content":{"rendered":"\n<p><em>La Municipalidad propone a vecinos y visitantes una extensa y variada oferta cultural que incluye pe\u00f1as, noche de cumbia, desfile de moda, encuentro de arte y competencia de freestyle; y actividades deportivas entre las que se encuentran: golf croquet, ajedrez, nataci\u00f3n, marat\u00f3n sobre rollers y kayak. Al realizarse al aire libre, todas est\u00e1n sujetas a las inclemencias del tiempo.<\/em><\/p>\n\n\n\n<p>En el marco del Mes de Corrientes, la Municipalidad prepar\u00f3 para este fin de semana una amplia y variada agenda de actividades culturales y deportivas, todas gratuitas y para grandes y chicos.<br>\u00a0<br>Como ya es tradici\u00f3n, la Feria de Artesanos tendr\u00e1 lugar el viernes, de 9 a 22, en la plaza Cabral, en tanto que el s\u00e1bado y domingo se trasladar\u00e1 a la avenida Costanera Sur y calle Las Heras, en el mismo horario. En el lugar se podr\u00e1n encontrar objetos totalmente artesanales, hechos por manos correntinas.<br>\u00a0<br>Tambi\u00e9n el viernes, de 8 a 9.30, en el parque Camba Cu\u00e1 (San Luis y 9 de Julio) se llevar\u00e1 adelante un nuevo encuentro de golf croquet.<br>\u00a0<br>En tanto, en el marco del ciclo \u201cNuestra m\u00fasica\u201d, se realizar\u00e1 la \u201cNoche de cumbia\u201d en el Centro Cultural Adolfo Mors (Carlos Pellegrini 542). En este marco, desde las 21, actuar\u00e1n: Los Cyranos, Carlos Daniel y Los Aut\u00e9nticos, Sabor a Cumbia. Habr\u00e1 adem\u00e1s un patio gastron\u00f3mico para disfrutar de la velada.<br>\u00a0<br>DANZA, MODA Y FREESTYLE<br>Las actividades deportivas tambi\u00e9n ser\u00e1n variadas. El s\u00e1bado, desde las 16, se desarrollar\u00e1 en la plaza La Cruz (Belgrano al 900) la plaza Ajedrez &#8220;Copa Arand\u00fa \/ Fecha 1&#8221;.<br>\u00a0<br>En tanto, en el Club de Regatas Corrientes, de 9 a 12, y de 16 a 19, se llevar\u00e1 adelante la 1\u00b0 Fecha del \u201cCircuito Nacional de Nataci\u00f3n\u201d. Mientras que, de 16 a 19, en la avenida Costanera Juan Pablo II y General Paz, se desarrollar\u00e1 la traves\u00eda en kayak \u201cUniendo Playas\u201d.<br>\u00a0<br>Desde las 17, en el Centro Cultural Adolfo Mors (Pellegrijni 542), se realizar\u00e1 la segunda edici\u00f3n de Arte Iteva. En tanto, en el parque Camba Cu\u00e1 (Pellegrini y Chaco), de 18 a 21, se realizar\u00e1 el 6\u00b0 Master de Zumba y Ritmos Latinos.<br>\u00a0<br>De 19 a 3 de la madrugada, en el Paseo Terrazas del Paran\u00e1 (Av. Costanera Gral. San Mart\u00edn y Pasaje Edison), los vecinos y turistas se podr\u00e1n sumar a una nueva edici\u00f3n del evento Corrientes Gin.<br>\u00a0<br>Por otra parte, la propuesta \u201c\u00a1A bailar en los barrios!\u201d llegar\u00e1 el s\u00e1bado, desde las 19, al barrio San Ger\u00f3nimo. M\u00e1s precisamente en la plaza La Tradici\u00f3n (Av. Alfons\u00edn y Lastra). En la oportunidad actuar\u00e1n: el Elenco Municipal Ra\u00edz Chamamecera, Los Rom\u00e1nticos de Sebasti\u00e1n Zoloaga, Tallar\u00edn Ram\u00edrez, Kevin Gonz\u00e1lez y su conjunto, Los Criollos de Corrientes, Los inocentes. Habr\u00e1 tambi\u00e9n para quienes asistan, feria de emprendedores y gastron\u00f3micos.<\/p>\n\n\n\n<figure class=\"wp-block-image size-large\"><img loading=\"lazy\" decoding=\"async\" width=\"1024\" height=\"682\" src=\"https:\/\/corrientesdetarde.com\/wp-content\/uploads\/2024\/04\/image-266-1024x682.png\" alt=\"\" class=\"wp-image-139601\" srcset=\"https:\/\/corrientesdetarde.com\/wp-content\/uploads\/2024\/04\/image-266-1024x682.png 1024w, https:\/\/corrientesdetarde.com\/wp-content\/uploads\/2024\/04\/image-266-300x200.png 300w, https:\/\/corrientesdetarde.com\/wp-content\/uploads\/2024\/04\/image-266-768x512.png 768w, https:\/\/corrientesdetarde.com\/wp-content\/uploads\/2024\/04\/image-266.png 1280w\" sizes=\"auto, (max-width: 1024px) 100vw, 1024px\" \/><\/figure>\n\n\n\n<p><br>\u00a0<br>Durante los d\u00edas s\u00e1bado y domingo, de 9 a 13 y de 16 a 20, en el Campo Deportivo UNNE \u201cDeodoro Roca\u201d (Av. Libertad 5470) se desarrollar\u00e1 la convocatoria para la preselecci\u00f3n de handball en las categor\u00edas menores y cadetes femenino y masculino para la participaci\u00f3n en seleccionados nacionales.<br>\u00a0<br>Desde las 20, se llevar\u00e1 adelante \u201cCrew Corrientes &#8211; Shaolyn Steezy\u201d. Una competencia de freestyle que tendr\u00e1 lugar en la plazoleta Casco, 25 de Mayo y Mendoza.<br>\u00a0<br>Asimismo, otra de las propuestas para cerrar el s\u00e1bado ser\u00e1 \u201cIber\u00e1 Chic: Moda en el Chamam\u00e9\u201d, que se llevar\u00e1 adelante en el\u00a0 anfiteatro Jos\u00e9 Hern\u00e1ndez (costanera y 9 de Julio), desde las 20.<br>\u00a0<br>MARAT\u00d3N, ELECCI\u00d3N Y COMICS<br>El domingo, de 8 a 12, se concretar\u00e1 la 4\u00b0 Marat\u00f3n sobre rollers en las categor\u00edas de ni\u00f1os, adolescentes y adultos en avenida Costanera Juan Pablo II y la rotonda \u201cGeneral Andr\u00e9s Guacurari\u201d.<br>\u00a0<br>A partir de las 17, en el marco del D\u00eda Mundial de la Actividad F\u00edsica, se llevar\u00e1 adelante la jornada deportiva \u201cMuevete y s\u00e9 feliz\u201d en la playa Arazaty (Av. Costanera entre Juan Pablo II y Necochea).<br>\u00a0<br>En Espacio Mari\u00f1o (Santa Fe 847), con entrada libre y gratuita, se realizar\u00e1 el \u201cPatio Comiquero\u201d. Desde las 17, habr\u00e1 feria de c\u00f3mics, mangas, figuras, ilustraciones y cultura urbana.<br>\u00a0<br>Se realizar\u00e1 tambi\u00e9n una nueva edici\u00f3n de Ciudad de Dise\u00f1o. La actividad que congrega a emprendedores locales de dise\u00f1o, textiles, did\u00e1cticos y m\u00e1s, se desarrollar\u00e1 desde las 18, en el paseo ubicado en avenida Costanera General San Mart\u00edn y Pellegrini. Formar\u00e1 parte de la propuesta, el cl\u00e1sico patio gastron\u00f3mico.<br>\u00a0<br>Desde las 20, en la Sociedad Italiana de Corrientes (Carlos Pellegrini 1139) ser\u00e1 la elecci\u00f3n de representantes de la ciudad. En la oportunidad se elegir\u00e1n una representante femenina, un representante masculino y un representante de la diversidad. Est\u00e1 prevista la actuaci\u00f3n de Leo Acu\u00f1a.<br>\u00a0<br>Para cerrar el fin de semana, el domingo, a las 19, en la rotonda Plaza Espa\u00f1a (Av. Pujol y Carlos Pellegrini) se har\u00e1 una nueva Pe\u00f1a Oficial de la Ciudad. En este caso, actuar\u00e1n el ballet Inclusivo Divino Ni\u00f1o Jes\u00fas, el elenco Municipal Corrientes Norte, los Indiferentes del chamam\u00e9, Angir\u00fa, \u201cDe Lo Nuestro\u201d, con Jorge y Agust\u00edn Puyol, Kevin Gonz\u00e1lez y su conjunto y Los Hermanos Ortiz. Habr\u00e1 en la oportunidad, feria gastron\u00f3mica y emprendedora.<br>\u00a0<br>Cabe se\u00f1alar que para conocer todas las propuestas que se vivir\u00e1n a lo largo del Mes de Corrientes, se puede visitar el siguiente link:<br><br><a href=\"https:\/\/ciudaddecorrientes.us12.list-manage.com\/track\/click?u=253e4bcff71216c6af771c3c9&amp;id=b8eb1b6b69&amp;e=17643edfa8\" target=\"_blank\" rel=\"noreferrer noopener\">https:\/\/ciudadecorrientes.gov.ar\/mesdecorrientes<\/a><\/p>\n\n\n\n<p><\/p>\n\n\n\n<figure class=\"wp-block-image size-large\"><img loading=\"lazy\" decoding=\"async\" width=\"1024\" height=\"682\" src=\"https:\/\/corrientesdetarde.com\/wp-content\/uploads\/2024\/04\/image-265-1024x682.png\" alt=\"\" class=\"wp-image-139600\" srcset=\"https:\/\/corrientesdetarde.com\/wp-content\/uploads\/2024\/04\/image-265-1024x682.png 1024w, https:\/\/corrientesdetarde.com\/wp-content\/uploads\/2024\/04\/image-265-300x200.png 300w, https:\/\/corrientesdetarde.com\/wp-content\/uploads\/2024\/04\/image-265-768x512.png 768w, https:\/\/corrientesdetarde.com\/wp-content\/uploads\/2024\/04\/image-265.png 1280w\" sizes=\"auto, (max-width: 1024px) 100vw, 1024px\" \/><\/figure>\n","protected":false},"excerpt":{"rendered":"<p>La Municipalidad propone a vecinos y visitantes una extensa y variada oferta cultural que incluye pe\u00f1as, noche de cumbia, desfile de moda, encuentro de arte y competencia de freestyle; y&hellip; <\/p>\n","protected":false},"author":1,"featured_media":139602,"comment_status":"closed","ping_status":"open","sticky":false,"template":"","format":"standard","meta":{"footnotes":""},"categories":[1208],"tags":[],"class_list":["post-139599","post","type-post","status-publish","format-standard","has-post-thumbnail","hentry","category-eventossociedad"],"_links":{"self":[{"href":"https:\/\/corrientesdetarde.com\/index.php\/wp-json\/wp\/v2\/posts\/139599","targetHints":{"allow":["GET"]}}],"collection":[{"href":"https:\/\/corrientesdetarde.com\/index.php\/wp-json\/wp\/v2\/posts"}],"about":[{"href":"https:\/\/corrientesdetarde.com\/index.php\/wp-json\/wp\/v2\/types\/post"}],"author":[{"embeddable":true,"href":"https:\/\/corrientesdetarde.com\/index.php\/wp-json\/wp\/v2\/users\/1"}],"replies":[{"embeddable":true,"href":"https:\/\/corrientesdetarde.com\/index.php\/wp-json\/wp\/v2\/comments?post=139599"}],"version-history":[{"count":1,"href":"https:\/\/corrientesdetarde.com\/index.php\/wp-json\/wp\/v2\/posts\/139599\/revisions"}],"predecessor-version":[{"id":139603,"href":"https:\/\/corrientesdetarde.com\/index.php\/wp-json\/wp\/v2\/posts\/139599\/revisions\/139603"}],"wp:featuredmedia":[{"embeddable":true,"href":"https:\/\/corrientesdetarde.com\/index.php\/wp-json\/wp\/v2\/media\/139602"}],"wp:attachment":[{"href":"https:\/\/corrientesdetarde.com\/index.php\/wp-json\/wp\/v2\/media?parent=139599"}],"wp:term":[{"taxonomy":"category","embeddable":true,"href":"https:\/\/corrientesdetarde.com\/index.php\/wp-json\/wp\/v2\/categories?post=139599"},{"taxonomy":"post_tag","embeddable":true,"href":"https:\/\/corrientesdetarde.com\/index.php\/wp-json\/wp\/v2\/tags?post=139599"}],"curies":[{"name":"wp","href":"https:\/\/api.w.org\/{rel}","templated":true}]}}