{"id":13980,"date":"2022-10-24T12:23:13","date_gmt":"2022-10-24T15:23:13","guid":{"rendered":"https:\/\/corrientesdetarde.com\/?p=13980"},"modified":"2022-10-24T12:23:18","modified_gmt":"2022-10-24T15:23:18","slug":"tassano-en-encuentro-sobre-ciencia-y-tecnologia-apostamos-a-una-ciudad-con-innovacion-conocimiento-y-oportunidades","status":"publish","type":"post","link":"https:\/\/corrientesdetarde.com\/index.php\/locales\/tassano-en-encuentro-sobre-ciencia-y-tecnologia-apostamos-a-una-ciudad-con-innovacion-conocimiento-y-oportunidades\/","title":{"rendered":"Tassano, en encuentro sobre ciencia y tecnolog\u00eda:\u00a0\u201cApostamos a una ciudad con innovaci\u00f3n, conocimiento y oportunidades\u201d"},"content":{"rendered":"\n<p><em>El intendente particip\u00f3 de la primera edici\u00f3n de \u201cTecnociencia\u201d, un evento de capacitaci\u00f3n y actualizaci\u00f3n organizado por el Ministerio de Ciencia y Tecnolog\u00eda de la Provincia, que se llev\u00f3 a cabo en el marco de la Semana Nacional en la materia. El Municipio acompa\u00f1\u00f3 la iniciativa con difusi\u00f3n de programas propios y talleres espec\u00edficos que ofrece en este sentido y que lleva a cabo con notable repercusi\u00f3n.<\/em><\/p>\n\n\n\n<figure class=\"wp-block-embed is-type-video is-provider-youtube wp-block-embed-youtube wp-embed-aspect-16-9 wp-has-aspect-ratio\"><div class=\"wp-block-embed__wrapper\">\n<iframe loading=\"lazy\" title=\"Tassano particip\u00f3 de la primera edici\u00f3n en Corrientes de \u201cTecnociencia\u201d\" width=\"1110\" height=\"624\" src=\"https:\/\/www.youtube.com\/embed\/wq51nIzSkMc?feature=oembed\" frameborder=\"0\" allow=\"accelerometer; autoplay; clipboard-write; encrypted-media; gyroscope; picture-in-picture\" allowfullscreen><\/iframe>\n<\/div><\/figure>\n\n\n\n<p>Con la ciencia y la tecnolog\u00eda como un motor clave para el desarrollo de la ciudad y la provincia, y a la vez para despertar vocaciones en la materia, se realiz\u00f3 en la ma\u00f1ana de este lunes la primera edici\u00f3n de \u201cTecnociencia\u201d, un evento local organizado por el Ministerio de Ciencia y Tecnolog\u00eda de la Provincia que cont\u00f3 con el acompa\u00f1amiento de la Municipalidad de Corrientes.<br>El intendente Eduardo Tassano particip\u00f3 del encuentro, que se enmarc\u00f3 en la Semana Nacional de la Ciencia y la Tecnolog\u00eda, establecida a del 17 de octubre hasta este lunes 24 en todo el pa\u00eds.<br>Las actividades en Corrientes se llevaron a cabo en el sal\u00f3n auditorio Juli\u00e1n Zini del nuevo Centro Administrativo, en donde se capacit\u00f3 y expuso sobre nuevos conceptos durante toda la jornada. En los paneles establecidos se desarrollaron temas como \u201cInteligencia de negocios\u201d, \u201cCiencia y salud\u201d, \u201cDesarrollo de autos el\u00e9ctricos\u201d, \u201cCiencia como motor del desarrollo de un cultivo regional\u201d, \u201c<em>Blockchain<\/em>\/Criptomonedas\u201d y \u201cCiencia y Ganader\u00eda\u201d. Participaron expositores de distintas entidades e instituciones acad\u00e9mica.<\/p>\n\n\n\n<figure class=\"wp-block-image size-large\"><img loading=\"lazy\" decoding=\"async\" width=\"1024\" height=\"673\" src=\"https:\/\/corrientesdetarde.com\/wp-content\/uploads\/2022\/10\/Captura-de-pantalla-2022-10-24-121907-1024x673.png\" alt=\"\" class=\"wp-image-13982\" srcset=\"https:\/\/corrientesdetarde.com\/wp-content\/uploads\/2022\/10\/Captura-de-pantalla-2022-10-24-121907-1024x673.png 1024w, https:\/\/corrientesdetarde.com\/wp-content\/uploads\/2022\/10\/Captura-de-pantalla-2022-10-24-121907-300x197.png 300w, https:\/\/corrientesdetarde.com\/wp-content\/uploads\/2022\/10\/Captura-de-pantalla-2022-10-24-121907-768x505.png 768w, https:\/\/corrientesdetarde.com\/wp-content\/uploads\/2022\/10\/Captura-de-pantalla-2022-10-24-121907.png 1434w\" sizes=\"auto, (max-width: 1024px) 100vw, 1024px\" \/><\/figure>\n\n\n\n<p><br>Adem\u00e1s de Tassano, asistieron a la ceremonia de apertura de la jornada el vicegobernador, Pedro Braillard Poccard; el presidente de la C\u00e1mara de Diputados, Pedro Cassani; el ministro de Ciencia y Tecnolog\u00eda, Jorge Antonio G\u00f3mez; la subsecretaria de la cartera provincial, Micaela Stefani Van der Woerd; como tambi\u00e9n el secretario de Desarrollo Econ\u00f3mico de la Municipalidad, Juan Esteban Maldonado Yonna; entre otros funcionarios e invitados especiales.<\/p>\n\n\n\n<figure class=\"wp-block-image size-large\"><img loading=\"lazy\" decoding=\"async\" width=\"1024\" height=\"664\" src=\"https:\/\/corrientesdetarde.com\/wp-content\/uploads\/2022\/10\/Captura-de-pantalla-2022-10-24-121856-1024x664.png\" alt=\"\" class=\"wp-image-13983\" srcset=\"https:\/\/corrientesdetarde.com\/wp-content\/uploads\/2022\/10\/Captura-de-pantalla-2022-10-24-121856-1024x664.png 1024w, https:\/\/corrientesdetarde.com\/wp-content\/uploads\/2022\/10\/Captura-de-pantalla-2022-10-24-121856-300x194.png 300w, https:\/\/corrientesdetarde.com\/wp-content\/uploads\/2022\/10\/Captura-de-pantalla-2022-10-24-121856-768x498.png 768w, https:\/\/corrientesdetarde.com\/wp-content\/uploads\/2022\/10\/Captura-de-pantalla-2022-10-24-121856.png 1430w\" sizes=\"auto, (max-width: 1024px) 100vw, 1024px\" \/><\/figure>\n\n\n\n<p><br><br>\u201cPOR UNA CIUDAD CON DESARROLLO DE TALENTOS\u201d<br>\u201cAcompa\u00f1amos este evento muy importante organizado por el Ministerio de Ciencia y Tecnolog\u00eda de la Provincia, en el que se exponen temas de avanzada en el conocimiento cient\u00edfico\u201d, resalt\u00f3 Tassano, en el marco del desarrollo del evento.<br>Al respecto, indic\u00f3 que para Corrientes el tema representa una materia trascendental para \u201cgenerar ideas y profundizar la innovaci\u00f3n\u201d, dado que \u201cqueremos tener una ciudad con desarrollo del talento de su gente y que pueda ofrecer oportunidades en este sentido\u201d, adujo.<br>\u201cApostamos a una ciudad con innovaci\u00f3n, conocimiento y oportunidades\u201d, acentu\u00f3. \u201cTodas las ciencias en el desarrollo del conocimiento son importantes. Tanto es as\u00ed que los pa\u00edses desarrollados tienen una gran tradici\u00f3n al respecto\u201d, agreg\u00f3 Tassano.<br>Tambi\u00e9n asever\u00f3 que \u201cel apoyo al desarrollo tecnol\u00f3gico se ampl\u00eda en la ciudad y es un \u00e1mbito fundamental; lo vemos en la innovaci\u00f3n que se aplica en emprendimientos, por ejemplo, sumado a todos los eventos que hacemos del tipo educativo, de conocimiento cient\u00edfico, que siempre tienen una gran adhesi\u00f3n\u201d.<\/p>\n\n\n\n<figure class=\"wp-block-image size-large\"><img loading=\"lazy\" decoding=\"async\" width=\"1024\" height=\"565\" src=\"https:\/\/corrientesdetarde.com\/wp-content\/uploads\/2022\/10\/Captura-de-pantalla-2022-10-24-121928-1-1024x565.png\" alt=\"\" class=\"wp-image-13985\" srcset=\"https:\/\/corrientesdetarde.com\/wp-content\/uploads\/2022\/10\/Captura-de-pantalla-2022-10-24-121928-1-1024x565.png 1024w, https:\/\/corrientesdetarde.com\/wp-content\/uploads\/2022\/10\/Captura-de-pantalla-2022-10-24-121928-1-300x165.png 300w, https:\/\/corrientesdetarde.com\/wp-content\/uploads\/2022\/10\/Captura-de-pantalla-2022-10-24-121928-1-768x423.png 768w, https:\/\/corrientesdetarde.com\/wp-content\/uploads\/2022\/10\/Captura-de-pantalla-2022-10-24-121928-1.png 1255w\" sizes=\"auto, (max-width: 1024px) 100vw, 1024px\" \/><\/figure>\n\n\n\n<p><br>CIENCIA Y TECNOLOG\u00cdA\u00a0EN CORRIENTES<br>El ministro de Ciencia y Tecnolog\u00eda de la Provincia se refiri\u00f3 a la jornada y sostuvo que \u201cla premisa de Tecnociencia es que el mundo cient\u00edfico -hoy una de las \u00e1reas m\u00e1s importantes luego de la pandemia- tenga un espacio para contar sus proyectos o parte de sus emprendimientos ante un auditorio\u201d.<br>\u201cTenemos como objetivo generar estos espacios porque necesitamos que la sociedad conozca qu\u00e9 hacen los investigadores, tambi\u00e9n sumando a ellos a los emprendedores, que son parte de un \u00e1rea que est\u00e1 atravesada por la innovaci\u00f3n, la ciencia y la tecnolog\u00eda\u201d, aclar\u00f3 luego. En el mismo sentido, G\u00f3mez se\u00f1al\u00f3 que \u201ceste espacio es un aporte para ambos sectores, y en el caso de quienes emprenden, tienen la oportunidad de contar cu\u00e1les son sus proyectos\u201d.<br>El funcionario provincial hizo menci\u00f3n al protagonismo actual de la ciencia y la tecnolog\u00eda: \u201cEstamos en una vor\u00e1gine en la que esta tem\u00e1tica est\u00e1 inmersa en casi todas las \u00e1reas, por eso son fundamentales las experiencias y que las nuevas generaciones se animen a emprender. Nos propusimos sumar a todos los sectores, con presencias acad\u00e9micas, funcionarios p\u00fablicos, entre otros\u201d, manifest\u00f3.<br>Finalmente, el ministro de Ciencia y Tecnolog\u00eda indic\u00f3 que \u201ccon profesionales de distintas \u00e1reas se abordaron seis temas; por ejemplo, hablamos sobre autos el\u00e9ctricos, que es algo muy importante en cuanto a las consecuencias en el cambio clim\u00e1tico \u201d, puntualiz\u00f3 el funcionario. \u201cOtras propuestas estuvieron referidas a\u00a0<em>blockchain<\/em>\u00a0(monedero de criptodivisas e intercambio de criptodivisas) y criptomonedas, inteligencia de negocios, la ciencia y la salud, la ciencia como motor del desarrollo regional y ciencia en la ganader\u00eda. Tratamos del que temario tenga que ver con cuestiones relacionadas a Corrientes y a la regi\u00f3n, apuntalando la matriz productiva\u201d, cerr\u00f3.<br><br>\u201cESTAMOS JUNTO A QUIENES BUSCAN CAPACITARSE Y APRENDER\u201d<br>\u201cEn esta jornada de tecnociencia, nos dieron la posibilidad de contar lo que se viene haciendo en cuanto a las capacitaciones y formaci\u00f3n que se realizan en el torno a la econom\u00eda del conocimiento y la tecnolog\u00eda, que es uno de los ejes que plante\u00f3 el intendente a comienzos de a\u00f1o, en el marco del programa de desarrollo econ\u00f3mico para j\u00f3venes\u201d, recalc\u00f3 por su parte el secretario de Desarrollo Econ\u00f3mico de la Municipalidad, Juan Esteban Maldonado Yonna.<br>\u201cVenimos trabajando en promover este tipo de formaciones. En esta oportunidad, estuvimos dando cuenta sobre las inscripciones que lanzamos en asociaci\u00f3n con Argentec, generando un v\u00ednculo mediante la Red de Innovaci\u00f3n Local (RIL), y que estar\u00e1n abiertas una semana m\u00e1s\u201d, resalt\u00f3 Maldonado Yonna, en referencia a los cursos lanzados recientemente por la Municipalidad que consisten en: Introducci\u00f3n a la programaci\u00f3n de videojuegos para adolescentes; Introducci\u00f3n a la programaci\u00f3n web; Community manager para emprendedores; e Introducci\u00f3n a la rob\u00f3tica para docentes.<br>Seguidamente, el funcionario destac\u00f3 la impronta marcada por la gesti\u00f3n municipal liderada por Tassano, que consiste en brindar apoyo y avanzar de forma colaborativa con el sector privado en el \u00e1mbito de los desarrollos tecnol\u00f3gicos (entre otros rubros); todo ello, con la premisa de que Corrientes se afiance como una ciudad moderna y de oportunidades: \u201cEl intendente nos pide que constantemente generemos estas instancias de acompa\u00f1amiento y cercan\u00eda con los emprendedores, con quienes buscan capacitarse y aprender, y fundamentalmente, orientando esos esfuerzos y esa fuerza emprendedora que hay en la ciudad hacia esos negocios que est\u00e1n en auge, que apuntan a lo tecnol\u00f3gico; y es importante que Corrientes se suba a ese tren\u201d, consider\u00f3.<\/p>\n","protected":false},"excerpt":{"rendered":"<p>El intendente particip\u00f3 de la primera edici\u00f3n de \u201cTecnociencia\u201d, un evento de capacitaci\u00f3n y actualizaci\u00f3n organizado por el Ministerio de Ciencia y Tecnolog\u00eda de la Provincia, que se llev\u00f3 a&hellip; <\/p>\n","protected":false},"author":4,"featured_media":13981,"comment_status":"closed","ping_status":"open","sticky":false,"template":"","format":"standard","meta":{"footnotes":""},"categories":[8],"tags":[],"class_list":["post-13980","post","type-post","status-publish","format-standard","has-post-thumbnail","hentry","category-locales"],"_links":{"self":[{"href":"https:\/\/corrientesdetarde.com\/index.php\/wp-json\/wp\/v2\/posts\/13980","targetHints":{"allow":["GET"]}}],"collection":[{"href":"https:\/\/corrientesdetarde.com\/index.php\/wp-json\/wp\/v2\/posts"}],"about":[{"href":"https:\/\/corrientesdetarde.com\/index.php\/wp-json\/wp\/v2\/types\/post"}],"author":[{"embeddable":true,"href":"https:\/\/corrientesdetarde.com\/index.php\/wp-json\/wp\/v2\/users\/4"}],"replies":[{"embeddable":true,"href":"https:\/\/corrientesdetarde.com\/index.php\/wp-json\/wp\/v2\/comments?post=13980"}],"version-history":[{"count":1,"href":"https:\/\/corrientesdetarde.com\/index.php\/wp-json\/wp\/v2\/posts\/13980\/revisions"}],"predecessor-version":[{"id":13986,"href":"https:\/\/corrientesdetarde.com\/index.php\/wp-json\/wp\/v2\/posts\/13980\/revisions\/13986"}],"wp:featuredmedia":[{"embeddable":true,"href":"https:\/\/corrientesdetarde.com\/index.php\/wp-json\/wp\/v2\/media\/13981"}],"wp:attachment":[{"href":"https:\/\/corrientesdetarde.com\/index.php\/wp-json\/wp\/v2\/media?parent=13980"}],"wp:term":[{"taxonomy":"category","embeddable":true,"href":"https:\/\/corrientesdetarde.com\/index.php\/wp-json\/wp\/v2\/categories?post=13980"},{"taxonomy":"post_tag","embeddable":true,"href":"https:\/\/corrientesdetarde.com\/index.php\/wp-json\/wp\/v2\/tags?post=13980"}],"curies":[{"name":"wp","href":"https:\/\/api.w.org\/{rel}","templated":true}]}}