{"id":139922,"date":"2024-04-13T11:00:48","date_gmt":"2024-04-13T14:00:48","guid":{"rendered":"https:\/\/corrientesdetarde.com\/?p=139922"},"modified":"2024-04-13T11:00:50","modified_gmt":"2024-04-13T14:00:50","slug":"los-beneficiarios-de-la-anses-podran-cobrar-sus-asignaciones-a-traves-de-billeteras-virtuales","status":"publish","type":"post","link":"https:\/\/corrientesdetarde.com\/index.php\/informacion-general\/los-beneficiarios-de-la-anses-podran-cobrar-sus-asignaciones-a-traves-de-billeteras-virtuales\/","title":{"rendered":"Los beneficiarios de la Anses podr\u00e1n cobrar sus asignaciones a trav\u00e9s de billeteras virtuales"},"content":{"rendered":"\n<p>En 2019 una resoluci\u00f3n del ente previsional permiti\u00f3 acreditar estas prestaciones por las aplicaciones, pero con la administraci\u00f3n anterior las billeteras hab\u00edan quedado afuera del pago de este tipo de programas<\/p>\n\n\n\n<p>Los beneficiarios de diversas asignaciones y programas sociales en la Argentina, como la Asignaci\u00f3n Universal por Hijo, Asignaciones Familiares, y el programa Progresar, ahora tienen la opci\u00f3n de cobrar sus prestaciones a trav\u00e9s de una cuenta digital a trav\u00e9s de billeteras virtuales de forma gratuita. Esta nueva modalidad no solo simplifica los procesos de cobro sino que tambi\u00e9n ofrece beneficios adicionales sin costos para los usuarios.<\/p>\n\n\n\n<p>El convenio entre la Administraci\u00f3n Nacional de la Seguridad Social (Anses) y las fintech, para a canalizaci\u00f3n del cobro de haberes a trav\u00e9s de las billeteras digitales, data del a\u00f1o 2019 y se alcanz\u00f3 con el objetivo de favorecer la inclusi\u00f3n financiera en los sectores m\u00e1s vulnerables. Cerca de tres millones de personas integran este universo de beneficiarios de programas de asistencia social. Pero durante la presidencia de Alberto Fern\u00e1ndez la iniciativa perdi\u00f3 prioridad, al punto que las billeteras virtuales quedaron excluidas de la posibilidad de acreditar el IFE (Ingreso Familiar de Emergencia) que pag\u00f3 el Gobierno durante la cuarentena de 2020 por la pandemia.<\/p>\n\n\n\n<p>Seg\u00fan informa el ente previsional, para cambiar de medio de cobro, los beneficiarios pueden hacerlo a trav\u00e9s de &#8220;Mi ANSES&#8221;, por tel\u00e9fono llamando al n\u00famero 130, o personalmente en cualquier oficina de la UDAI (Unidad de Atenci\u00f3n Integral). Una vez realizada la modificaci\u00f3n, existe un plazo de hasta 60 d\u00edas para que comiencen a recibir el beneficio a trav\u00e9s de las aplicaciones, procedimiento que proporciona un acceso m\u00e1s directo y eficiente a sus prestaciones sociales.<\/p>\n\n\n\n<p>&nbsp;Desde Mercado Pago, una de las empresas m\u00e1s importantes del sector, indicaron que &#8220;m\u00e1s de 24 mil beneficiarios ya est\u00e9n percibiendo sus prestaciones por esta v\u00eda. El 65% de los beneficiarios mantiene su dinero invertido a trav\u00e9s de la cuenta digital y genera rendimientos de su saldo en un contexto inflacionario&#8221;, se\u00f1al\u00f3 el comunicado, subrayando la ventaja de no extraer el efectivo, lo cual solo hace el 8% de los usuarios&#8221;.<\/p>\n\n\n\n<p>La posibilidad de percibir las prestaciones sociales a trav\u00e9s de billeteras virtuales tiene un efecto positivo en la formalizaci\u00f3n de la econom\u00eda, la inclusi\u00f3n financiera y la reducci\u00f3n del uso de efectivo<br>&nbsp;<br>&#8220;Todos los beneficiarios que elijan cobrar sus prestaciones sociales a trav\u00e9s de Mercado Pago podr\u00e1n acceder a una tarjeta prepaga Mastercard sin costo, realizar extracciones de dinero en comercios adheridos y\/o cajeros de forma gratuita&#8221;. Adem\u00e1s, tendr\u00e1n la posibilidad de invertir su dinero en el fondo com\u00fan del Banco Industrial (BIND) a trav\u00e9s de Mercado Pago, generando rendimientos diarios&#8221;, indic\u00f3 la compa\u00f1\u00eda a trav\u00e9s de un comunicado.<\/p>\n\n\n\n<p>&nbsp;A partir de la resoluci\u00f3n de ANSES n\u00famero 39\/2019, las cuentas virtuales quedaron habilitadas para ser boca de cobro de prestaciones sociales.<\/p>\n\n\n\n<p><strong>Paso a paso para cobrar la prestaci\u00f3n social a trav\u00e9s de billeteras virtuales<\/strong><br>El beneficiario podr\u00e1 cambiar de boca de cobro de tres formas: a trav\u00e9s de &#8220;Mi ANSES&#8221;, por tel\u00e9fono llamando al 130 o personalmente en cualquier cualquier oficina de la UDAI. Y una vez que se realiza la modificaci\u00f3n existe un plazo de hasta 60 d\u00edas para que pueda empezar a recibir el beneficio por el canal digital<\/p>\n\n\n\n<p>Si optan por realizarlo desde &#8220;Mi ANSES&#8221;, deber\u00e1n:<\/p>\n\n\n\n<p>\u25cf Ingresar a la app &#8220;Mi ANSES&#8221;, con su clave de Seguridad Social.<br>\u25cf Entrar a la secci\u00f3n &#8220;Cobros&#8221;.<br>\u25cf Elegir &#8220;Cambiar lugar de cobro&#8221;.<br>\u25cf Dentro del &#8220;Tipo de Medio de Pago&#8221;, seleccion\u00e1 &#8220;Billetera virtual&#8221;.<br>\u25cf Finalmente, elegir la billetera digital que elijas&#8221;<\/p>\n","protected":false},"excerpt":{"rendered":"<p>En 2019 una resoluci\u00f3n del ente previsional permiti\u00f3 acreditar estas prestaciones por las aplicaciones, pero con la administraci\u00f3n anterior las billeteras hab\u00edan quedado afuera del pago de este tipo de&hellip; <\/p>\n","protected":false},"author":3,"featured_media":139927,"comment_status":"closed","ping_status":"open","sticky":false,"template":"","format":"standard","meta":{"footnotes":""},"categories":[1],"tags":[],"class_list":["post-139922","post","type-post","status-publish","format-standard","has-post-thumbnail","hentry","category-informacion-general"],"_links":{"self":[{"href":"https:\/\/corrientesdetarde.com\/index.php\/wp-json\/wp\/v2\/posts\/139922","targetHints":{"allow":["GET"]}}],"collection":[{"href":"https:\/\/corrientesdetarde.com\/index.php\/wp-json\/wp\/v2\/posts"}],"about":[{"href":"https:\/\/corrientesdetarde.com\/index.php\/wp-json\/wp\/v2\/types\/post"}],"author":[{"embeddable":true,"href":"https:\/\/corrientesdetarde.com\/index.php\/wp-json\/wp\/v2\/users\/3"}],"replies":[{"embeddable":true,"href":"https:\/\/corrientesdetarde.com\/index.php\/wp-json\/wp\/v2\/comments?post=139922"}],"version-history":[{"count":1,"href":"https:\/\/corrientesdetarde.com\/index.php\/wp-json\/wp\/v2\/posts\/139922\/revisions"}],"predecessor-version":[{"id":139932,"href":"https:\/\/corrientesdetarde.com\/index.php\/wp-json\/wp\/v2\/posts\/139922\/revisions\/139932"}],"wp:featuredmedia":[{"embeddable":true,"href":"https:\/\/corrientesdetarde.com\/index.php\/wp-json\/wp\/v2\/media\/139927"}],"wp:attachment":[{"href":"https:\/\/corrientesdetarde.com\/index.php\/wp-json\/wp\/v2\/media?parent=139922"}],"wp:term":[{"taxonomy":"category","embeddable":true,"href":"https:\/\/corrientesdetarde.com\/index.php\/wp-json\/wp\/v2\/categories?post=139922"},{"taxonomy":"post_tag","embeddable":true,"href":"https:\/\/corrientesdetarde.com\/index.php\/wp-json\/wp\/v2\/tags?post=139922"}],"curies":[{"name":"wp","href":"https:\/\/api.w.org\/{rel}","templated":true}]}}