{"id":140312,"date":"2024-04-15T13:29:45","date_gmt":"2024-04-15T16:29:45","guid":{"rendered":"https:\/\/corrientesdetarde.com\/?p=140312"},"modified":"2024-04-15T13:29:49","modified_gmt":"2024-04-15T16:29:49","slug":"un-hombre-entro-a-una-iglesia-en-australia-y-apunalo-al-sacerdote","status":"publish","type":"post","link":"https:\/\/corrientesdetarde.com\/index.php\/internacionales\/un-hombre-entro-a-una-iglesia-en-australia-y-apunalo-al-sacerdote\/","title":{"rendered":"Un hombre entr\u00f3 a una iglesia en Australia y apu\u00f1al\u00f3 al sacerdote"},"content":{"rendered":"\n<p>Mientras le\u00eda un serm\u00f3n, el obispo fue atacado por un joven que pertenece a la religi\u00f3n del islam.<\/p>\n\n\n\n<p>Hace muy pocas horas,\u00a0<strong>la ciudad de\u00a0S\u00eddney <\/strong><strong>sufri\u00f3 otro ataque\u00a0<\/strong>luego de que un joven intentara asesinar a un l\u00edder del cristianismo. El obispo Mar Mari Emmanuel se encontraba en una misa pronunciando un serm\u00f3n hasta que fue interrumpido por su atacante.<\/p>\n\n\n\n<p><strong>El hecho ocurri\u00f3 en la zona de Wakeley<\/strong>&nbsp;y lo \u00fanico que se sabe el momento es que el agresor pertenece al islamismo. Como se puede ver en el video, la persona se acerca al sacerdote e intenta apu\u00f1alarlo en la cabeza.<\/p>\n\n\n\n<figure class=\"wp-block-image\"><img decoding=\"async\" src=\"https:\/\/tn.com.ar\/resizer\/Mf1iO2Evi5R5KzULCiITze9fLpc=\/767x0\/smart\/filters:format(webp)\/thumbs.vodgc.net\/1-14-0KoonL1713191451145_480P.jpg\" alt=\"Video Placeholder\"\/><\/figure>\n\n\n\n<p>La gente que estaba alrededor logr\u00f3 neutralizar al joven. Mientras estaba detenido, el atacante dej\u00f3 una frase que&nbsp;<strong>paraliz\u00f3&nbsp;<\/strong>a todos en la iglesia. \u201cSi no estuviera criticando mi beneficio (Mahoma) y mi religi\u00f3n, no habr\u00eda venido ni atacado\u201d.<\/p>\n\n\n\n<p><strong>El obispo Mari Emmanuel fue trasladado de inmediato a un hospital de la zona y se desconoce su estado de salud<\/strong>. Otras tres personas entre los 20 y los 60 a\u00f1os resultaron heridas y fueron atendidas.<\/p>\n\n\n\n<p>Por otra parte,<strong>&nbsp;la ciudad de S\u00eddney sigue conmocionada y muy preocupada por esta serie de ataques<\/strong>. Hace dos d\u00edas atr\u00e1s, un hombre ingres\u00f3 con un cuchillo a un centro comercial y apu\u00f1al\u00f3 al menos a seis personas.<\/p>\n","protected":false},"excerpt":{"rendered":"<p>Mientras le\u00eda un serm\u00f3n, el obispo fue atacado por un joven que pertenece a la religi\u00f3n del islam. Hace muy pocas horas,\u00a0la ciudad de\u00a0S\u00eddney sufri\u00f3 otro ataque\u00a0luego de que un&hellip; <\/p>\n","protected":false},"author":8,"featured_media":140313,"comment_status":"closed","ping_status":"open","sticky":false,"template":"","format":"standard","meta":{"footnotes":""},"categories":[11],"tags":[],"class_list":["post-140312","post","type-post","status-publish","format-standard","has-post-thumbnail","hentry","category-internacionales"],"_links":{"self":[{"href":"https:\/\/corrientesdetarde.com\/index.php\/wp-json\/wp\/v2\/posts\/140312","targetHints":{"allow":["GET"]}}],"collection":[{"href":"https:\/\/corrientesdetarde.com\/index.php\/wp-json\/wp\/v2\/posts"}],"about":[{"href":"https:\/\/corrientesdetarde.com\/index.php\/wp-json\/wp\/v2\/types\/post"}],"author":[{"embeddable":true,"href":"https:\/\/corrientesdetarde.com\/index.php\/wp-json\/wp\/v2\/users\/8"}],"replies":[{"embeddable":true,"href":"https:\/\/corrientesdetarde.com\/index.php\/wp-json\/wp\/v2\/comments?post=140312"}],"version-history":[{"count":1,"href":"https:\/\/corrientesdetarde.com\/index.php\/wp-json\/wp\/v2\/posts\/140312\/revisions"}],"predecessor-version":[{"id":140314,"href":"https:\/\/corrientesdetarde.com\/index.php\/wp-json\/wp\/v2\/posts\/140312\/revisions\/140314"}],"wp:featuredmedia":[{"embeddable":true,"href":"https:\/\/corrientesdetarde.com\/index.php\/wp-json\/wp\/v2\/media\/140313"}],"wp:attachment":[{"href":"https:\/\/corrientesdetarde.com\/index.php\/wp-json\/wp\/v2\/media?parent=140312"}],"wp:term":[{"taxonomy":"category","embeddable":true,"href":"https:\/\/corrientesdetarde.com\/index.php\/wp-json\/wp\/v2\/categories?post=140312"},{"taxonomy":"post_tag","embeddable":true,"href":"https:\/\/corrientesdetarde.com\/index.php\/wp-json\/wp\/v2\/tags?post=140312"}],"curies":[{"name":"wp","href":"https:\/\/api.w.org\/{rel}","templated":true}]}}