{"id":140315,"date":"2024-04-15T13:32:49","date_gmt":"2024-04-15T16:32:49","guid":{"rendered":"https:\/\/corrientesdetarde.com\/?p=140315"},"modified":"2024-04-15T13:32:52","modified_gmt":"2024-04-15T16:32:52","slug":"la-dura-reaccion-de-nicolas-valentini-por-las-complicaciones-en-su-negociacion-con-boca","status":"publish","type":"post","link":"https:\/\/corrientesdetarde.com\/index.php\/deportes\/la-dura-reaccion-de-nicolas-valentini-por-las-complicaciones-en-su-negociacion-con-boca\/","title":{"rendered":"La dura reacci\u00f3n de Nicol\u00e1s Valentini por las complicaciones en su negociaci\u00f3n con Boca"},"content":{"rendered":"\n<p>El club de La Ribera decidi\u00f3 que el defensor no ser\u00e1 tenido en cuenta hasta que no arregle la renovaci\u00f3n. La negociaci\u00f3n sigue abierta.<\/p>\n\n\n\n<p><a href=\"https:\/\/tn.com.ar\/autor\/Nicol%C3%A1sCampolongo\/\"><\/a>Nicol\u00e1s Valentini no volver\u00e1 a jugar m\u00e1s en Boca hasta que no llegue a un acuerdo con su nuevo contrato con el club. Y, en ese sentido,\u00a0<strong>Diego Mart\u00ednez\u00a0<\/strong>ratific\u00f3 la medida del Xeneize y excluy\u00f3 al defensor de la lista de concentrados para el partido contra Godoy Cruz en La Bombonera por la Copa de la Liga. Pero a pesar del conflicto, las negociaciones siguen en pie.<\/p>\n\n\n\n<p>Seg\u00fan fuentes cercanas al futbolista,\u00a0\u00a0pudo averiguar que el jugador quiere renovar su contrato. Afirman que nunca comunic\u00f3 su intenci\u00f3n de no renovar ni de irse libre del club. Y, adem\u00e1s, aseguran que durante la reuni\u00f3n del jueves,\u00a0<strong>quedaron en continuar trabajando en busca de una soluci\u00f3n para ambas partes<\/strong>. Sin embargo, luego del encuentro se enteraron de la exclusi\u00f3n del defensor de la lista de convocados para el partido ante el Tomba: \u201cNos desayunamos con esta decisi\u00f3n extrema e irrespetuosa de Boca\u201d.<\/p>\n\n\n\n<figure class=\"wp-block-image\"><img decoding=\"async\" src=\"https:\/\/tn.com.ar\/resizer\/nFwmuC-CCeLuvOEZohobGj4cP0I=\/767x0\/smart\/filters:format(webp)\/cloudfront-us-east-1.images.arcpublishing.com\/artear\/C2U4AAUL45HAHGEOM2LNUMOZGQ.jpg\" alt=\"La cl\u00e1usula del futbolista de Boca es de 10 millones de euros. (Foto: Reuters).\"\/><\/figure>\n\n\n\n<h2 class=\"wp-block-heading\">Una venta en julio: la salida de Nicol\u00e1s Valentini de Boca<\/h2>\n\n\n\n<p>La situaci\u00f3n entre&nbsp;<strong>Nicol\u00e1s Valentini<\/strong>&nbsp;y&nbsp;<strong>Boca<\/strong>&nbsp;se encuentra en un futuro incierto y desde su entorno no saben cu\u00e1l ser\u00eda el pr\u00f3ximo paso. Pero si reconocen que tanto ellos como el club mantienen posturas diferentes y existen varios puntos pendientes que tienen que resolver.<\/p>\n\n\n\n<p>Una de las opciones es buscar una soluci\u00f3n a trav\u00e9s de una&nbsp;<strong>venta<\/strong>&nbsp;cuando se abra el&nbsp;<strong>mercado de pases en julio<\/strong>. La cl\u00e1usula de rescisi\u00f3n del juvenil de 23 a\u00f1os es de&nbsp;<strong>10 millones de euros<\/strong>, una cifra que llam\u00f3 la atenci\u00f3n de varios equipos del Viejo Continente. Clubes como&nbsp;<strong>Lazio<\/strong>,&nbsp;<strong>Fiorentina<\/strong>, entre otros, mostraron un marcado inter\u00e9s en el jugador oriundo de Jun\u00edn.<\/p>\n\n\n\n<p>En medio de las negociaciones, la idea de Boca no solo contempla la extensi\u00f3n del contrato de Valentini, sino que tambi\u00e9n pretende aumentar la cl\u00e1usula de salida a&nbsp;<strong>18 millones de euros<\/strong>.<\/p>\n\n\n\n<h2 class=\"wp-block-heading\">Valentini no acept\u00f3 la oferta de Boca<\/h2>\n\n\n\n<p><strong>Boca<\/strong>&nbsp;acept\u00f3 las condiciones que pidi\u00f3&nbsp;<strong>Valentini<\/strong>&nbsp;y le ofert\u00f3 extender su contrato hasta&nbsp;<strong>diciembre de 2028<\/strong>, pero el jugador le comunic\u00f3 al club que no firmar\u00e1 en esos t\u00e9rminos. Inmediatamente, desde el<strong>&nbsp;Consejo de F\u00fatbol<\/strong>&nbsp;le comunicaron a&nbsp;<strong>Diego Mart\u00ednez&nbsp;<\/strong>que no sea citado para el partido ante&nbsp;<strong>Godoy Cruz&nbsp;<\/strong>por el torneo local.<\/p>\n\n\n\n<h2 class=\"wp-block-heading\">La situaci\u00f3n de Nicol\u00e1s Valentini en Boca es seguida de cerca por Lionel Scaloni y Javier Mascherano<\/h2>\n\n\n\n<p>El defensor de Boca fue citado por&nbsp;<strong>Lionel Scaloni<\/strong>&nbsp;para la gira de amistosos que la Selecci\u00f3n argentina jug\u00f3 en marzo. El jugador del Xeneize reemplaz\u00f3 a&nbsp;<strong>Marcos Senesi<\/strong>&nbsp;quien hab\u00eda sufrido un desgarro.<\/p>\n\n\n\n<p>Y si bien&nbsp;<strong>Valentini<\/strong>&nbsp;no sum\u00f3 minutos en la gira con la Albiceleste por&nbsp;<strong>Estados Unidos<\/strong>, fue titular en la Sub 23 en el Preol\u00edmpico y se perfila para ser parte de los Juegos Ol\u00edmpicos Par\u00eds 2024.<\/p>\n\n\n\n<h2 class=\"wp-block-heading\">C\u00f3mo est\u00e1 Nicol\u00e1s Valentini ante la decisi\u00f3n de Boca<\/h2>\n\n\n\n<p>Fuentes cercanas a\u00a0<strong>Valentini<\/strong>, confirmaron que el jugador se encuentra en un estado de revoluci\u00f3n emocional, pero a la vez<strong>\u00a0fuerte y con convicciones\u00a0<\/strong>en medio de las negociaciones con Boca.<\/p>\n","protected":false},"excerpt":{"rendered":"<p>El club de La Ribera decidi\u00f3 que el defensor no ser\u00e1 tenido en cuenta hasta que no arregle la renovaci\u00f3n. La negociaci\u00f3n sigue abierta. Nicol\u00e1s Valentini no volver\u00e1 a jugar&hellip; <\/p>\n","protected":false},"author":8,"featured_media":140316,"comment_status":"closed","ping_status":"open","sticky":false,"template":"","format":"standard","meta":{"footnotes":""},"categories":[4],"tags":[],"class_list":["post-140315","post","type-post","status-publish","format-standard","has-post-thumbnail","hentry","category-deportes"],"_links":{"self":[{"href":"https:\/\/corrientesdetarde.com\/index.php\/wp-json\/wp\/v2\/posts\/140315","targetHints":{"allow":["GET"]}}],"collection":[{"href":"https:\/\/corrientesdetarde.com\/index.php\/wp-json\/wp\/v2\/posts"}],"about":[{"href":"https:\/\/corrientesdetarde.com\/index.php\/wp-json\/wp\/v2\/types\/post"}],"author":[{"embeddable":true,"href":"https:\/\/corrientesdetarde.com\/index.php\/wp-json\/wp\/v2\/users\/8"}],"replies":[{"embeddable":true,"href":"https:\/\/corrientesdetarde.com\/index.php\/wp-json\/wp\/v2\/comments?post=140315"}],"version-history":[{"count":1,"href":"https:\/\/corrientesdetarde.com\/index.php\/wp-json\/wp\/v2\/posts\/140315\/revisions"}],"predecessor-version":[{"id":140317,"href":"https:\/\/corrientesdetarde.com\/index.php\/wp-json\/wp\/v2\/posts\/140315\/revisions\/140317"}],"wp:featuredmedia":[{"embeddable":true,"href":"https:\/\/corrientesdetarde.com\/index.php\/wp-json\/wp\/v2\/media\/140316"}],"wp:attachment":[{"href":"https:\/\/corrientesdetarde.com\/index.php\/wp-json\/wp\/v2\/media?parent=140315"}],"wp:term":[{"taxonomy":"category","embeddable":true,"href":"https:\/\/corrientesdetarde.com\/index.php\/wp-json\/wp\/v2\/categories?post=140315"},{"taxonomy":"post_tag","embeddable":true,"href":"https:\/\/corrientesdetarde.com\/index.php\/wp-json\/wp\/v2\/tags?post=140315"}],"curies":[{"name":"wp","href":"https:\/\/api.w.org\/{rel}","templated":true}]}}