{"id":140324,"date":"2024-04-15T14:08:14","date_gmt":"2024-04-15T17:08:14","guid":{"rendered":"https:\/\/corrientesdetarde.com\/?p=140324"},"modified":"2024-04-15T14:08:26","modified_gmt":"2024-04-15T17:08:26","slug":"clint-eastwood-reaparecio-a-los-93-anos-con-un-aspecto-que-llamo-la-atencion","status":"publish","type":"post","link":"https:\/\/corrientesdetarde.com\/index.php\/espectaculos\/clint-eastwood-reaparecio-a-los-93-anos-con-un-aspecto-que-llamo-la-atencion\/","title":{"rendered":"Clint Eastwood reapareci\u00f3 a los 93 a\u00f1os con un aspecto que llam\u00f3 la atenci\u00f3n"},"content":{"rendered":"\n<p>El realizador est\u00e1 trabajando en su pr\u00f3ximo film, que se va a estrenar en el segundo semestre del a\u00f1o.<\/p>\n\n\n\n<p>Si bien todo el tiempo est\u00e1 activo trabajando, escribiendo y dirigiendo, hac\u00eda tiempo que no se lo ve\u00eda a Clint Eastwood.\u00a0 Por eso, llam\u00f3 la atenci\u00f3n el look que luci\u00f3 en los \u00faltimos d\u00edas, en diferentes lugares en los que fue captado por las c\u00e1maras.<\/p>\n\n\n\n<p>El actor y director de 93 a\u00f1os fue a su ciudad natal,&nbsp;<strong>Carmel-by-the-sea<\/strong>, para participar de una charla organizada por la reconocida conservacionista&nbsp;<strong>Jane Goodall&nbsp;<\/strong>y una persona que asisti\u00f3 a ese evento registr\u00f3 el momento.<\/p>\n\n\n\n<h2 class=\"wp-block-heading\">C\u00f3mo est\u00e1 Clint Eastwood, el actor que a los 93 a\u00f1os est\u00e1 por estrenar otra pel\u00edcula<\/h2>\n\n\n\n<p>El realizador estuvo compartiendo un evento con la famosa ecologista y uno de los asistentes captur\u00f3 el instante. \u201cFui a ver a&nbsp;<strong>Jane Goodall<\/strong>&nbsp;hablar en&nbsp;<strong>Carmel<\/strong>. A sus 90 a\u00f1os, es una verdadera santa. Comparti\u00f3 las lecciones de la vida con los simios y su pasi\u00f3n por proteger el planeta. Hablando con Jane aqu\u00ed est\u00e1 un&nbsp;<strong>Clint Eastwood&nbsp;<\/strong>muy desali\u00f1ado\u201d, escribi\u00f3 en su cuenta de&nbsp;<strong>LinkedIn<\/strong>&nbsp;<strong>Fred Greenstein<\/strong>, quien obtuvo la imagen.<\/p>\n\n\n\n<p>En la foto capturada en el&nbsp;<strong>Centro Cultural Sunset<\/strong>&nbsp;se lo ve a Eastwood con algo de barba, el pelo m\u00e1s largo que de costumbre y con un look extra\u00f1o para lo que en general suele mostrar. Adem\u00e1s, se lo vio hablando con&nbsp;<strong>Goodall&nbsp;<\/strong>detr\u00e1s del escenario, en el VIP, una hora antes del evento.<\/p>\n\n\n\n<figure class=\"wp-block-image\"><img decoding=\"async\" src=\"https:\/\/tn.com.ar\/resizer\/A84LP0gqcVMkUafIUEAVjPYQZ3Y=\/767x0\/smart\/filters:format(webp)\/cloudfront-us-east-1.images.arcpublishing.com\/artear\/HPUJYEFBTVGPJNRHU66ONBKEDE.JPG\" alt=\"Clint Eastwood estuvo en un evento y se lo vio con un aspecto diferente. (Foto: captura de Twitter\/porqueTTarg)\"\/><\/figure>\n\n\n\n<p>La charla fue presentada por&nbsp;<strong>Wildlife Conservation Network&nbsp;<\/strong>y fue parte del&nbsp;<strong>\u201cTour del 90 cumplea\u00f1os\u201d de Goodall<\/strong>, que es famosa por su vida dedicada a trabajar con primates y da charlas en diferentes ciudades y pa\u00edses.<\/p>\n\n\n\n<p>Eastwood hab\u00eda dicho hace cinco a\u00f1os que su \u00faltima pel\u00edcula como director iba a ser&nbsp;<em>La Mula<\/em>, que se estren\u00f3 en 2018. Sin embargo, tiempo despu\u00e9s y a pesar de la pandemia, el cineasta se puso al frente de&nbsp;<em>Cry Macho<\/em>, la que es hasta el momento su m\u00e1s reciente producci\u00f3n.<\/p>\n\n\n\n<p>Cuando todo el mundo cre\u00eda que ya no iba a ponerse a dirigir,<strong>&nbsp;Clint Eastwood volvi\u00f3 a tomar una c\u00e1mara para filmar<\/strong>&nbsp;su pr\u00f3ximo largometraje que se empez\u00f3 a rodar en junio de 2023 y se estrenar\u00e1 despu\u00e9s de mitad de este a\u00f1o.<\/p>\n\n\n\n<figure class=\"wp-block-image\"><img decoding=\"async\" src=\"https:\/\/tn.com.ar\/resizer\/ZE4Wa7MY32t1l-1D_s3X5UN_ET4=\/767x0\/smart\/filters:format(webp)\/cloudfront-us-east-1.images.arcpublishing.com\/artear\/MRKPW7QH6BGKTDGPVECWMHS3DQ.jpg\" alt=\"Clint Eastwood, junto a Jane Goodall. (Foto: LinkedIn\/Fred Greenstein)\"\/><\/figure>\n\n\n\n<p>Se trata de&nbsp;<em>Juror No. 2<\/em>, un drama judicial en el que un miembro del jurado y hombre de familia, interpretado por&nbsp;<strong>Nicholas Hoult<\/strong>, quedar\u00e1 inmerso en un callej\u00f3n sin salida cuando \u00e9l es el que mat\u00f3 a la v\u00edctima por una conducci\u00f3n imprudente del caso en el que le toca decidir la suerte de otra persona. En el film, adem\u00e1s, trabaja&nbsp;<strong>Toni Collette.<\/strong><\/p>\n\n\n\n<p>A lo largo de su vida laboral en Hollywood,&nbsp;<strong>Clint Eastwood fue nominado varias veces al Oscar<\/strong>, directa e indirectamente a trav\u00e9s de sus films. El realizador se llev\u00f3 cuatro premios, dos por&nbsp;<em>Los imperdonables<\/em>&nbsp;y otros dos por&nbsp;<em>Million Dollar Baby<\/em>, tanto como por Mejor Pel\u00edcula como Mejor Director.<\/p>\n","protected":false},"excerpt":{"rendered":"<p>El realizador est\u00e1 trabajando en su pr\u00f3ximo film, que se va a estrenar en el segundo semestre del a\u00f1o. Si bien todo el tiempo est\u00e1 activo trabajando, escribiendo y dirigiendo,&hellip; <\/p>\n","protected":false},"author":8,"featured_media":140325,"comment_status":"closed","ping_status":"open","sticky":false,"template":"","format":"standard","meta":{"footnotes":""},"categories":[19],"tags":[],"class_list":["post-140324","post","type-post","status-publish","format-standard","has-post-thumbnail","hentry","category-espectaculos"],"_links":{"self":[{"href":"https:\/\/corrientesdetarde.com\/index.php\/wp-json\/wp\/v2\/posts\/140324","targetHints":{"allow":["GET"]}}],"collection":[{"href":"https:\/\/corrientesdetarde.com\/index.php\/wp-json\/wp\/v2\/posts"}],"about":[{"href":"https:\/\/corrientesdetarde.com\/index.php\/wp-json\/wp\/v2\/types\/post"}],"author":[{"embeddable":true,"href":"https:\/\/corrientesdetarde.com\/index.php\/wp-json\/wp\/v2\/users\/8"}],"replies":[{"embeddable":true,"href":"https:\/\/corrientesdetarde.com\/index.php\/wp-json\/wp\/v2\/comments?post=140324"}],"version-history":[{"count":1,"href":"https:\/\/corrientesdetarde.com\/index.php\/wp-json\/wp\/v2\/posts\/140324\/revisions"}],"predecessor-version":[{"id":140326,"href":"https:\/\/corrientesdetarde.com\/index.php\/wp-json\/wp\/v2\/posts\/140324\/revisions\/140326"}],"wp:featuredmedia":[{"embeddable":true,"href":"https:\/\/corrientesdetarde.com\/index.php\/wp-json\/wp\/v2\/media\/140325"}],"wp:attachment":[{"href":"https:\/\/corrientesdetarde.com\/index.php\/wp-json\/wp\/v2\/media?parent=140324"}],"wp:term":[{"taxonomy":"category","embeddable":true,"href":"https:\/\/corrientesdetarde.com\/index.php\/wp-json\/wp\/v2\/categories?post=140324"},{"taxonomy":"post_tag","embeddable":true,"href":"https:\/\/corrientesdetarde.com\/index.php\/wp-json\/wp\/v2\/tags?post=140324"}],"curies":[{"name":"wp","href":"https:\/\/api.w.org\/{rel}","templated":true}]}}