{"id":140343,"date":"2024-04-15T14:50:25","date_gmt":"2024-04-15T17:50:25","guid":{"rendered":"https:\/\/corrientesdetarde.com\/?p=140343"},"modified":"2024-04-15T14:50:28","modified_gmt":"2024-04-15T17:50:28","slug":"cardozo-se-reunio-con-directivos-del-sanatorio-guemes","status":"publish","type":"post","link":"https:\/\/corrientesdetarde.com\/index.php\/bienestar-y-salud\/cardozo-se-reunio-con-directivos-del-sanatorio-guemes\/","title":{"rendered":"Cardozo se reuni\u00f3 con directivos del Sanatorio G\u00fcemes"},"content":{"rendered":"\n<p><em>En la oportunidad, avanzaron en la elaboraci\u00f3n de un convenio marco que posibilitar\u00e1 prestaciones en esa instituci\u00f3n y rotaciones de residentes.<\/em><\/p>\n\n\n\n<p>El ministro de Salud P\u00fablica de la Provincia, Ricardo Cardozo, recibi\u00f3 este lunes a autoridades del Sanatorio G\u00fcemes de la ciudad de Buenos Aires. En la ocasi\u00f3n, junto a integrantes del Gabinete trabajaron en la elaboraci\u00f3n de un convenio marco, que permitir\u00e1 un v\u00ednculo con la instituci\u00f3n de alta complejidad.<\/p>\n\n\n\n<p>Del encuentro, participaron el coordinador de Entidades de Interior del Sanatorio G\u00fcemes, Jorge Polini, Jos\u00e9 Luis Kuoervaser;&nbsp;y por el Ministerio de Salud P\u00fablica, la subsecretaria de Atenci\u00f3n Primaria de la Salud (APS), Alicia Pereira;&nbsp;la directora general de Capital Humano, Teresita Dom\u00ednguez;&nbsp;el director general de Administraci\u00f3n, Francisco Fern\u00e1ndez; el director general de Gesti\u00f3n Hospitalaria, Mario Rodr\u00edguez; y el asesor legal de la Direcci\u00f3n de Capital Humano, Adri\u00e1n Garc\u00eda.<\/p>\n\n\n\n<p>&#8220;Con las autoridades del Sanatorio G\u00fcemes estamos avanzando en la elaboraci\u00f3n de un convenio marco, que permitir\u00e1, por un lado, prestaciones en esa instituci\u00f3n, que cuenta con todas las especialidades de alta complejidad, lo que posibilitar\u00e1 hacer derivaciones de personas sin cobertura social en situaciones que se requieran&#8221;, precis\u00f3 el ministro Ricardo Cardozo.<\/p>\n\n\n\n<p>Agreg\u00f3 que, &#8220;por otro lado, tambi\u00e9n firmaremos un convenio para residencias, que comprender\u00e1n rotaciones de nuestros profesionales en el Sanatorio G\u00fcemes y rec\u00edprocamente, es decir que de all\u00ed roten en nuestras instituciones. Vale recordar que tanto nuestro sistema como el de ellos, cuentan con excelente nivel de formaci\u00f3n&#8221;.<\/p>\n\n\n\n<p>Por ultimo destac\u00f3 que este encuentro &#8220;para nosotros representa un paso muy importante en la relaci\u00f3n con esta instituci\u00f3n de tan alto prestigio a nivel nacional y as\u00ed dar respuesta en los casos que se requieran&#8221;.<\/p>\n\n\n\n<p>Por su parte, la directora general de Capital Humano,&nbsp;Teresita Dom\u00ednguez, detall\u00f3 que &#8220;se trabaja en un convenio con este sanatorio por la alta complejidad con la que cuenta, por el equipo multidisciplinario, instalaciones de confort en infraestructura y por el equipamiento de la m\u00e1s alta tecnolog\u00eda. Tambi\u00e9n lo tuvimos en cuenta por su amplio abanico de especialidades&#8221;.<\/p>\n\n\n\n<figure class=\"wp-block-image size-large\"><img loading=\"lazy\" decoding=\"async\" width=\"1024\" height=\"683\" src=\"https:\/\/corrientesdetarde.com\/wp-content\/uploads\/2024\/04\/image-311-1024x683.png\" alt=\"\" class=\"wp-image-140345\" srcset=\"https:\/\/corrientesdetarde.com\/wp-content\/uploads\/2024\/04\/image-311-1024x683.png 1024w, https:\/\/corrientesdetarde.com\/wp-content\/uploads\/2024\/04\/image-311-300x200.png 300w, https:\/\/corrientesdetarde.com\/wp-content\/uploads\/2024\/04\/image-311-768x512.png 768w, https:\/\/corrientesdetarde.com\/wp-content\/uploads\/2024\/04\/image-311-1536x1024.png 1536w, https:\/\/corrientesdetarde.com\/wp-content\/uploads\/2024\/04\/image-311-2048x1365.png 2048w\" sizes=\"auto, (max-width: 1024px) 100vw, 1024px\" \/><\/figure>\n","protected":false},"excerpt":{"rendered":"<p>En la oportunidad, avanzaron en la elaboraci\u00f3n de un convenio marco que posibilitar\u00e1 prestaciones en esa instituci\u00f3n y rotaciones de residentes. El ministro de Salud P\u00fablica de la Provincia, Ricardo&hellip; <\/p>\n","protected":false},"author":8,"featured_media":140344,"comment_status":"closed","ping_status":"open","sticky":false,"template":"","format":"standard","meta":{"footnotes":""},"categories":[16],"tags":[],"class_list":["post-140343","post","type-post","status-publish","format-standard","has-post-thumbnail","hentry","category-bienestar-y-salud"],"_links":{"self":[{"href":"https:\/\/corrientesdetarde.com\/index.php\/wp-json\/wp\/v2\/posts\/140343","targetHints":{"allow":["GET"]}}],"collection":[{"href":"https:\/\/corrientesdetarde.com\/index.php\/wp-json\/wp\/v2\/posts"}],"about":[{"href":"https:\/\/corrientesdetarde.com\/index.php\/wp-json\/wp\/v2\/types\/post"}],"author":[{"embeddable":true,"href":"https:\/\/corrientesdetarde.com\/index.php\/wp-json\/wp\/v2\/users\/8"}],"replies":[{"embeddable":true,"href":"https:\/\/corrientesdetarde.com\/index.php\/wp-json\/wp\/v2\/comments?post=140343"}],"version-history":[{"count":1,"href":"https:\/\/corrientesdetarde.com\/index.php\/wp-json\/wp\/v2\/posts\/140343\/revisions"}],"predecessor-version":[{"id":140346,"href":"https:\/\/corrientesdetarde.com\/index.php\/wp-json\/wp\/v2\/posts\/140343\/revisions\/140346"}],"wp:featuredmedia":[{"embeddable":true,"href":"https:\/\/corrientesdetarde.com\/index.php\/wp-json\/wp\/v2\/media\/140344"}],"wp:attachment":[{"href":"https:\/\/corrientesdetarde.com\/index.php\/wp-json\/wp\/v2\/media?parent=140343"}],"wp:term":[{"taxonomy":"category","embeddable":true,"href":"https:\/\/corrientesdetarde.com\/index.php\/wp-json\/wp\/v2\/categories?post=140343"},{"taxonomy":"post_tag","embeddable":true,"href":"https:\/\/corrientesdetarde.com\/index.php\/wp-json\/wp\/v2\/tags?post=140343"}],"curies":[{"name":"wp","href":"https:\/\/api.w.org\/{rel}","templated":true}]}}