{"id":140376,"date":"2024-04-15T16:01:49","date_gmt":"2024-04-15T19:01:49","guid":{"rendered":"https:\/\/corrientesdetarde.com\/?p=140376"},"modified":"2024-04-15T16:02:00","modified_gmt":"2024-04-15T19:02:00","slug":"cardozo-y-polich-repasaron-el-estado-de-obras-sanitarias-en-la-provincia","status":"publish","type":"post","link":"https:\/\/corrientesdetarde.com\/index.php\/bienestar-y-salud\/cardozo-y-polich-repasaron-el-estado-de-obras-sanitarias-en-la-provincia\/","title":{"rendered":"Cardozo y Polich repasaron el estado de obras sanitarias en la Provincia"},"content":{"rendered":"\n<p><em>Ambos ministros se reunieron este lunes para evaluar proyectos en marcha&nbsp;y por iniciar. Entre los temas, abordaron el avance del Instituto de Oncolog\u00eda, los trabajos en los hospitales Vidal y Escuela, entre otros.<\/em><\/p>\n\n\n\n<p>Los ministros de Salud P\u00fablica, y de Obras y Servicios P\u00fablicos, Ricardo Cardozo y Claudio Polich, respectivamente, se reunieron este lunes en la sede de la cartera sanitaria y evaluaron el estado de obras sanitarias que est\u00e1n en ejecuci\u00f3n en distintos lugares de la Provincia y repasaron proyectos para nuevas intervenciones.<\/p>\n\n\n\n<p>El encuentro, se llev\u00f3 a cabo en el despacho del ministro de Salud P\u00fablica.<\/p>\n\n\n\n<p>&#8220;Estuvimos planificando y evaluando obras para la Provincia en el \u00e1rea de salud. Tambi\u00e9n, repasamos todas las obras que est\u00e1n en marcha como el caso del Instituto de Oncolog\u00eda, la Emergencia del hospital Vidal, los Quir\u00f3fanos del hospital Escuela y, planificando las obras para el hospital Llano, el hospital de San Roque, el de Ber\u00f3n de Astrada y el de Paso de la Patria&#8221;, se\u00f1al\u00f3 el ministro&nbsp;Cardozo, tras el encuentro. &nbsp;<\/p>\n","protected":false},"excerpt":{"rendered":"<p>Ambos ministros se reunieron este lunes para evaluar proyectos en marcha&nbsp;y por iniciar. Entre los temas, abordaron el avance del Instituto de Oncolog\u00eda, los trabajos en los hospitales Vidal y&hellip; <\/p>\n","protected":false},"author":8,"featured_media":140377,"comment_status":"closed","ping_status":"open","sticky":false,"template":"","format":"standard","meta":{"footnotes":""},"categories":[16],"tags":[],"class_list":["post-140376","post","type-post","status-publish","format-standard","has-post-thumbnail","hentry","category-bienestar-y-salud"],"_links":{"self":[{"href":"https:\/\/corrientesdetarde.com\/index.php\/wp-json\/wp\/v2\/posts\/140376","targetHints":{"allow":["GET"]}}],"collection":[{"href":"https:\/\/corrientesdetarde.com\/index.php\/wp-json\/wp\/v2\/posts"}],"about":[{"href":"https:\/\/corrientesdetarde.com\/index.php\/wp-json\/wp\/v2\/types\/post"}],"author":[{"embeddable":true,"href":"https:\/\/corrientesdetarde.com\/index.php\/wp-json\/wp\/v2\/users\/8"}],"replies":[{"embeddable":true,"href":"https:\/\/corrientesdetarde.com\/index.php\/wp-json\/wp\/v2\/comments?post=140376"}],"version-history":[{"count":1,"href":"https:\/\/corrientesdetarde.com\/index.php\/wp-json\/wp\/v2\/posts\/140376\/revisions"}],"predecessor-version":[{"id":140378,"href":"https:\/\/corrientesdetarde.com\/index.php\/wp-json\/wp\/v2\/posts\/140376\/revisions\/140378"}],"wp:featuredmedia":[{"embeddable":true,"href":"https:\/\/corrientesdetarde.com\/index.php\/wp-json\/wp\/v2\/media\/140377"}],"wp:attachment":[{"href":"https:\/\/corrientesdetarde.com\/index.php\/wp-json\/wp\/v2\/media?parent=140376"}],"wp:term":[{"taxonomy":"category","embeddable":true,"href":"https:\/\/corrientesdetarde.com\/index.php\/wp-json\/wp\/v2\/categories?post=140376"},{"taxonomy":"post_tag","embeddable":true,"href":"https:\/\/corrientesdetarde.com\/index.php\/wp-json\/wp\/v2\/tags?post=140376"}],"curies":[{"name":"wp","href":"https:\/\/api.w.org\/{rel}","templated":true}]}}