{"id":140733,"date":"2024-04-16T22:58:17","date_gmt":"2024-04-17T01:58:17","guid":{"rendered":"https:\/\/corrientesdetarde.com\/?p=140733"},"modified":"2024-04-16T22:58:21","modified_gmt":"2024-04-17T01:58:21","slug":"cristina-kirchner-reaparecio-y-cuestiono-el-dnu-de-milei","status":"publish","type":"post","link":"https:\/\/corrientesdetarde.com\/index.php\/politica\/cristina-kirchner-reaparecio-y-cuestiono-el-dnu-de-milei\/","title":{"rendered":"Cristina Kirchner reapareci\u00f3 y cuestion\u00f3 el DNU de Milei"},"content":{"rendered":"\n<p>La dos veces presidenta recibi\u00f3 a la senadora Celeste Gim\u00e9nez Navarro, una de las que vot\u00f3 en contra del decreto 70\/2023, en sus oficinas ubicadas en el Instituto Patria.<\/p>\n\n\n\n<p>La exvicepresidenta Cristina Fern\u00e1ndez de Kirchner critic\u00f3 el decreto de necesidad y urgencia 70\/2023 que impuls\u00f3 el presidente Javier Milei con intenci\u00f3n de desregular la econom\u00eda, dise\u00f1ado por el asesor presidencial Federico Sturzenegger.<\/p>\n\n\n\n<p>La dos veces mandataria recibi\u00f3 en su despacho del Instituto Patria a la senadora de Unidad Ciudadana Celeste Gim\u00e9nez Navarro, una de las que vot\u00f3 en contra del mega DNU, y aprovech\u00f3 para documentar el encuentro a trav\u00e9s de sus redes sociales.<\/p>\n\n\n\n<p>&#8220;Esta es una de las senadoras que vot\u00f3 por la derogaci\u00f3n del Decreto, ese que aumenta las prepagas, te matan en el banco con las tasas de intereses y penalidades, y las cuotas de los colegios&#8221;, expres\u00f3 la mandataria en un fragmento de la visita que public\u00f3 en TikTok.<\/p>\n\n\n\n<p>El DNU en cuesti\u00f3n derog\u00f3 la ley de G\u00f3ndolas, de Abastecimiento y la de Alquileres, y entre otras desregulaciones, modific\u00f3 el marco regulatorio de la medicina prepaga.<\/p>\n\n\n\n<p>En los \u00faltimos d\u00edas, la referente del kirchnerismo, quien mantuvo un bajo perfil durante los primeros meses de gesti\u00f3n libertaria, apunt\u00f3 contra el diputado Alberto Benegas Lynch, a quien se\u00f1al\u00f3 como &#8220;el se\u00f1or de doble apellido que propone los ni\u00f1os trabajen&#8221; porque &#8220;la Argentina que ellos a\u00f1oran es la de fines del Siglo XIX, la del Centenario&#8221;.<\/p>\n\n\n\n<p>Adem\u00e1s, en el marco de la visita de la actriz Rita Cortese, habl\u00f3 sobre la importancia de la cultura y afirm\u00f3 que &#8220;da explicaci\u00f3n de las \u00e9pocas, mucho mejor que los pol\u00edticos&#8221;.<\/p>\n","protected":false},"excerpt":{"rendered":"<p>La dos veces presidenta recibi\u00f3 a la senadora Celeste Gim\u00e9nez Navarro, una de las que vot\u00f3 en contra del decreto 70\/2023, en sus oficinas ubicadas en el Instituto Patria. La&hellip; <\/p>\n","protected":false},"author":4,"featured_media":140734,"comment_status":"closed","ping_status":"open","sticky":false,"template":"","format":"standard","meta":{"footnotes":""},"categories":[3],"tags":[],"class_list":["post-140733","post","type-post","status-publish","format-standard","has-post-thumbnail","hentry","category-politica"],"_links":{"self":[{"href":"https:\/\/corrientesdetarde.com\/index.php\/wp-json\/wp\/v2\/posts\/140733","targetHints":{"allow":["GET"]}}],"collection":[{"href":"https:\/\/corrientesdetarde.com\/index.php\/wp-json\/wp\/v2\/posts"}],"about":[{"href":"https:\/\/corrientesdetarde.com\/index.php\/wp-json\/wp\/v2\/types\/post"}],"author":[{"embeddable":true,"href":"https:\/\/corrientesdetarde.com\/index.php\/wp-json\/wp\/v2\/users\/4"}],"replies":[{"embeddable":true,"href":"https:\/\/corrientesdetarde.com\/index.php\/wp-json\/wp\/v2\/comments?post=140733"}],"version-history":[{"count":1,"href":"https:\/\/corrientesdetarde.com\/index.php\/wp-json\/wp\/v2\/posts\/140733\/revisions"}],"predecessor-version":[{"id":140735,"href":"https:\/\/corrientesdetarde.com\/index.php\/wp-json\/wp\/v2\/posts\/140733\/revisions\/140735"}],"wp:featuredmedia":[{"embeddable":true,"href":"https:\/\/corrientesdetarde.com\/index.php\/wp-json\/wp\/v2\/media\/140734"}],"wp:attachment":[{"href":"https:\/\/corrientesdetarde.com\/index.php\/wp-json\/wp\/v2\/media?parent=140733"}],"wp:term":[{"taxonomy":"category","embeddable":true,"href":"https:\/\/corrientesdetarde.com\/index.php\/wp-json\/wp\/v2\/categories?post=140733"},{"taxonomy":"post_tag","embeddable":true,"href":"https:\/\/corrientesdetarde.com\/index.php\/wp-json\/wp\/v2\/tags?post=140733"}],"curies":[{"name":"wp","href":"https:\/\/api.w.org\/{rel}","templated":true}]}}