{"id":140894,"date":"2024-04-17T13:39:29","date_gmt":"2024-04-17T16:39:29","guid":{"rendered":"https:\/\/corrientesdetarde.com\/?p=140894"},"modified":"2024-04-17T14:30:13","modified_gmt":"2024-04-17T17:30:13","slug":"dispositivo-de-segurida-de-la-cxxivo-peregrinacion-de-los-tres-pueblos","status":"publish","type":"post","link":"https:\/\/corrientesdetarde.com\/index.php\/policiales\/dispositivo-de-segurida-de-la-cxxivo-peregrinacion-de-los-tres-pueblos\/","title":{"rendered":"*\u201cDISPOSITIVO DE SEGURIDA DE LA \u201cCXXIV\u00ba Peregrinaci\u00f3n de los Tres Pueblos\u201d"},"content":{"rendered":"\n<p>Con motivo de la <em>\u201cCXXIV\u00ba Peregrinaci\u00f3n de los Tres Pueblos\u201d<\/em> hacia la Bas\u00edlica de<br>Nuestra Se\u00f1ora de Itat\u00ed\u201d, ubicada en la localidad hom\u00f3nima, bajo el lema <em>\u201cDENLES USTEDES DE COMER\u201d<\/em>, la cual se llevar\u00e1 a cabo entre <em>los d\u00edas 20 al 25-Abril- 2024<\/em>; de la que<br>participar\u00e1n Autoridades municipales, eclesi\u00e1sticas y feligreses, de las tres comunidades de:<br>Santa Ana, Paso de la Patria y San Cosme; desde el Ministerio de Seguridad, conjuntamente<br>con la Subsecretaria de Seguridad y la Polic\u00eda de la Provincia de Corrientes, a trav\u00e9s de la<br>Direcci\u00f3n de Planeamiento y Operaciones; la Direcci\u00f3n General de Seguridad Vial; la Direcci\u00f3n<br>General de Coordinaci\u00f3n e Interior y la Direcci\u00f3n General de Seguridad y Prevenci\u00f3n del Delito,<br>han dispuesto un importante operativo de seguridad, a implementarse durante y despu\u00e9s de<br>la culminaci\u00f3n de la peregrinaci\u00f3n y de todas las actividades religiosas previstas en la localidad<br>de Itati, a fin de brindar seguridad a los asistentes, peregrinos, m\u00f3viles y otras personas que se<br>desplacen durante el trayecto que comprende la peregrinaci\u00f3n y en la localidad de Itati,<br>afectando para ello efectivos y m\u00f3viles Policiales Y drones, entre otros.<br>Adem\u00e1s, se coordinar\u00e1 dicho servicio, con las dem\u00e1s Dependencias Policiales, Fuerzas de<br>Seguridad (Gendarmer\u00eda, Prefectura, Polic\u00eda Federal) y otras Instituciones involucradas<br>(Iglesias, Defensa Civil, Agencia Nacional de Seguridad Vial, Vialidad Provincial, Direcci\u00f3n<br>Provincial de Energ\u00eda de Corrientes, Bomberos Voluntarios, Cruz Roja Argentina,<br>Municipalidades (Ciudad de Corrientes, Itat\u00ed, San Cosme, Ramada Paso, Paso de la Patria, Santa<br>Ana), Salud P\u00fablica, entre otras.<br>Los feligreses, marcharan hacia la bas\u00edlica de Nuestra Se\u00f1ora de Itat\u00ed, utilizando como<br>v\u00edas de desplazamiento las Rutas Provinciales N\u00ba43, 6 y 89, como as\u00ed tambi\u00e9n, la Ruta Nacional<br>N\u00ba12; utilizando para tal fin la media calzada derecha, quedando la otra media calzada y<br>banquina para la circulaci\u00f3n vehicular y el desplazamiento se realiza en forma lenta.<br><em>REDIRECCIONAMIENTO<\/em><br>Por ello, se dispondr\u00e1 <em>REDIRECCIONAR<\/em> la circulaci\u00f3n de camiones de carga de m\u00e1s<br>de 3500 kg., a partir del s\u00e1bado 20 de Abril del 2024, desde las 00:00 horas y hasta el<br>Domingo 21 de Abril del 2024, a las 18:00 horas, en los siguientes tramos.<br><em>Los camiones de m\u00e1s de 3500 kg.<\/em> que circulan por R.N. N\u00b0 12 desde Posadas hacia<br>Corrientes Capital o Resistencia y viceversa deber\u00e1n hacerlo por R.N. N\u00b0118 que lleva hasta las<br>4 Bocas de Saladas y desde all\u00ed, retomar por Ruta Nacional N\u00b012 hacia Corrientes, Resistencia y<br>otras zonas de esa regi\u00f3n. <em>NO PODRAN CIRCULAR POR RUTA PROVINCIAL N\u00ba5<\/em><br>*Asimismo los *camiones de menos de 3.500 Kg.* podr\u00e1n circular por Ruta Provincial<br>N\u00b05 en ambos sentidos.<br>*Los camiones que ingresan a la ciudad por el Puente Interprovincial con destino al<\/p>\n\n\n\n<p>norte o sur del pa\u00eds, deber\u00e1n hacerlo por Av. 3 de Abril hasta Av. Maip\u00fa y desde all\u00ed hasta la<br>Ruta Nacional 12 para luego dirigirse hasta su intersecci\u00f3n con Ruta Nacional N\u00ba118 para luego<br>retomar dicha la Ruta Nacional 12.<br><em>ITINERARIO DE LAS TRES COMUNIDADES<\/em><br><em>SANTA ANA<\/em>: La manifestaci\u00f3n de fe tendr\u00e1 su punto de partida en la localidad de<br>SANTA ANA, a las 09:00 horas del S\u00e1bado 20\/04\/24. A la hora 11:30 hs., la columna de<br>SANTA ANA realizar\u00e1 una parada de una hora en la intersecci\u00f3n de la Ruta Nacional 12 y<br>Provincial 9 (BOQUERON), para almorzar y posteriormente continuar su marcha.<br>A las 16:00 horas, har\u00e1n una pausa de 15 minutos en la Capilla VIRGEN DEL ROSARIO, y<br>llegar\u00e1n hasta el Parador \u201cDel Peregrino\u201d ubicado en el Paraje ENSENADA GRANDE a las<br>17:00 horas, lugar donde descansar\u00e1n hasta el d\u00eda siguiente.<br><em>PASO DE LA PATRIA:<\/em> Partir\u00e1 tambi\u00e9n el S\u00e1bado 20\/04\/24, a las 15:00 horas, llegando<br>a las 17:30 horas a la localidad de SAN COSME, donde permanecer\u00e1n hasta el d\u00eda<br>siguiente (21-04-24), donde a las 06:00 horas, reanudar\u00e1n la peregrinaci\u00f3n<br>conjuntamente con la comunidad de SAN COSME.<br><em>SAN COSME:<\/em>Partir\u00e1, a las 06:00 horas de esa localidad, conjuntamente con la<br>comunidad de Paso de la Patria.<br><em>A las 09:00 horas, las columnas de PASO DE LA PATRIA y SAN COSME se unen a la de SANTA ANA, en Ensenada Grande (parador del peregrino)<\/em>, llegando a las 12:00 en la capilla<br>San Antonio de Padua de la localidad de Ramada Paso, donde almorzaran, continuando la<br>marcha hacia la Bas\u00edlica.<br>El ingreso a la localidad de ITATI est\u00e1 previsto que se produzca por la Ruta Provincial<br>N\u00ba20, en tanto el arribo a la Bas\u00edlica est\u00e1 previsto para el d\u00eda 21-04-24, a las 16:30 horas, en<br>tanto las Ruta Provincial N\u00ba98 y 21 ser\u00e1n utilizados como salida de los veh\u00edculos que egresen<br>desde la localidad de Itati. En horas de la noche, se celebrar\u00e1 una santa misa de acci\u00f3n de<br>gracias y a las 21:00 horas habr\u00e1 una cena comunitaria.<br>El 22-04-24, a las 21:00 horas se desarrollar\u00e1 un Festival y se realizar\u00e1 el tradicional<br>saludo a la Virgen, en el Atrio de la Bas\u00edlica a las 00:00 horas del d\u00eda 23\/04\/24.<br>El 23-04-24, d\u00eda de fiesta central, a las 10:30 horas, se celebrar\u00e1 la Santa Misa. A las<br>12:30 horas un almuerzo comunitario. A las 16:00 horas est\u00e1 prevista la procesi\u00f3n y<br>posterior misa.<br>El d\u00eda 24\/04\/24, a las 06:00 horas partir\u00e1n de regreso los peregrinos. A las 15:30 horas<br>los peregrinos de la comunidad de SANTA ANA y SAN COSME ingresan a esta \u00faltima<br>localidad, continuando su camino la comunidad de PASO DE LA PATRIA.<br>Teniendo en cuenta, la gran afluencia de personas que se desplazar\u00e1 sobre la ruta, se<br>dispondr\u00e1 de puestos fijos y m\u00f3viles sobre todo el recorrido, con el fin de advertir a los<br>transportistas y conductores, sobre los distintos trayectos alternativos y desv\u00edos, avisando que<br>hay una peregrinaci\u00f3n en tr\u00e1nsito.<br>Adem\u00e1s, se dispondr\u00e1 que las Dependencias Policiales, que tengan jurisdicci\u00f3n sobre<br>Ruta Nacional 12, desde la Rotonda Virgen de Itat\u00ed hasta la localidad de Itat\u00ed, realicen recorrida<br>por dicha ruta nacional, para regulaci\u00f3n del tr\u00e1nsito y trabajos de prevenci\u00f3n.<\/p>\n\n\n\n<p>En el Plan de Seguridad, tendr\u00e1n intervenci\u00f3n efectivos de las distintas dependencias<br>bajo la \u00f3rbita de la Direcci\u00f3n General de Seguridad y Prevenci\u00f3n del Delito; la Direcci\u00f3n<br>General de Coordinaci\u00f3n e Interior, como ser: la Unidad Regional&nbsp;I\u00ba de San Luis del Palmar; la<br>Unidad Regional&nbsp;VII- Saladas y de&nbsp;la Unidad Regional&nbsp;VII de Ituzaing\u00f3,, contando con la<br>estrecha colaboraci\u00f3n de&nbsp;las Unidad&nbsp;Especial&nbsp;de Tr\u00e1nsito y Caminera de Capital e Interior,<br>dependientes de la Direcci\u00f3n General de Seguridad Vial, quienes tendr\u00e1n las siguientes<br>funciones:<br><em>Unidades Regionales I \u2013 San Luis del Palmar; VI \u2013 Ituzaing\u00f3 y VII \u2013 Saladas<\/em><br>implementar\u00e1n el servicio de seguridad vial en los Controles Policiales ubicados sobre rutas<br>nacionales y provinciales con motivo de la peregrinaci\u00f3n. Dicho dispositivo consistir\u00e1 en<br>informar a los usuarios de la v\u00eda p\u00fablica de la peregrinaci\u00f3n que se est\u00e1 llevando a cabo,<br>de las precauciones que deben tener y de las v\u00edas alternativas de circulaci\u00f3n, para evitar<br>demoras y\/o siniestros viales, sobre todos a aquellos conductores de camiones de m\u00e1s de 3500<br>Kg., por la Ruta Nacional 118 hasta retomar la Ruta Nacional 12.<br><em>U.R.VI\u00b0 ITUZAINGO<\/em>:&nbsp;implementar\u00e1 un control policial en la intersecci\u00f3n de la Ruta<br>Nacional N\u00b012 y Ruta Nacional N\u00b0118, para que todos aquellos veh\u00edculos de gran porte<br>(camiones, colectivos de larga distancia, etc.), que circulen desde el interior hacia capital y<br>tenga por destino a la Ciudad de Corrientes, o m\u00e1s all\u00e1, es decir, que tenga que tomar la misma<br>v\u00eda que la peregrinaci\u00f3n, que pueden circular por la Ruta Nacional 118, hasta retomar la Ruta<br>Nacional N\u00b012, para no obstaculizar la peregrinaci\u00f3n y evitar que los mismos demoren en su<br>trayecto o provoquen siniestros viales. Con el mismo fin implementar\u00e1 un puesto policial en la<br>intersecci\u00f3n de la Rutas Nacional N\u00ba12 y Ruta Provincial N\u00ba5.<br><em>U.R.VII\u00b0 SALADAS<\/em>:&nbsp; implementar\u00e1 un control policial en la intersecci\u00f3n de la Ruta Nacional<br>N\u00b012 y Ruta Nacional N\u00b0118 (conocido como Cuatro Boca), con el mismo fin informativo<br>mencionado en el punto anterior.<br>\uf0b7 <em>DIRECCION GRAL. SEGURIDAD VIAL-UNIDAD ESPECIAL DE TRANSITO Y CAMINERA:<\/em>&nbsp;<br><em>Control Caminero N\u00ba1 (Ex Balanza):<\/em> Tendr\u00e1 la misi\u00f3n de INFORMAR, a lo s conductores<br>de veh\u00edculos que transitan la Ruta Nacional N\u00b012, con sentido de circulaci\u00f3n de Capital a<br>Interior y viceversa, de que por un tramo de la citada ruta se desplaza una peregrinaci\u00f3n para<br>que adopten las medidas de precauci\u00f3n correspondientes, regulando la velocidad de los<br>mismos.<br><em>Control Caminero N\u00ba3:<\/em> Tendr\u00e1 similares funci\u00f3n al \u00edtem anterior y adem\u00e1s brindar<br>informaci\u00f3n a conductores de veh\u00edculos de menor porte que tienen por destinos localidades<br>m\u00e1s all\u00e1 de Itat\u00ed, que pueden hacerlo por Ruta Provincial N\u00b05 hasta con la intersecci\u00f3n Ruta<br>Provincial N\u00b0118, y salir nuevamente a Ruta Nacional N\u00b012, teniendo presente que en el<br>corriente a\u00f1o por las inclemencias clim\u00e1ticas, los veh\u00edculos de gran porte deber\u00e1n<br><em>Redireccionar su trayecto<\/em>, realiz\u00e1ndolo por la Ruta Nacional N\u00ba12 hasta las Cuatro Bocas<br>Saladas, tomando la Ruta Nacional N\u00ba118 para luego volver a la Ruta Nacional N\u00ba12, pero<br>en la Jurisdicci\u00f3n concerniente a la Unidad Regional VI\u00ba Ituzaing\u00f3, evitando de esta forma<br>encontrarse con las columnas de peregrinos.<br><em>Control Caminero N\u00ba 4 :<\/em> Tendr\u00e1 Similares funciones al \u00edtem anterior haciendo especial<br>hincapi\u00e9 sobre los veh\u00edculos de tr\u00e1nsito pesado, los cuales indefectiblemente deber\u00e1n<br>realizar el trayecto citado en el punto anterior.<\/p>\n\n\n\n<p><em>Zona de la Rotonda Virgen de Itat\u00ed<\/em> Desde el 20\/04\/24, a las 00:00 horas, hasta el<br>21\/04\/23, 17:00 horas, se informar\u00e1 a todos aquellos veh\u00edculos de gran porte (camiones de<br>3500 kg. o m\u00e1s), que circulen desde capital hacia interior y tenga por destino hacia la<br>localidad de Itat\u00ed o m\u00e1s all\u00e1, es decir, que tenga que tomar la misma direcci\u00f3n que la<br>peregrinaci\u00f3n, <em>los desv\u00eden hacia Ruta Nacional 12<\/em>, a fin de que <em>tomen como v\u00eda la Ruta Nacional 118<\/em>, para luego retomar la Ruta Nacional N\u00b012, para no obstaculizar la<br>peregrinaci\u00f3n y evitar que los mismos demoren en su trayecto o provoquen siniestros viales;<br><em>NO DEBERAN circular por Ruta Provincial N\u00ba5<\/em>. Los colectivos de larga distancia, l\u00ednea y<br>otros que tengan por destino la localidad de Itat\u00ed y aquellas localidades que se encuentren<br>durante ese trayecto o m\u00e1s all\u00e1 de la misma, podr\u00e1n circular por dicha Ruta Nacional N\u00ba12,<br>con la debida precauci\u00f3n, advirti\u00e9ndoles de que encuentra en curso la peregrinaci\u00f3n.<\/p>\n\n\n\n<p><em>SEGURIDAD DE PEREGRINOS DURANTE SU DESPLAZAMIENTO<\/em><br>La peregrinaci\u00f3n, se iniciar\u00e1 desde en las inmediaciones de la Iglesia de la localidad de<br>Santa Ana, a las 08:00 hs. del 20-ABR-24, encabezado por la imagen de la Virgen de Santa<br>Ana, y en el siguiente orden:<br>\uf0b7 Peregrinos de a pie.<br>\uf0b7 Peregrinos en carros y\/o carretas.<br>\uf0b7 Peregrinos a caballo.<br>\uf0b7 Veh\u00edculos de apoyo.<br>Y para ello se dispondr\u00e1:<br><em>Delante de la peregrinaci\u00f3n<\/em>, se ubicar\u00e1 (a unos 4 km.), un M\u00f3vil policial con balizas<br>encendidas y equipo de se\u00f1alizaci\u00f3n adecuados (conos, luces, bandoleras, chalecos<br>refractarios, etc.), dicho veh\u00edculo policial mantendr\u00e1 la distancia y actuar\u00e1 preventivamente<br>ante la aparici\u00f3n de veh\u00edculos usuarios de la v\u00eda p\u00fablica, para advertir la presencia de la<br>peregrinaci\u00f3n y adoptar las medidas de seguridad del caso.<br><em>Detr\u00e1s de la Peregrinaci\u00f3n<\/em>, se instalar\u00e1 un servicio de seguridad por posta a cargo de la<br>patrulla motorizada afectada al presente servicio, con id\u00e9nticas directivas a la mencionada<br>en el punto anterior.<br><em>Al costado de la marcha de la peregrinaci\u00f3n<\/em>, se afectar\u00e1 Personal Policial Motoristas, a<br>efectos de mantener una l\u00ednea de ocupaci\u00f3n &#8211; banquina Izquierda (de frente a los veh\u00edculos<br>que circulan por Ruta Nacional 12).<br>Asimismo, en los descansos de la peregrinaci\u00f3n (almuerzo, cena, lugar donde<br>pernoctan, etc.), se implementar\u00e1 un Dispositivo de Seguridad, teniendo en cuenta la<br>presencia de peregrinos, veh\u00edculos y campamentos que se instalan a la vera de la ruta, que<br>consistir\u00e1 en la se\u00f1alizaci\u00f3n adecuada para la reducci\u00f3n de la velocidad y la precauci\u00f3n que<br>deben adoptar los usuarios de la v\u00eda p\u00fablica en el tr\u00e1nsito restringido por esa zona cr\u00edtica.<br>Adem\u00e1s, se recomendar\u00e1 a los peregrinos, no cruzar imprudentemente la cinta asf\u00e1ltica para<br>evitar potenciales riesgos de siniestros viales.<br>Por tal motivo,&nbsp;la POLICIA DE&nbsp;CORRIENTES solicita a los distintos medios de<br>comunicaci\u00f3n y a manera de colaboraci\u00f3n, la difusi\u00f3n del presente plan de servicio para<br>conocimiento de la poblaci\u00f3n en general, siendo la \u00fanica finalidad que las actividades se<br>desarrollen normalmente.<\/p>\n\n\n\n<p>Por ello, se solicita la colaboraci\u00f3n de&nbsp; los se\u00f1ores conductores y transportistas, que<br>tomen las precauciones del caso a efectos de evitar accidentes y caos vehicular, teniendo en<br>cuenta que las personas que participan se desplazan de a pie,&nbsp; montados a caballo, en carretas<br>y en veh\u00edculo automotor y especialmente a todos los peregrinos (caminantes y otros) que<br>est\u00e9n circulando por el trayecto que comprende&nbsp;la peregrinaci\u00f3n&nbsp;y las zonas de desv\u00edos<br>establecidos, para que lo hagan extremando las medidas de seguridad y las indicaciones de las<br>autoridades tanto las eclesi\u00e1sticas como policial, quienes se hallan velando por el<br>mantenimiento del orden y la seguridad p\u00fablica.<\/p>\n\n\n\n<p><em>RECOMENDACIONES A TENER EN CUENTA<\/em><\/p>\n\n\n\n<p>\uf0b7 Mantener el orden de la peregrinaci\u00f3n en el tr\u00e1nsito establecido por los<br>organizadores: carro de sonido, Santos Patronos, peregrinos a pie, ambulancia,<br>peregrinos a caballo, carretas, veh\u00edculos de apoyo; respetando los lugares asignados<br>y de esa manera no entorpecer el desplazamiento.<br>\uf0b7 Para mejor fluidez del tr\u00e1nsito, los veh\u00edculos de apoyo evitar\u00e1n estacionar en la<br>banquina del sentido contrario al de la peregrinaci\u00f3n (Izquierda). Asimismo, estos<br>veh\u00edculos deber\u00e1n estacionarse correctamente, a fin de no obstruir la banquina por<br>donde transitan los peregrinos, haci\u00e9ndolo sobre los accesos que se encuentran<br>fuera de la misma.<br>\uf0b7 En todo momento, los peregrinos deber\u00e1n utilizar \u00fanicamente la calzada derecha,<br>dejando la otra calzada para el desplazamiento de los veh\u00edculos que no participan del<br>evento.<br>\uf0b7 Los feligreses, que se desplacen por cualquier medio, durante toda la peregrinaci\u00f3n<br>deber\u00e1n respetar las indicaciones de seguridad y no sobrepasar la l\u00ednea media de la<br>ruta.<br>\uf0b7 En ning\u00fan caso se permitir\u00e1 la circulaci\u00f3n vehicular en doble fila, evitando de<br>este modo el congestionamiento vehicular.<br>\uf0b7 Los menores que cabalguen deber\u00e1n ir acompa\u00f1ados por personas mayores que<br>sean responsables de su seguridad.<br>\uf0b7 Los que circulen en motocicleta o bicicleta, deber\u00e1n hacerlo con la totalidad de los<br>elementos de seguridad (casco) y con chaleco refractario, etc.<br>\uf0b7 Los peregrinos montados deber\u00e1n desplazarse en todo momento por la banquina de<br>la Peregrinaci\u00f3n (derecha), respetando siempre las indicaciones del personal policial<br>destacado en los distintitos controles fijos y m\u00f3viles policiales.<br>\uf0b7 A fin de evitar inconvenientes que afecten a la seguridad, la columna de peregrinos<br>deber\u00e1 desplazarse de la forma m\u00e1s compacta posible, evitando dispersiones lo que<br>provocan desorganizaci\u00f3n y descontrol.<br>\uf0b7 Se recomienda especialmente, la moderaci\u00f3n en el consumo de bebidas alcoh\u00f3licas,<br>ya que el exceso ocasiona numerosos inconvenientes, muchas veces con<br>consecuencias tr\u00e1gicas.<br>\uf0b7 No se permitir\u00e1n las cantinas m\u00f3viles, en ning\u00fan caso podr\u00e1n estacionarse en las<br>banquinas, ya que ello ocasiona numerosos inconvenientes, tanto de organizaci\u00f3n<br>como de seguridad.<br>\uf0b7 Durante el proceso de acampe en el Parador del Peregrino, se deber\u00e1 evitar la<br>obstaculizaci\u00f3n del acceso al mismo. Asimismo, deber\u00e1n respetar el per\u00edmetro fijado<br>por el personal policial para lo cual optimizar\u00e1 la ocupaci\u00f3n de espacios dentro de<br>ese per\u00edmetro<br>\uf0b7 En todo momento durante el acampe se deber\u00e1 mantener una convivencia pac\u00edfica,<br>respetando a los dem\u00e1s feligreses. No producir ruidos molestos despu\u00e9s de las 00:00<br>hs, procurando el descanso correspondiente de los dem\u00e1s participantes del evento<\/p>\n\n\n\n<p>religioso.<br>\uf0b7 Debido a la multitudinaria concurrencia de p\u00fablico de todo tipo, durante la estad\u00eda<br>de los Peregrinos en Itati, deber\u00e1n prestar especial atenci\u00f3n al cuidado de sus<br>pertenencias personales.<br>\uf0b7 LOS PEREGRINOS QUE ASISTEN A ESTA IMPORTANTE MUESTRA DE FE DEBER\u00c1N<br>HACERLO CON LA MAXIMA COOPERACI\u00d3N, RESPONSABILIDAD Y RESPETO.<\/p>\n\n\n\n<p><em>SEGURIDAD VIAL<\/em><\/p>\n\n\n\n<p>\uf0b7 Los automovilistas ajenos al movimiento religioso, deber\u00e1n circular con<br>prudencia, respeto a las normas de tr\u00e1nsito, las indicaciones realizadas por el<br>personal policial trav\u00e9s de los distintos puestos fijos y m\u00f3viles y la totalidad<br>de las documentaciones correspondientes.<br>\uf0b7 Los rodados deber\u00e1n poseer las condiciones \u00f3ptimas de seguridad y<br>transitabilidad.<br>\uf0b7 Uso obligatorio del cintur\u00f3n de seguridad para todos los ocupantes del veh\u00edculo.<br>\uf0b7 No exceder las velocidades permitidas.<br>\uf0b7 Uso obligatorio de las luces bajasen forma permanente.<br>\uf0b7 Respetar las se\u00f1alizaciones y mantener la distancia de frenado en ruta (2<br>segundos).<br>\uf0b7 A los motociclistas se les exigir\u00e1, adem\u00e1s de las documentaciones<br>correspondientes, el uso del casco tanto para el conductor como el<br>acompa\u00f1ante.<br>\uf0b7 Los menores de diez a\u00f1os deben viajar en los asientos traseros y con los<br>cinturones de seguridad colocados, los beb\u00e9s deber\u00e1n viajar con el Sistema<br>de Retenci\u00f3n Infantil (SRI), conforme la legislaci\u00f3n vigente.<br>*RECOMENDACIONES A TENER EN CUENTA PARA LOS VECINOS QUE PARTICIPAN<br>DE LA 124\u00b0 PEREGRINACION DE LAS COMUNIDADES RELIGIOSA DE SANTA ANA,<br>PASO DE LA PATRIA Y SAN COMSE A LA BASILICA NUESTRA SE\u00d1ORA DE ITATI, A<\/p>\n\n\n\n<p>FIN DE PREVENIR DELITOS CONTRA LA PROPIEDAD.-*<\/p>\n\n\n\n<ul class=\"wp-block-list\">\n<li>Extremar las medidas de seguridad en los domicilios,<br>reforzando los dispositivos utilizados para tal fin, como ser la colocaci\u00f3n de<br>cerraduras m\u00e1s resistentes, utilizaci\u00f3n de candados, sistemas de alarmas, animales,<br>etc.<\/li>\n\n\n\n<li>Procurar la colaboraci\u00f3n del vecino no participante del evento,<br>para que permanezca alerta a fin de dar aviso en forma inmediata sobre la presencia<br>de personas extra\u00f1as, que pueden resultar sospechosas.<\/li>\n\n\n\n<li>Procurar a conformaci\u00f3n de foros vecinales de alerta<br>(comunicaciones de alerta, whatsapp, mensajes, etc), a fin de dar aviso a la Polic\u00eda<br>sobre presuntos hechos delictivos.<\/li>\n\n\n\n<li>De ser posible, en caso de concurrencia masiva de familias de<br>un mismo barrio, procurar la presencia de caseros y\/o serenos, a fin de reforzar la<br>prevenci\u00f3n policial.<\/li>\n\n\n\n<li>En caso de tomar conocimiento sobre un presunto hecho<br>delictivo, en cualquier momento de su ejecuci\u00f3n, se deber\u00e1 dar aviso en forma<br>inmediata a las autoridades policiales, por los medios que crean m\u00e1s id\u00f3neos o<\/li>\n<\/ul>\n\n\n\n<p>convenientes, llamando a las Unidades Policiales o alertar al personal policial de<br>recorrida.<\/p>\n\n\n\n<ul class=\"wp-block-list\">\n<li>Procurar una conveniente iluminaci\u00f3n de los hogares (interna y<br>externa) y calles, a fin de lograr una \u00f3ptima visibilidad de las viviendas que se<br>encuentren desocupadas.<br><em>PARA UNA ATENCI\u00d3N M\u00c1S \u00c1GIL Y EFICAZ, SE PUEDEN COMUNICAR A TRAV\u00c9S DE LOS SIGUIENTESTEL\u00c9FONOS:<\/em><br><em>COMISAR\u00cdA DE DISTRITO SANTA ANA:<\/em><br>FIJO:0379 \u2013 4497090 (101)<br>CELULAR: 379 \u2013 4502335<br><em>COMISAR\u00cdA DE DISTRITO PASO DE LA PATRIA:<\/em><br>FIJO: 0379 \u2013 4494004 (101)<br>CELULAR: 379 \u2013 503422<br><em>COMISAR\u00cdA DE DISTRITO SAN COSME:<\/em><br>FIJO: 0379 \u2013 4496051 (101)<br>CELULAR: 379 \u2013 4503410<\/li>\n<\/ul>\n\n\n\n<p><em>DATOS DE INTER\u00c9S<\/em><\/p>\n\n\n\n<ul class=\"wp-block-list\">\n<li>SE EVITAR\u00c1N LAS VENTAS DE BEBIDAS ALCOHOLICAS EN RUTA DE LA PEREGRINACION DE LOS<br>TRES PUEBLOS<\/li>\n\n\n\n<li>PROTEGERSE DEL SOL Y LLUVIA<\/li>\n\n\n\n<li>HIDRATARSE CON AGUA- FRUTAS- LLEVAR CARAMELOS<\/li>\n\n\n\n<li>LOS PEREGRINOS INGRESARAN A ITATI POR RUTA PAVIMENTADA<\/li>\n\n\n\n<li>LOS AUTOS DE APOYO PODRAN INGRESAR POR EL ATAJO (RIPIO)<\/li>\n<\/ul>\n\n\n\n<figure class=\"wp-block-image size-large\"><img loading=\"lazy\" decoding=\"async\" width=\"1024\" height=\"446\" src=\"https:\/\/corrientesdetarde.com\/wp-content\/uploads\/2024\/04\/PEREGRINACION-3-PUEBLOS-1-1024x446.jpeg\" alt=\"\" class=\"wp-image-140896\" srcset=\"https:\/\/corrientesdetarde.com\/wp-content\/uploads\/2024\/04\/PEREGRINACION-3-PUEBLOS-1-1024x446.jpeg 1024w, https:\/\/corrientesdetarde.com\/wp-content\/uploads\/2024\/04\/PEREGRINACION-3-PUEBLOS-1-300x131.jpeg 300w, https:\/\/corrientesdetarde.com\/wp-content\/uploads\/2024\/04\/PEREGRINACION-3-PUEBLOS-1-768x335.jpeg 768w, https:\/\/corrientesdetarde.com\/wp-content\/uploads\/2024\/04\/PEREGRINACION-3-PUEBLOS-1.jpeg 1067w\" sizes=\"auto, (max-width: 1024px) 100vw, 1024px\" \/><\/figure>\n\n\n\n<figure class=\"wp-block-image size-large\"><img loading=\"lazy\" decoding=\"async\" width=\"1024\" height=\"478\" src=\"https:\/\/corrientesdetarde.com\/wp-content\/uploads\/2024\/04\/PEREGRINACION-3-PUEBLOS-2-1024x478.jpeg\" alt=\"\" class=\"wp-image-140898\" srcset=\"https:\/\/corrientesdetarde.com\/wp-content\/uploads\/2024\/04\/PEREGRINACION-3-PUEBLOS-2-1024x478.jpeg 1024w, https:\/\/corrientesdetarde.com\/wp-content\/uploads\/2024\/04\/PEREGRINACION-3-PUEBLOS-2-300x140.jpeg 300w, https:\/\/corrientesdetarde.com\/wp-content\/uploads\/2024\/04\/PEREGRINACION-3-PUEBLOS-2-768x359.jpeg 768w, https:\/\/corrientesdetarde.com\/wp-content\/uploads\/2024\/04\/PEREGRINACION-3-PUEBLOS-2.jpeg 1088w\" sizes=\"auto, (max-width: 1024px) 100vw, 1024px\" \/><\/figure>\n\n\n\n<figure class=\"wp-block-image size-large\"><img loading=\"lazy\" decoding=\"async\" width=\"1024\" height=\"382\" src=\"https:\/\/corrientesdetarde.com\/wp-content\/uploads\/2024\/04\/PEREGRINACION-3-PUEBLOS-3-1024x382.jpeg\" alt=\"\" class=\"wp-image-140897\" srcset=\"https:\/\/corrientesdetarde.com\/wp-content\/uploads\/2024\/04\/PEREGRINACION-3-PUEBLOS-3-1024x382.jpeg 1024w, https:\/\/corrientesdetarde.com\/wp-content\/uploads\/2024\/04\/PEREGRINACION-3-PUEBLOS-3-300x112.jpeg 300w, https:\/\/corrientesdetarde.com\/wp-content\/uploads\/2024\/04\/PEREGRINACION-3-PUEBLOS-3-768x286.jpeg 768w, https:\/\/corrientesdetarde.com\/wp-content\/uploads\/2024\/04\/PEREGRINACION-3-PUEBLOS-3.jpeg 1067w\" sizes=\"auto, (max-width: 1024px) 100vw, 1024px\" \/><\/figure>\n","protected":false},"excerpt":{"rendered":"<p>Con motivo de la \u201cCXXIV\u00ba Peregrinaci\u00f3n de los Tres Pueblos\u201d hacia la Bas\u00edlica deNuestra Se\u00f1ora de Itat\u00ed\u201d, ubicada en la localidad hom\u00f3nima, bajo el lema \u201cDENLES USTEDES DE COMER\u201d, la&hellip; <\/p>\n","protected":false},"author":8,"featured_media":140895,"comment_status":"closed","ping_status":"open","sticky":false,"template":"","format":"standard","meta":{"footnotes":""},"categories":[33],"tags":[],"class_list":["post-140894","post","type-post","status-publish","format-standard","has-post-thumbnail","hentry","category-policiales"],"_links":{"self":[{"href":"https:\/\/corrientesdetarde.com\/index.php\/wp-json\/wp\/v2\/posts\/140894","targetHints":{"allow":["GET"]}}],"collection":[{"href":"https:\/\/corrientesdetarde.com\/index.php\/wp-json\/wp\/v2\/posts"}],"about":[{"href":"https:\/\/corrientesdetarde.com\/index.php\/wp-json\/wp\/v2\/types\/post"}],"author":[{"embeddable":true,"href":"https:\/\/corrientesdetarde.com\/index.php\/wp-json\/wp\/v2\/users\/8"}],"replies":[{"embeddable":true,"href":"https:\/\/corrientesdetarde.com\/index.php\/wp-json\/wp\/v2\/comments?post=140894"}],"version-history":[{"count":1,"href":"https:\/\/corrientesdetarde.com\/index.php\/wp-json\/wp\/v2\/posts\/140894\/revisions"}],"predecessor-version":[{"id":140899,"href":"https:\/\/corrientesdetarde.com\/index.php\/wp-json\/wp\/v2\/posts\/140894\/revisions\/140899"}],"wp:featuredmedia":[{"embeddable":true,"href":"https:\/\/corrientesdetarde.com\/index.php\/wp-json\/wp\/v2\/media\/140895"}],"wp:attachment":[{"href":"https:\/\/corrientesdetarde.com\/index.php\/wp-json\/wp\/v2\/media?parent=140894"}],"wp:term":[{"taxonomy":"category","embeddable":true,"href":"https:\/\/corrientesdetarde.com\/index.php\/wp-json\/wp\/v2\/categories?post=140894"},{"taxonomy":"post_tag","embeddable":true,"href":"https:\/\/corrientesdetarde.com\/index.php\/wp-json\/wp\/v2\/tags?post=140894"}],"curies":[{"name":"wp","href":"https:\/\/api.w.org\/{rel}","templated":true}]}}