{"id":140900,"date":"2024-04-17T14:26:47","date_gmt":"2024-04-17T17:26:47","guid":{"rendered":"https:\/\/corrientesdetarde.com\/?p=140900"},"modified":"2024-04-17T14:26:51","modified_gmt":"2024-04-17T17:26:51","slug":"copa-de-la-liga-rosario-central-y-riestra-cierran-las-fase-regular","status":"publish","type":"post","link":"https:\/\/corrientesdetarde.com\/index.php\/deportes\/copa-de-la-liga-rosario-central-y-riestra-cierran-las-fase-regular\/","title":{"rendered":"COPA DE LA LIGA: ROSARIO CENTRAL Y RIESTRA CIERRAN LAS FASE REGULAR"},"content":{"rendered":"\n<h2 class=\"wp-block-heading\">El \u00faltimo campe\u00f3n finaliza su participaci\u00f3n en el certamen est\u00e1 tarde ante el blanquinegro.<\/h2>\n\n\n\n<p>(Corresponsal\u00eda Buenos Aires)Con los cuartos de final ya definidos, la Copa de la Liga Profesional cerrar\u00e1 este mi\u00e9rcoles su fase regular con el compromiso que sostendr\u00e1n en el Gigante de Arroyito Rosario Central y Deportivo Riestra desde las 19.30. El equipo dirigido por Miguel \u00c1ngel Russo, ya sin posibilidades de defender su t\u00edtulo, buscar\u00e1 cerrar la primera parte del a\u00f1o en el \u00e1mbito local de la mejor manera. Enfrente tendr\u00e1 al conjunto dirigido por Cristian Fabbiani, de digno primer paso en primera divisi\u00f3n pese a las siete derrotas.<br>Recordemos que desde las 15.40 se estar\u00e1 reanudando en Sarand\u00ed el encuentro correspondiente a los 32avos de final de la Copa Argentina entre Tigre y Chacarita, suspendido a los cinco minutos del segundo tiempo por la agresi\u00f3n que recibi\u00f3 el jugador del funebrero Fernando Brand\u00e1n de parte de un hincha. Lo que resta del partido se jugar\u00e1 en dos tiempos de veinte minutos cada uno, teniendo el matador la ventaja moment\u00e1nea de 1 a 0 por el gol de Brahian Alem\u00e1n.<br>Finalmente, a partir de las 21.15, y tambi\u00e9n por la primera fase de la Copa Argentina, Uni\u00f3n se estar\u00e1 midiendo a Gimnasia de Mendoza en el estadio Eva Per\u00f3n de Jun\u00edn.<\/p>\n\n\n\n<p><\/p>\n","protected":false},"excerpt":{"rendered":"<p>El \u00faltimo campe\u00f3n finaliza su participaci\u00f3n en el certamen est\u00e1 tarde ante el blanquinegro. (Corresponsal\u00eda Buenos Aires)Con los cuartos de final ya definidos, la Copa de la Liga Profesional cerrar\u00e1&hellip; <\/p>\n","protected":false},"author":11,"featured_media":140901,"comment_status":"closed","ping_status":"open","sticky":false,"template":"","format":"standard","meta":{"footnotes":""},"categories":[4],"tags":[],"class_list":["post-140900","post","type-post","status-publish","format-standard","has-post-thumbnail","hentry","category-deportes"],"_links":{"self":[{"href":"https:\/\/corrientesdetarde.com\/index.php\/wp-json\/wp\/v2\/posts\/140900","targetHints":{"allow":["GET"]}}],"collection":[{"href":"https:\/\/corrientesdetarde.com\/index.php\/wp-json\/wp\/v2\/posts"}],"about":[{"href":"https:\/\/corrientesdetarde.com\/index.php\/wp-json\/wp\/v2\/types\/post"}],"author":[{"embeddable":true,"href":"https:\/\/corrientesdetarde.com\/index.php\/wp-json\/wp\/v2\/users\/11"}],"replies":[{"embeddable":true,"href":"https:\/\/corrientesdetarde.com\/index.php\/wp-json\/wp\/v2\/comments?post=140900"}],"version-history":[{"count":2,"href":"https:\/\/corrientesdetarde.com\/index.php\/wp-json\/wp\/v2\/posts\/140900\/revisions"}],"predecessor-version":[{"id":140903,"href":"https:\/\/corrientesdetarde.com\/index.php\/wp-json\/wp\/v2\/posts\/140900\/revisions\/140903"}],"wp:featuredmedia":[{"embeddable":true,"href":"https:\/\/corrientesdetarde.com\/index.php\/wp-json\/wp\/v2\/media\/140901"}],"wp:attachment":[{"href":"https:\/\/corrientesdetarde.com\/index.php\/wp-json\/wp\/v2\/media?parent=140900"}],"wp:term":[{"taxonomy":"category","embeddable":true,"href":"https:\/\/corrientesdetarde.com\/index.php\/wp-json\/wp\/v2\/categories?post=140900"},{"taxonomy":"post_tag","embeddable":true,"href":"https:\/\/corrientesdetarde.com\/index.php\/wp-json\/wp\/v2\/tags?post=140900"}],"curies":[{"name":"wp","href":"https:\/\/api.w.org\/{rel}","templated":true}]}}