{"id":140909,"date":"2024-04-17T14:35:00","date_gmt":"2024-04-17T17:35:00","guid":{"rendered":"https:\/\/corrientesdetarde.com\/?p=140909"},"modified":"2024-04-17T14:35:05","modified_gmt":"2024-04-17T17:35:05","slug":"la-municipalidad-ya-construyo-mas-demil-rampas-inclusivas-en-veredas-y-plazas","status":"publish","type":"post","link":"https:\/\/corrientesdetarde.com\/index.php\/informacion-general\/la-municipalidad-ya-construyo-mas-demil-rampas-inclusivas-en-veredas-y-plazas\/","title":{"rendered":"La Municipalidad ya construy\u00f3 m\u00e1s demil rampas inclusivas en veredas y plazas\u00a0"},"content":{"rendered":"\n<p><em>Las obras son llevadas adelante por la Secretar\u00eda de Infraestructura, con el objetivo de continuar desarrollando una ciudad inclusiva y amigable. Las tareas ya concluyeron en toda la extensi\u00f3n de la avenida Artigas y actualmente se llevan adelante en la intersecci\u00f3n de calle Brasil con la avenida Ferr\u00e9 y calle Rivadavia.<\/em><\/p>\n\n\n\n<p>La Municipalidad avanza con una importante intervenci\u00f3n con obras que contribuyen a mejorar la accesibilidad, inclusi\u00f3n y transitabilidad de los vecinos. En ese marco, ya se llevan construidas m\u00e1s de 1000 rampas con sus respectivas losetas podot\u00e1ctiles, ubicadas en veredas y distintas plazas de la ciudad.<br><br>Los trabajos son realizados mediante la Secretar\u00eda de Infraestructura, a trav\u00e9s de la Subsecretar\u00eda de Obras y Servicios, con el objetivo de continuar desarrollando en una ciudad inclusiva y amigable, uno de los ejes de gesti\u00f3n del intendente, Eduardo Tassano.<br><br>\u201cYa finalizamos los trabajos en toda la avenida Artigas y en este momento los obreros est\u00e1n llevando adelante las tareas en calle Brasil, en las intersecciones con la avenida Ferr\u00e9 y calle Rivadavia\u201d, explic\u00f3 el subsecretario de Obras y Servicios P\u00fablicos, Jorge L\u00f3pez Monaje, quien se\u00f1al\u00f3 que una vez finalizadas las obras por la calle Brasil se continuar\u00e1 \u201chacia la calle siguiente que es Uruguay\u201d.<br><br>Entre tanto, L\u00f3pez Monaje precis\u00f3 que, entre las diferentes calles intervenidas y los espacios p\u00fablicos, la Municipalidad ya \u201clleva m\u00e1s de mil rampas con sus respectivas losetas podot\u00e1ctiles, que son \u00edntegramente construidas en el obrador municipal\u201d.<br><br>El subsecretario de Obras y Servicios P\u00fablicos se\u00f1al\u00f3 que si bien las acciones se extienden en la zona centro que \u201ces el lugar donde todos confluimos para hacer diversos tr\u00e1mites, se llevan a los chicos a los colegios, los jubilados van a cobrar su salario, tambi\u00e9n se est\u00e1 trabajando en los barrios y plazas\u201d.<br><br>Por otra parte, destac\u00f3 que a pesar de la situaci\u00f3n econ\u00f3mica nacional \u201cel objetivo es seguir avanzando para lograr este a\u00f1o un cambio significativo en la accesibilidad del casco c\u00e9ntrico de la ciudad y de los distintos barrios\u201d.<br><br>A su vez, el funcionario solicit\u00f3 a los vecinos que \u201csi observan vandalismo que denuncien porque esta obra es de cada uno de los correntinos, es propiedad de los vecinos y por lo tanto solicitamos que cuiden como propio\u201d.<br><br><a href=\"https:\/\/ciudaddecorrientes.us12.list-manage.com\/track\/click?u=253e4bcff71216c6af771c3c9&amp;id=563d117d1c&amp;e=17643edfa8\" target=\"_blank\" rel=\"noreferrer noopener\">NOTA TV.<\/a><br>Jorge L\u00f3pez Monaje,&nbsp;subsecretario de Obras y Servicios P\u00fablicos.<\/p>\n\n\n\n<figure class=\"wp-block-image size-large\"><img loading=\"lazy\" decoding=\"async\" width=\"1024\" height=\"682\" src=\"https:\/\/corrientesdetarde.com\/wp-content\/uploads\/2024\/04\/image-411-1024x682.png\" alt=\"\" class=\"wp-image-140910\" srcset=\"https:\/\/corrientesdetarde.com\/wp-content\/uploads\/2024\/04\/image-411-1024x682.png 1024w, https:\/\/corrientesdetarde.com\/wp-content\/uploads\/2024\/04\/image-411-300x200.png 300w, https:\/\/corrientesdetarde.com\/wp-content\/uploads\/2024\/04\/image-411-768x512.png 768w, https:\/\/corrientesdetarde.com\/wp-content\/uploads\/2024\/04\/image-411.png 1280w\" sizes=\"auto, (max-width: 1024px) 100vw, 1024px\" \/><\/figure>\n\n\n\n<figure class=\"wp-block-image size-large\"><img loading=\"lazy\" decoding=\"async\" width=\"1024\" height=\"682\" src=\"https:\/\/corrientesdetarde.com\/wp-content\/uploads\/2024\/04\/image-413-1024x682.png\" alt=\"\" class=\"wp-image-140912\" srcset=\"https:\/\/corrientesdetarde.com\/wp-content\/uploads\/2024\/04\/image-413-1024x682.png 1024w, https:\/\/corrientesdetarde.com\/wp-content\/uploads\/2024\/04\/image-413-300x200.png 300w, https:\/\/corrientesdetarde.com\/wp-content\/uploads\/2024\/04\/image-413-768x512.png 768w, https:\/\/corrientesdetarde.com\/wp-content\/uploads\/2024\/04\/image-413.png 1280w\" sizes=\"auto, (max-width: 1024px) 100vw, 1024px\" \/><\/figure>\n\n\n\n<figure class=\"wp-block-image size-large\"><img loading=\"lazy\" decoding=\"async\" width=\"1024\" height=\"682\" src=\"https:\/\/corrientesdetarde.com\/wp-content\/uploads\/2024\/04\/image-414-1024x682.png\" alt=\"\" class=\"wp-image-140913\" srcset=\"https:\/\/corrientesdetarde.com\/wp-content\/uploads\/2024\/04\/image-414-1024x682.png 1024w, https:\/\/corrientesdetarde.com\/wp-content\/uploads\/2024\/04\/image-414-300x200.png 300w, https:\/\/corrientesdetarde.com\/wp-content\/uploads\/2024\/04\/image-414-768x512.png 768w, https:\/\/corrientesdetarde.com\/wp-content\/uploads\/2024\/04\/image-414.png 1280w\" sizes=\"auto, (max-width: 1024px) 100vw, 1024px\" \/><\/figure>\n\n\n\n<figure class=\"wp-block-image size-large\"><img loading=\"lazy\" decoding=\"async\" width=\"1024\" height=\"682\" src=\"https:\/\/corrientesdetarde.com\/wp-content\/uploads\/2024\/04\/image-415-1024x682.png\" alt=\"\" class=\"wp-image-140914\" srcset=\"https:\/\/corrientesdetarde.com\/wp-content\/uploads\/2024\/04\/image-415-1024x682.png 1024w, https:\/\/corrientesdetarde.com\/wp-content\/uploads\/2024\/04\/image-415-300x200.png 300w, https:\/\/corrientesdetarde.com\/wp-content\/uploads\/2024\/04\/image-415-768x512.png 768w, https:\/\/corrientesdetarde.com\/wp-content\/uploads\/2024\/04\/image-415.png 1280w\" sizes=\"auto, (max-width: 1024px) 100vw, 1024px\" \/><\/figure>\n","protected":false},"excerpt":{"rendered":"<p>Las obras son llevadas adelante por la Secretar\u00eda de Infraestructura, con el objetivo de continuar desarrollando una ciudad inclusiva y amigable. Las tareas ya concluyeron en toda la extensi\u00f3n de&hellip; <\/p>\n","protected":false},"author":8,"featured_media":140911,"comment_status":"closed","ping_status":"open","sticky":false,"template":"","format":"standard","meta":{"footnotes":""},"categories":[1],"tags":[],"class_list":["post-140909","post","type-post","status-publish","format-standard","has-post-thumbnail","hentry","category-informacion-general"],"_links":{"self":[{"href":"https:\/\/corrientesdetarde.com\/index.php\/wp-json\/wp\/v2\/posts\/140909","targetHints":{"allow":["GET"]}}],"collection":[{"href":"https:\/\/corrientesdetarde.com\/index.php\/wp-json\/wp\/v2\/posts"}],"about":[{"href":"https:\/\/corrientesdetarde.com\/index.php\/wp-json\/wp\/v2\/types\/post"}],"author":[{"embeddable":true,"href":"https:\/\/corrientesdetarde.com\/index.php\/wp-json\/wp\/v2\/users\/8"}],"replies":[{"embeddable":true,"href":"https:\/\/corrientesdetarde.com\/index.php\/wp-json\/wp\/v2\/comments?post=140909"}],"version-history":[{"count":1,"href":"https:\/\/corrientesdetarde.com\/index.php\/wp-json\/wp\/v2\/posts\/140909\/revisions"}],"predecessor-version":[{"id":140915,"href":"https:\/\/corrientesdetarde.com\/index.php\/wp-json\/wp\/v2\/posts\/140909\/revisions\/140915"}],"wp:featuredmedia":[{"embeddable":true,"href":"https:\/\/corrientesdetarde.com\/index.php\/wp-json\/wp\/v2\/media\/140911"}],"wp:attachment":[{"href":"https:\/\/corrientesdetarde.com\/index.php\/wp-json\/wp\/v2\/media?parent=140909"}],"wp:term":[{"taxonomy":"category","embeddable":true,"href":"https:\/\/corrientesdetarde.com\/index.php\/wp-json\/wp\/v2\/categories?post=140909"},{"taxonomy":"post_tag","embeddable":true,"href":"https:\/\/corrientesdetarde.com\/index.php\/wp-json\/wp\/v2\/tags?post=140909"}],"curies":[{"name":"wp","href":"https:\/\/api.w.org\/{rel}","templated":true}]}}