{"id":140916,"date":"2024-04-17T14:42:28","date_gmt":"2024-04-17T17:42:28","guid":{"rendered":"https:\/\/corrientesdetarde.com\/?p=140916"},"modified":"2024-04-17T14:42:31","modified_gmt":"2024-04-17T17:42:31","slug":"velez-le-rescindio-el-contrato-a-sebastian-sosa-el-arquero-implicado-en-una-causa-por-abuso-sexual","status":"publish","type":"post","link":"https:\/\/corrientesdetarde.com\/index.php\/deportes\/velez-le-rescindio-el-contrato-a-sebastian-sosa-el-arquero-implicado-en-una-causa-por-abuso-sexual\/","title":{"rendered":"V\u00e9lez le rescindi\u00f3 el contrato a Sebasti\u00e1n Sosa, el arquero implicado en una causa por abuso sexual"},"content":{"rendered":"\n<p>El arquero, que se encuentra en libertad tras haber pagado una cauci\u00f3n de 50 millones de pesos a la Justicia de Tucum\u00e1n, ya no formar\u00e1 parte del plantel del Fort\u00edn.<\/p>\n\n\n\n<p>El arqueroSebasti\u00e1n Sosa\u00a0\u00a0rescindi\u00f3 este mi\u00e9rcoles su contrato con V\u00e9lez en medio de la denuncia por abuso sexual que recibi\u00f3 \u00e9l y tres de sus ahora excompa\u00f1eros de equipo de parte de una joven tucumana.<\/p>\n\n\n\n<p>\u201cLa recisi\u00f3n del contrato es con efecto inmediato\u201d, inform\u00f3 el club de Liniers respecto de la situaci\u00f3n del futbolista de 37 a\u00f1os. El 18 de marzo pasado, tras hacerse p\u00fablica la denuncia contra Sosa, Jos\u00e9 Florent\u00edn, Braian Cufr\u00e9 y Abiel Osorio, la entidad hab\u00eda decidido suspender sus v\u00ednculos laborales.<\/p>\n\n\n\n<p>Sosa se encuentra en libertad tras haber pagado una cauci\u00f3n de 50 millones de pesos, medida que dispuso la Justicia de Tucum\u00e1n luego de la audiencia que se realiz\u00f3 el 20 de marzo y en la cual a los otros tres implicados se les dict\u00f3 arresto domiciliario por 90 d\u00edas.<\/p>\n\n\n\n<p>\u201cLo \u00fanico que tengo para decir es que conf\u00edo plenamente en la Justicia de Tucum\u00e1n.&nbsp;<strong>Soy inocente y lo \u00fanico que quiero es que se sepa la verdad de todo esto\u201d<\/strong>, hab\u00eda dicho el uruguayo el d\u00eda que fue liberado.<\/p>\n\n\n\n<p>De esta manera, el futuro deportivo de Sosa, que tuvo pasos por Pe\u00f1arol, Boca, Rosario Central e Independiente, entre otros, es una inc\u00f3gnita.<\/p>\n\n\n\n<figure class=\"wp-block-image\"><img decoding=\"async\" src=\"https:\/\/tn.com.ar\/resizer\/RH4ziI3uhMmZNDCTFGd_VcAoDrs=\/767x0\/smart\/filters:format(webp)\/cloudfront-us-east-1.images.arcpublishing.com\/artear\/QS4K6QN6CBE2JKF3MSZ47SSVA4.png\" alt=\"Sebasti\u00e1n Sosa tuvo dos ciclos en V\u00e9lez (Foto: Instagram\/ @velez)\"\/><\/figure>\n\n\n\n<h2 class=\"wp-block-heading\">El comunicado de V\u00e9lez<\/h2>\n\n\n\n<p><em>En el d\u00eda de la fecha se firm\u00f3 la desvinculaci\u00f3n del jugador Sebasti\u00e1n Sosa del Club Atl\u00e9tico V\u00e9lez Sarsfield.<\/em><\/p>\n\n\n\n<p><em>La recisi\u00f3n del contrato es con efecto inmediato y sin m\u00e1s obligaciones para ninguna de las dos partes.<\/em><\/p>\n","protected":false},"excerpt":{"rendered":"<p>El arquero, que se encuentra en libertad tras haber pagado una cauci\u00f3n de 50 millones de pesos a la Justicia de Tucum\u00e1n, ya no formar\u00e1 parte del plantel del Fort\u00edn.&hellip; <\/p>\n","protected":false},"author":8,"featured_media":140917,"comment_status":"closed","ping_status":"open","sticky":false,"template":"","format":"standard","meta":{"footnotes":""},"categories":[4],"tags":[],"class_list":["post-140916","post","type-post","status-publish","format-standard","has-post-thumbnail","hentry","category-deportes"],"_links":{"self":[{"href":"https:\/\/corrientesdetarde.com\/index.php\/wp-json\/wp\/v2\/posts\/140916","targetHints":{"allow":["GET"]}}],"collection":[{"href":"https:\/\/corrientesdetarde.com\/index.php\/wp-json\/wp\/v2\/posts"}],"about":[{"href":"https:\/\/corrientesdetarde.com\/index.php\/wp-json\/wp\/v2\/types\/post"}],"author":[{"embeddable":true,"href":"https:\/\/corrientesdetarde.com\/index.php\/wp-json\/wp\/v2\/users\/8"}],"replies":[{"embeddable":true,"href":"https:\/\/corrientesdetarde.com\/index.php\/wp-json\/wp\/v2\/comments?post=140916"}],"version-history":[{"count":1,"href":"https:\/\/corrientesdetarde.com\/index.php\/wp-json\/wp\/v2\/posts\/140916\/revisions"}],"predecessor-version":[{"id":140918,"href":"https:\/\/corrientesdetarde.com\/index.php\/wp-json\/wp\/v2\/posts\/140916\/revisions\/140918"}],"wp:featuredmedia":[{"embeddable":true,"href":"https:\/\/corrientesdetarde.com\/index.php\/wp-json\/wp\/v2\/media\/140917"}],"wp:attachment":[{"href":"https:\/\/corrientesdetarde.com\/index.php\/wp-json\/wp\/v2\/media?parent=140916"}],"wp:term":[{"taxonomy":"category","embeddable":true,"href":"https:\/\/corrientesdetarde.com\/index.php\/wp-json\/wp\/v2\/categories?post=140916"},{"taxonomy":"post_tag","embeddable":true,"href":"https:\/\/corrientesdetarde.com\/index.php\/wp-json\/wp\/v2\/tags?post=140916"}],"curies":[{"name":"wp","href":"https:\/\/api.w.org\/{rel}","templated":true}]}}