{"id":141013,"date":"2024-04-17T22:27:50","date_gmt":"2024-04-18T01:27:50","guid":{"rendered":"https:\/\/corrientesdetarde.com\/?p=141013"},"modified":"2024-04-18T07:47:39","modified_gmt":"2024-04-18T10:47:39","slug":"todo-confirmado-para-los-cuartos-de-final-de-la-copa-de-la-liga-dia-horario-y-sede-del-superclasico","status":"publish","type":"post","link":"https:\/\/corrientesdetarde.com\/index.php\/deportes\/todo-confirmado-para-los-cuartos-de-final-de-la-copa-de-la-liga-dia-horario-y-sede-del-superclasico\/","title":{"rendered":"TODO CONFIRMADO PARA LOS CUARTOS DE FINAL DE LA COPA DE LA LIGA: D\u00cdA, HORARIO Y SEDE DEL SUPERCL\u00c1SICO"},"content":{"rendered":"\n<p>(NA\/ Corresponsal\u00eda Buenos Aires) &#8211; La organizaci\u00f3n de competencia dio a conocer todos los detalles del inicio de los playoffs.<\/p>\n\n\n\n<figure class=\"wp-block-embed is-type-video is-provider-youtube wp-block-embed-youtube wp-embed-aspect-16-9 wp-has-aspect-ratio\"><div class=\"wp-block-embed__wrapper\">\n<iframe loading=\"lazy\" title=\"Se definieron los cuartos de la liga\" width=\"1110\" height=\"624\" src=\"https:\/\/www.youtube.com\/embed\/y1eGYvNDyE0?feature=oembed\" frameborder=\"0\" allow=\"accelerometer; autoplay; clipboard-write; encrypted-media; gyroscope; picture-in-picture; web-share\" referrerpolicy=\"strict-origin-when-cross-origin\" allowfullscreen><\/iframe>\n<\/div><\/figure>\n\n\n\n<p>La Asociaci\u00f3n del F\u00fatbol Argentino (AFA) confirm\u00f3 sedes, fechas y horarios de los cuartos de final de la Copa de la Liga y el Supercl\u00e1sico entre Boca y River se disputar\u00e1 el domingo a las 15.30 en el estadio Mario Alberto Kempes de C\u00f3rdoba.<\/p>\n\n\n\n<p>Tras lo que fue la clasificaci\u00f3n a los playoffs de los Grupos A y B del certamen, la AFA dio a conocer las sedes, fechas y horarios de lo que ser\u00e1n los cuartos de final de la Copa de la Liga y el Supercl\u00e1sico entre Boca y River se disputar\u00e1 en el estadio Mario Alberto Kempes de C\u00f3rdoba a las 15.30 del domingo. \u201cEl Supercl\u00e1sico va en C\u00f3rdoba del domingo. El resto de las llaves, el s\u00e1bado\u201d anunci\u00f3 la Liga Profesional de F\u00fatbol.<\/p>\n\n\n\n<p>Esta nueva edici\u00f3n del Supercl\u00e1sico, el cuarto en instancia de cuartos de final y el segundo en la historia de los playoffs de la Copa de la Liga, contar\u00e1 con el arbitraje de Yael Falc\u00f3n P\u00e9rez y Jorge Bali\u00f1o en el VAR. Por su parte, Juan Pablo Belatti y Miguel Savorani estar\u00e1n como asistentes, Jorge Bali\u00f1o y Lucas Novelli estar\u00e1n a cargo del VAR mientras que Pablo Echavarria y Cristi\u00e1n Navarro ser\u00e1n el cuarto y quinto \u00e1rbitro, respectivamente.<\/p>\n\n\n\n<p>Adem\u00e1s, no habr\u00e1 tiempo extra, por lo que si no se sacan diferencias en los 90 minutos reglamentarios, el Supercl\u00e1sico entre Boca y River se definir\u00e1 desde el punto de penal.<\/p>\n\n\n\n<p>En cuanto a los otros cruces de cuartos de final, los tres se disputar\u00e1n el s\u00e1bado y arrancar\u00e1n con Argentinos Juniors-Defensa y Justicia en el estadio Florencio Sola de Banfield desde las 15.30 con Andr\u00e9s Merlos como \u00e1rbitro, Estudiantes de La Plata-Barracas Central jugar\u00e1n a las 18.30 en el Ciudad de Vicente L\u00f3pez con Dar\u00edo Herrera impartiendo justicia y la jornada la cerrar\u00e1n Godoy Cruz de Mendoza y V\u00e9lez Sarsfield a las 21.15 en el estadio \u00danico de Villa Mercedes con Sebasti\u00e1n Zunino como \u00e1rbitro.<\/p>\n","protected":false},"excerpt":{"rendered":"<p>(NA\/ Corresponsal\u00eda Buenos Aires) &#8211; La organizaci\u00f3n de competencia dio a conocer todos los detalles del inicio de los playoffs. La Asociaci\u00f3n del F\u00fatbol Argentino (AFA) confirm\u00f3 sedes, fechas y&hellip; <\/p>\n","protected":false},"author":11,"featured_media":91900,"comment_status":"closed","ping_status":"open","sticky":false,"template":"","format":"standard","meta":{"footnotes":""},"categories":[4,26],"tags":[548,503,1908,185],"class_list":["post-141013","post","type-post","status-publish","format-standard","has-post-thumbnail","hentry","category-deportes","category-destacados","tag-copa","tag-liga","tag-play-off","tag-river"],"_links":{"self":[{"href":"https:\/\/corrientesdetarde.com\/index.php\/wp-json\/wp\/v2\/posts\/141013","targetHints":{"allow":["GET"]}}],"collection":[{"href":"https:\/\/corrientesdetarde.com\/index.php\/wp-json\/wp\/v2\/posts"}],"about":[{"href":"https:\/\/corrientesdetarde.com\/index.php\/wp-json\/wp\/v2\/types\/post"}],"author":[{"embeddable":true,"href":"https:\/\/corrientesdetarde.com\/index.php\/wp-json\/wp\/v2\/users\/11"}],"replies":[{"embeddable":true,"href":"https:\/\/corrientesdetarde.com\/index.php\/wp-json\/wp\/v2\/comments?post=141013"}],"version-history":[{"count":3,"href":"https:\/\/corrientesdetarde.com\/index.php\/wp-json\/wp\/v2\/posts\/141013\/revisions"}],"predecessor-version":[{"id":141064,"href":"https:\/\/corrientesdetarde.com\/index.php\/wp-json\/wp\/v2\/posts\/141013\/revisions\/141064"}],"wp:featuredmedia":[{"embeddable":true,"href":"https:\/\/corrientesdetarde.com\/index.php\/wp-json\/wp\/v2\/media\/91900"}],"wp:attachment":[{"href":"https:\/\/corrientesdetarde.com\/index.php\/wp-json\/wp\/v2\/media?parent=141013"}],"wp:term":[{"taxonomy":"category","embeddable":true,"href":"https:\/\/corrientesdetarde.com\/index.php\/wp-json\/wp\/v2\/categories?post=141013"},{"taxonomy":"post_tag","embeddable":true,"href":"https:\/\/corrientesdetarde.com\/index.php\/wp-json\/wp\/v2\/tags?post=141013"}],"curies":[{"name":"wp","href":"https:\/\/api.w.org\/{rel}","templated":true}]}}