{"id":141039,"date":"2024-04-17T23:23:55","date_gmt":"2024-04-18T02:23:55","guid":{"rendered":"https:\/\/corrientesdetarde.com\/?p=141039"},"modified":"2024-04-17T23:24:06","modified_gmt":"2024-04-18T02:24:06","slug":"accidente-en-moto-tres-menores-y-su-padre-resultaron-heridos","status":"publish","type":"post","link":"https:\/\/corrientesdetarde.com\/index.php\/policiales\/accidente-en-moto-tres-menores-y-su-padre-resultaron-heridos\/","title":{"rendered":"Accidente en moto: Tres menores y su padre resultaron heridos"},"content":{"rendered":"\n<p>Tienen 16 a\u00f1os, 3 y 3 meses los chicos hospitalizados en la localidad de Santa Luc\u00eda.\u00a0\u00a0<\/p>\n\n\n\n<p>En la ma\u00f1ana de este mi\u00e9rcoles se produjo un accidente de tr\u00e1nsito en el cruce de calle San Mart\u00edn y avenida General Paz del poblado de Santa Luc\u00eda, en el interior provincial.&nbsp;<\/p>\n\n\n\n<p><br>Colisionaron una camioneta Ford Ranger conducida por un hombre de 52 a\u00f1os de apellido Florida, y una motocicleta Yamaha YBR en el que transitaban cuatro personas. Un hombre mayor de edad junto a un chico de 16, un ni\u00f1o de 3&nbsp; y un beb\u00e9 de 3 meses.<\/p>\n\n\n\n<p><br>Bomberos Voluntarios estuvieron trabajando en el lugar junto a personal policial y agentes de tr\u00e1nsito.<\/p>\n\n\n\n<p>Todos los ocupantes de la motocicleta fueron trasladados en ambulancia hacia el hospital local para su atenci\u00f3n m\u00e9dica. Los menores no llevaban casco de seguridad colocados.&nbsp;<\/p>\n","protected":false},"excerpt":{"rendered":"<p>Tienen 16 a\u00f1os, 3 y 3 meses los chicos hospitalizados en la localidad de Santa Luc\u00eda.\u00a0\u00a0 En la ma\u00f1ana de este mi\u00e9rcoles se produjo un accidente de tr\u00e1nsito en el&hellip; <\/p>\n","protected":false},"author":4,"featured_media":141040,"comment_status":"closed","ping_status":"open","sticky":false,"template":"","format":"standard","meta":{"footnotes":""},"categories":[33],"tags":[],"class_list":["post-141039","post","type-post","status-publish","format-standard","has-post-thumbnail","hentry","category-policiales"],"_links":{"self":[{"href":"https:\/\/corrientesdetarde.com\/index.php\/wp-json\/wp\/v2\/posts\/141039","targetHints":{"allow":["GET"]}}],"collection":[{"href":"https:\/\/corrientesdetarde.com\/index.php\/wp-json\/wp\/v2\/posts"}],"about":[{"href":"https:\/\/corrientesdetarde.com\/index.php\/wp-json\/wp\/v2\/types\/post"}],"author":[{"embeddable":true,"href":"https:\/\/corrientesdetarde.com\/index.php\/wp-json\/wp\/v2\/users\/4"}],"replies":[{"embeddable":true,"href":"https:\/\/corrientesdetarde.com\/index.php\/wp-json\/wp\/v2\/comments?post=141039"}],"version-history":[{"count":1,"href":"https:\/\/corrientesdetarde.com\/index.php\/wp-json\/wp\/v2\/posts\/141039\/revisions"}],"predecessor-version":[{"id":141041,"href":"https:\/\/corrientesdetarde.com\/index.php\/wp-json\/wp\/v2\/posts\/141039\/revisions\/141041"}],"wp:featuredmedia":[{"embeddable":true,"href":"https:\/\/corrientesdetarde.com\/index.php\/wp-json\/wp\/v2\/media\/141040"}],"wp:attachment":[{"href":"https:\/\/corrientesdetarde.com\/index.php\/wp-json\/wp\/v2\/media?parent=141039"}],"wp:term":[{"taxonomy":"category","embeddable":true,"href":"https:\/\/corrientesdetarde.com\/index.php\/wp-json\/wp\/v2\/categories?post=141039"},{"taxonomy":"post_tag","embeddable":true,"href":"https:\/\/corrientesdetarde.com\/index.php\/wp-json\/wp\/v2\/tags?post=141039"}],"curies":[{"name":"wp","href":"https:\/\/api.w.org\/{rel}","templated":true}]}}