{"id":141048,"date":"2024-04-17T23:52:59","date_gmt":"2024-04-18T02:52:59","guid":{"rendered":"https:\/\/corrientesdetarde.com\/?p=141048"},"modified":"2024-04-17T23:53:11","modified_gmt":"2024-04-18T02:53:11","slug":"nadal-cayo-con-de-minaur-y-quedo-eliminado-en-su-regreso-a-barcelona","status":"publish","type":"post","link":"https:\/\/corrientesdetarde.com\/index.php\/deportes\/nadal-cayo-con-de-minaur-y-quedo-eliminado-en-su-regreso-a-barcelona\/","title":{"rendered":"Nadal cay\u00f3 con De Mi\u00f1aur y qued\u00f3 eliminado en su regreso a Barcelona"},"content":{"rendered":"\n<p><strong>El legendario tenista espa\u00f1ol volvi\u00f3 a jugar el Conde de God\u00f3 tras una lesi\u00f3n.<\/strong><\/p>\n\n\n\n<p>Las esperanzas de\u00a0<strong>Rafael Nadal<\/strong>\u00a0de ganar el<strong>\u00a0Abierto de Barcelona\u00a0<\/strong>por decimotercera vez se\u00a0desvanecieron el mi\u00e9rcoles, con su derrota en segunda ronda por 7-5 y 6-1 ante el cuarto cabeza de serie, el australiano\u00a0<strong>Alex de Mi\u00f1aur.<\/strong><\/p>\n\n\n\n<p><strong>El espa\u00f1ol jugaba su primer torneo desde enero&nbsp;<\/strong>y hab\u00eda regresado el martes con su triunfo en primera ronda sobre Flavio Cobolli, pero el jugador -de 37 a\u00f1os- no fue rival para De Mi\u00f1aur.<\/p>\n\n\n\n<p><strong>El australiano comenz\u00f3 brillantemente,<\/strong>&nbsp;rompiendo el saque de su rival en el primer juego, pero&nbsp;<strong>Nadal<\/strong>&nbsp;rompi\u00f3 de nuevo para ponerse 3-3 antes de que Mi\u00f1aur lograra el quiebre decisivo y mantuviera su servicio para llevarse el primer set. Luego no tuvo muchos problemas para ganar el segundo parcial.<\/p>\n\n\n\n<p>&#8220;Creo que lo \u00fanico que tengo mejor que Rafa en tierra batida es el f\u00edsico a estas alturas de su carrera&#8221;, dijo&nbsp;<strong>De Mi\u00f1aur.<\/strong>&nbsp;&#8220;Decid\u00ed intentar que&nbsp;<strong>los peloteos fueran largos y f\u00edsicos,<\/strong>&nbsp;usar mi&nbsp;<br>velocidad a mi favor. Nunca es f\u00e1cil contra \u00e9l&#8221;.<\/p>\n\n\n\n<p><strong>Nadal,<\/strong>&nbsp;22 veces campe\u00f3n de torneos del Grand Slam, s\u00f3lo consigui\u00f3 ganar dos puntos con el saque de De Mi\u00f1aur en el segundo set.&nbsp;<strong>Tras ser derrotado en la pista que lleva su nombre, el&nbsp;<\/strong><br><strong>espa\u00f1ol recibi\u00f3 una gran ovaci\u00f3n al despedirse.<\/strong><\/p>\n\n\n\n<p><strong>Nadal regres\u00f3 tras casi un a\u00f1o de ausencia despu\u00e9s de una operaci\u00f3n de cadera para alcanzar los cuartos de final en Brisbane en enero, pero se vio obligado a un nuevo descanso tras sufrir un desgarro muscular.<\/strong><\/p>\n\n\n\n<p><strong>&#8220;Perdiendo el primer set no pod\u00eda luchar por el partido y se acab\u00f3<\/strong>. Juego con lo que tengo y hay momentos que no tocan. A d\u00eda de hoy,&nbsp;<strong>no me puedo permitir jugar un partido de tres horas&#8221;,<\/strong>&nbsp;<strong>dijo Nadal<\/strong>&nbsp;en rueda de prensa tras la derrota.<\/p>\n\n\n\n<p>El objetivo del espa\u00f1ol es llegar en plena forma a&nbsp;<strong>Roland Garros,<\/strong>&nbsp;donde gan\u00f3 el trofeo 14 veces.<\/p>\n\n\n\n<p><strong>&#8220;No era hoy que ten\u00eda que dejar todo y morir, en Paris que sea lo que Dios quiera. All\u00ed espero ser competitivo y all\u00ed s\u00ed que es el momento&#8221;, destac\u00f3 Nadal.<\/strong><\/p>\n\n\n\n<p>&#8220;He tenido la ocasi\u00f3n de decir adi\u00f3s al God\u00f3 jugando. Hace una semana pensaba que no podr\u00eda volver a jugar aqu\u00ed (&#8230;) Lo importante era poder jugar y he jugado. Estar en la pista es una gran&nbsp;<br>noticia&#8221;, agreg\u00f3.<\/p>\n\n\n\n<p><strong>De Mi\u00f1aur, de 25 a\u00f1os, se meti\u00f3 por primera vez entre los diez primeros de la clasificaci\u00f3n<\/strong>&nbsp;<strong>mundial&nbsp;<\/strong>en febrero, tras llegar a la final del Abierto de Rotterdam, y luego defendi\u00f3 con \u00e9xito su&nbsp;<br>t\u00edtulo del Abierto de M\u00e9xico.<\/p>\n\n\n\n<p>&#8220;Probablemente puedo decir que soy muy, muy afortunado de no haber jugado contra Rafa un par de a\u00f1os antes en tierra batida. Habr\u00eda sido un resultado muy, muy diferente. Una experiencia&nbsp;<br>incre\u00edble y seguimos adelante. Ha sido un gran a\u00f1o&#8221;, dijo De Mi\u00f1aur.<\/p>\n","protected":false},"excerpt":{"rendered":"<p>El legendario tenista espa\u00f1ol volvi\u00f3 a jugar el Conde de God\u00f3 tras una lesi\u00f3n. Las esperanzas de\u00a0Rafael Nadal\u00a0de ganar el\u00a0Abierto de Barcelona\u00a0por decimotercera vez se\u00a0desvanecieron el mi\u00e9rcoles, con su derrota&hellip; <\/p>\n","protected":false},"author":4,"featured_media":141049,"comment_status":"closed","ping_status":"open","sticky":false,"template":"","format":"standard","meta":{"footnotes":""},"categories":[4],"tags":[],"class_list":["post-141048","post","type-post","status-publish","format-standard","has-post-thumbnail","hentry","category-deportes"],"_links":{"self":[{"href":"https:\/\/corrientesdetarde.com\/index.php\/wp-json\/wp\/v2\/posts\/141048","targetHints":{"allow":["GET"]}}],"collection":[{"href":"https:\/\/corrientesdetarde.com\/index.php\/wp-json\/wp\/v2\/posts"}],"about":[{"href":"https:\/\/corrientesdetarde.com\/index.php\/wp-json\/wp\/v2\/types\/post"}],"author":[{"embeddable":true,"href":"https:\/\/corrientesdetarde.com\/index.php\/wp-json\/wp\/v2\/users\/4"}],"replies":[{"embeddable":true,"href":"https:\/\/corrientesdetarde.com\/index.php\/wp-json\/wp\/v2\/comments?post=141048"}],"version-history":[{"count":1,"href":"https:\/\/corrientesdetarde.com\/index.php\/wp-json\/wp\/v2\/posts\/141048\/revisions"}],"predecessor-version":[{"id":141050,"href":"https:\/\/corrientesdetarde.com\/index.php\/wp-json\/wp\/v2\/posts\/141048\/revisions\/141050"}],"wp:featuredmedia":[{"embeddable":true,"href":"https:\/\/corrientesdetarde.com\/index.php\/wp-json\/wp\/v2\/media\/141049"}],"wp:attachment":[{"href":"https:\/\/corrientesdetarde.com\/index.php\/wp-json\/wp\/v2\/media?parent=141048"}],"wp:term":[{"taxonomy":"category","embeddable":true,"href":"https:\/\/corrientesdetarde.com\/index.php\/wp-json\/wp\/v2\/categories?post=141048"},{"taxonomy":"post_tag","embeddable":true,"href":"https:\/\/corrientesdetarde.com\/index.php\/wp-json\/wp\/v2\/tags?post=141048"}],"curies":[{"name":"wp","href":"https:\/\/api.w.org\/{rel}","templated":true}]}}