{"id":141068,"date":"2024-04-18T08:36:33","date_gmt":"2024-04-18T11:36:33","guid":{"rendered":"https:\/\/corrientesdetarde.com\/?p=141068"},"modified":"2024-04-18T08:36:44","modified_gmt":"2024-04-18T11:36:44","slug":"busqueda-de-asaltantes-condujo-a-encontrar-kiosco-de-drogas","status":"publish","type":"post","link":"https:\/\/corrientesdetarde.com\/index.php\/politica\/busqueda-de-asaltantes-condujo-a-encontrar-kiosco-de-drogas\/","title":{"rendered":"B\u00fasqueda de asaltantes condujo a encontrar &#8220;kiosco&#8221; de drogas"},"content":{"rendered":"\n<p>El robo con violencia cometido en contra de un anciano en la zona rural de Monte Caseros llev\u00f3 a la Polic\u00eda a realizar una investigaci\u00f3n y posterior b\u00fasqueda de tres sospechosos. En allanamientos tratando de localizar a estas personas encontraron un &#8220;kiosco&#8221; de drogas que funcionaba en el centro de la localidad de Mocoret\u00e1.<\/p>\n\n\n\n<p>Uno de los presuntos involucrados en el atraco y propietario de la vivienda donde estaba la sustancia estupefaciente result\u00f3 detenido. Se trata de un hombre con prontuario delictivo, ahora vinculado al delito de narcomenudeo.<\/p>\n\n\n\n<figure class=\"wp-block-image\"><img decoding=\"async\" src=\"https:\/\/www.diarioepoca.com\/content\/bucket\/0\/1358110w380h279c.jpg.webp\" alt=\"\"\/><figcaption class=\"wp-element-caption\">LOS PAQUETES CARGADOS DE CANNABIS SATIVA Y CLORHIDRATO DE COCA\u00cdNA.<\/figcaption><\/figure>\n\n\n\n<p>En el domicilio de este sujeto identificado como Javier P., de 32 a\u00f1os, hab\u00eda cuatro paquetes tipo &#8220;ladrillos&#8221; con picadura de marihuana, tres &#8220;tizas o piedras&#8221; de clorhidrato de coca\u00edna, dos balanzas de precisi\u00f3n, un contador de billetes y la suma de 630 mil pesos. Adem\u00e1s, en una habitaci\u00f3n dieron con una pistola calibre .22<\/p>\n\n\n\n<p>Durante el registro de la propiedad, los efectivos de la Divisi\u00f3n de Investigaci\u00f3n Criminal (DIC) &#8220;San Francisco&#8221; y de la Comisar\u00eda Segunda, ambos con asiento en Monte Caseros, descubrieron una mochila flotando en el interior de un tanque de agua.<\/p>\n\n\n\n<p>El contenido del bolso llam\u00f3 poderosamente la atenci\u00f3n de los detectives: hab\u00eda una pistola de aire comprimido, similar a un arma de fuego calibre 9 mil\u00edmetros; algunos precintos, guantes, un par de alpargatas, un barbijo y hasta una capucha de tela.<\/p>\n\n\n\n<p>La marihuana alcanz\u00f3 un peso de 3 kilos con 800 gramos. La coca\u00edna, en tanto, sum\u00f3 283 gramos, indicaron fuentes cercanas a la pesquisa.<\/p>\n\n\n\n<p>De esta forma, la Polic\u00eda desbarat\u00f3 un il\u00edcito mientras intentaba esclarecer el robo millonario al anciano, hecho ocurrido durante la madrugada del s\u00e1bado 13 de abril.<\/p>\n\n\n\n<p>El martes se produjeron los primeros procedimientos concretos respecto al delito que damnific\u00f3 al octogenario.<\/p>\n\n\n\n<figure class=\"wp-block-image\"><img decoding=\"async\" src=\"https:\/\/www.diarioepoca.com\/content\/bucket\/3\/1358133w380h339c.jpg.webp\" alt=\"\"\/><\/figure>\n\n\n\n<p>Con intervenci\u00f3n de la Unidad Fiscal de Investigaciones allanaron dos domicilios del barrio Villa Fedulo en la ciudad de Caseros.<\/p>\n\n\n\n<p>En ninguna de las viviendas estaban las personas buscadas como presuntas part\u00edcipes o autoras del asalto. Sin embargo, secuestraron algunos elementos importantes, entre ellos un tel\u00e9fono celular.<\/p>\n\n\n\n<p>El mi\u00e9rcoles, la DIC &#8220;San Francisco&#8221;, acompa\u00f1ada de personal del Grupo T\u00e1ctico Operacional con asiento en Juan Pujol, Comisar\u00eda Segunda de Caseros y apoyo de las comisar\u00edas Primera y Segunda de Mocoret\u00e1, allanaron dos viviendas en esta \u00faltima localidad.<\/p>\n\n\n\n<figure class=\"wp-block-image\"><img decoding=\"async\" src=\"https:\/\/www.diarioepoca.com\/content\/bucket\/4\/1358134w380h339c.jpg.webp\" alt=\"\"\/><\/figure>\n\n\n\n<p>Una de las residencias est\u00e1 ubicada en calle San Andr\u00e9s y ruta nacional 14 del barrio Industrial, donde secuestraron un tel\u00e9fono.<\/p>\n\n\n\n<p>La persona que trataban de encontrar no estaba en el domicilio.<\/p>\n\n\n\n<p>El restante inmueble situado en Belgrano y San Mart\u00edn es donde descubrieron el &#8220;kiosco&#8221; de drogas y fue detenido Javier P.<\/p>\n\n\n\n<h2 class=\"wp-block-heading\">Maniatado<\/h2>\n\n\n\n<p>El anciano de 80 a\u00f1os asaltado en su propiedad de la Segunda Secci\u00f3n Chacras, Monte Caseros, fue sorprendido de noche por al menos dos malhechores a quienes no logr\u00f3 ver sus rostros.<\/p>\n\n\n\n<p>Aprovechando que el octogenario estaba solo ingresaron a trav\u00e9s de un ventiluz, lo ataron de las manos y los pies con cintos. No fue golpeado.<\/p>\n\n\n\n<p>En total estado de indefensi\u00f3n fue obligado a decir d\u00f3nde ten\u00eda las llaves de una caja en la que guardaba la importante suma de dinero en efectivo.<\/p>\n\n\n\n<p>Despu\u00e9s de cometer el robo escaparon sin dejar rastros. Al parecer, utilizaron un veh\u00edculo estacionado en las inmediaciones.<\/p>\n\n\n\n<p>Para los detectives no cabr\u00eda duda de que el robo fue a partir de datos concretos que obtuvieron los asaltantes.<\/p>\n\n\n\n<p>La v\u00edctima recibi\u00f3 asistencia m\u00e9dica en forma preventiva.<\/p>\n","protected":false},"excerpt":{"rendered":"<p>El robo con violencia cometido en contra de un anciano en la zona rural de Monte Caseros llev\u00f3 a la Polic\u00eda a realizar una investigaci\u00f3n y posterior b\u00fasqueda de tres&hellip; <\/p>\n","protected":false},"author":12,"featured_media":141086,"comment_status":"closed","ping_status":"open","sticky":false,"template":"","format":"standard","meta":{"footnotes":""},"categories":[3],"tags":[],"class_list":["post-141068","post","type-post","status-publish","format-standard","has-post-thumbnail","hentry","category-politica"],"_links":{"self":[{"href":"https:\/\/corrientesdetarde.com\/index.php\/wp-json\/wp\/v2\/posts\/141068","targetHints":{"allow":["GET"]}}],"collection":[{"href":"https:\/\/corrientesdetarde.com\/index.php\/wp-json\/wp\/v2\/posts"}],"about":[{"href":"https:\/\/corrientesdetarde.com\/index.php\/wp-json\/wp\/v2\/types\/post"}],"author":[{"embeddable":true,"href":"https:\/\/corrientesdetarde.com\/index.php\/wp-json\/wp\/v2\/users\/12"}],"replies":[{"embeddable":true,"href":"https:\/\/corrientesdetarde.com\/index.php\/wp-json\/wp\/v2\/comments?post=141068"}],"version-history":[{"count":1,"href":"https:\/\/corrientesdetarde.com\/index.php\/wp-json\/wp\/v2\/posts\/141068\/revisions"}],"predecessor-version":[{"id":141087,"href":"https:\/\/corrientesdetarde.com\/index.php\/wp-json\/wp\/v2\/posts\/141068\/revisions\/141087"}],"wp:featuredmedia":[{"embeddable":true,"href":"https:\/\/corrientesdetarde.com\/index.php\/wp-json\/wp\/v2\/media\/141086"}],"wp:attachment":[{"href":"https:\/\/corrientesdetarde.com\/index.php\/wp-json\/wp\/v2\/media?parent=141068"}],"wp:term":[{"taxonomy":"category","embeddable":true,"href":"https:\/\/corrientesdetarde.com\/index.php\/wp-json\/wp\/v2\/categories?post=141068"},{"taxonomy":"post_tag","embeddable":true,"href":"https:\/\/corrientesdetarde.com\/index.php\/wp-json\/wp\/v2\/tags?post=141068"}],"curies":[{"name":"wp","href":"https:\/\/api.w.org\/{rel}","templated":true}]}}