{"id":141108,"date":"2024-04-18T09:44:21","date_gmt":"2024-04-18T12:44:21","guid":{"rendered":"https:\/\/corrientesdetarde.com\/?p=141108"},"modified":"2024-04-18T09:44:22","modified_gmt":"2024-04-18T12:44:22","slug":"desfinanciamiento-y-crisis-hacia-la-marcha-federal-universitaria","status":"publish","type":"post","link":"https:\/\/corrientesdetarde.com\/index.php\/politica\/desfinanciamiento-y-crisis-hacia-la-marcha-federal-universitaria\/","title":{"rendered":"DESFINANCIAMIENTO Y CRISIS: HACIA LA MARCHA FEDERAL UNIVERSITARIA"},"content":{"rendered":"\n<p>(Pablo Roma, Gremiales) &#8211; Tras la Asamblea Interclaustros que se realiz\u00f3 el pasado mi\u00e9rcoles en la sede Pi\u00f1eyro de la UNDAV, las y los Docentes, No Docentes, graduados y estudiantes resolvieron profundizar el plan de lucha en defensa de la Educaci\u00f3n y de las Universidades P\u00fablicas Nacionales.<br>En ese marco, las y los presentes expresaron su preocupaci\u00f3n ante la emergencia presupuestaria que atraviesa, en su conjunto, el Sistema Educativo P\u00fablico y en particular el Universitario, a riesgo de suspender la continuidad de las clases; como as\u00ed, tambi\u00e9n, la p\u00e9rdida del poder adquisitivo del salario de las y los trabajadores del sector con aumentos unilaterales, que no logran superar los niveles inflacionarios (seg\u00fan el INDEC la inflaci\u00f3n acumulada del primer trimestre 2024 fue del 51.6 por ciento y la interanual de casi 288).<br>\u201cLejos de ver una recomposici\u00f3n, las y los trabajadores vemos c\u00f3mo d\u00eda a d\u00eda nuestro salario se lic\u00faa frente a la inflaci\u00f3n incontrolable y la nula intervenci\u00f3n del Estado para controlarla\u201d, apunt\u00f3 la secretaria General de ANDUNA y subsecretaria de G\u00e9nero de FATUN, Ana Laura Ruggiero, tras el encuentro, que aglutin\u00f3 a casi 300 personas para debatir y definir acciones en defensa de la Educaci\u00f3n P\u00fablica.<br>&#8220;La situaci\u00f3n que atraviesa el Sistema Universitario es grave y necesita una respuesta urgente del Gobierno Nacional&#8221;, agreg\u00f3 la dirigenta, que ratific\u00f3 la participaci\u00f3n de ANDUNA en la Marcha Federal Universitaria, prevista para el 23 de abril -desde la Plaza de los Dos Congresos a Plaza de Mayo-, convocada por el Frente Sindical Universitario y la Federaci\u00f3n Universitaria Argentina (FUA).<br>Adem\u00e1s, confirm\u00f3 que dentro del plan de lucha votado en la Asamblea Interclaustro, se resolvi\u00f3, entre otras acciones, realizar un abrazo a la Sede Espa\u00f1a de la UNDAV -el mismo 23 de abril al mediod\u00eda- para visibilizar la complejidad de la situaci\u00f3n rumbo a la jornada federal, que tendr\u00e1 diversas concentraciones en todo el pa\u00eds.<br>\u201cDesde ANDUNA vamos a estar en todos los \u00e1mbitos de debate y lucha para defender la Educaci\u00f3n p\u00fablica en todos sus niveles, Programas y Becas, como as\u00ed, tambi\u00e9n, para visibilizar la situaci\u00f3n que atraviesa el Sistema cient\u00edfico, tecnol\u00f3gico y de innovaci\u00f3n, tan imprescindibles para el desarrollo de un pa\u00eds con inclusi\u00f3n y Justicia Social\u201d, destac\u00f3 la dirigenta.<br>Al cierre de esta edici\u00f3n, el Consejo Directivo de la CGT expres\u00f3 su apoyo y participaci\u00f3n en la Marcha Federal, adem\u00e1s de anunciar un paro general para el 9 de mayo y una Movilizaci\u00f3n al Monumento al Trabajo para el 1 de mayo.<\/p>\n","protected":false},"excerpt":{"rendered":"<p>(Pablo Roma, Gremiales) &#8211; Tras la Asamblea Interclaustros que se realiz\u00f3 el pasado mi\u00e9rcoles en la sede Pi\u00f1eyro de la UNDAV, las y los Docentes, No Docentes, graduados y estudiantes&hellip; <\/p>\n","protected":false},"author":11,"featured_media":141111,"comment_status":"closed","ping_status":"open","sticky":false,"template":"","format":"standard","meta":{"footnotes":""},"categories":[32,3],"tags":[1911,1912,1910],"class_list":["post-141108","post","type-post","status-publish","format-standard","has-post-thumbnail","hentry","category-educacion","category-politica","tag-anduna","tag-fatun","tag-fua"],"_links":{"self":[{"href":"https:\/\/corrientesdetarde.com\/index.php\/wp-json\/wp\/v2\/posts\/141108","targetHints":{"allow":["GET"]}}],"collection":[{"href":"https:\/\/corrientesdetarde.com\/index.php\/wp-json\/wp\/v2\/posts"}],"about":[{"href":"https:\/\/corrientesdetarde.com\/index.php\/wp-json\/wp\/v2\/types\/post"}],"author":[{"embeddable":true,"href":"https:\/\/corrientesdetarde.com\/index.php\/wp-json\/wp\/v2\/users\/11"}],"replies":[{"embeddable":true,"href":"https:\/\/corrientesdetarde.com\/index.php\/wp-json\/wp\/v2\/comments?post=141108"}],"version-history":[{"count":2,"href":"https:\/\/corrientesdetarde.com\/index.php\/wp-json\/wp\/v2\/posts\/141108\/revisions"}],"predecessor-version":[{"id":141113,"href":"https:\/\/corrientesdetarde.com\/index.php\/wp-json\/wp\/v2\/posts\/141108\/revisions\/141113"}],"wp:featuredmedia":[{"embeddable":true,"href":"https:\/\/corrientesdetarde.com\/index.php\/wp-json\/wp\/v2\/media\/141111"}],"wp:attachment":[{"href":"https:\/\/corrientesdetarde.com\/index.php\/wp-json\/wp\/v2\/media?parent=141108"}],"wp:term":[{"taxonomy":"category","embeddable":true,"href":"https:\/\/corrientesdetarde.com\/index.php\/wp-json\/wp\/v2\/categories?post=141108"},{"taxonomy":"post_tag","embeddable":true,"href":"https:\/\/corrientesdetarde.com\/index.php\/wp-json\/wp\/v2\/tags?post=141108"}],"curies":[{"name":"wp","href":"https:\/\/api.w.org\/{rel}","templated":true}]}}