{"id":141172,"date":"2024-04-18T12:26:10","date_gmt":"2024-04-18T15:26:10","guid":{"rendered":"https:\/\/corrientesdetarde.com\/?p=141172"},"modified":"2024-04-18T12:26:21","modified_gmt":"2024-04-18T15:26:21","slug":"senadores-correntinos-asisten-a-la-50-sesion-plenaria-del-parlamento-del-norte-grande-argentino","status":"publish","type":"post","link":"https:\/\/corrientesdetarde.com\/index.php\/politica\/senadores-correntinos-asisten-a-la-50-sesion-plenaria-del-parlamento-del-norte-grande-argentino\/","title":{"rendered":"Senadores correntinos asisten a la 50\u00b0 Sesi\u00f3n Plenaria del Parlamento del Norte Grande Argentino"},"content":{"rendered":"\n<p>La Rioja<br><br>Hoy comenzaron las actividades previstas en la 50\u00b0 Sesi\u00f3n Plenaria del Parlamento del Norte Grande Argentino, con la consigna &#8220;Federalismo en acci\u00f3n por una Argentina unida&#8221;, que se est\u00e1 realizando en la provincia de La Rioja, presidida por el gobernador Ricardo Quintela, acompa\u00f1ado por la vicegobernadora anfitriona, Lic. Teresita Madera. En representaci\u00f3n del Senado de Corrientes, viaj\u00f3 Henry Fick, Vicepresidente 1\u00b0 de la C\u00e1mara, los senadores Noel Breard y Di\u00f3genes Gonz\u00e1lez. En representaci\u00f3n de la C\u00e1mara de Diputados, se encuentra el Presidente de la misma, Gerardo Cassani y los diputados Hugo Vallejos y Norberto Ast.<\/p>\n\n\n\n<p><br>El senador Breard expres\u00f3, con relaci\u00f3n a la realizaci\u00f3n de la primera reuni\u00f3n plenaria del a\u00f1o: \u201cEstamos participando de un \u00e1mbito colectivo de origen diverso, con objetivos claros y compartidos, construyendo futuro sin sectarismo y exclusiones. Tenemos como prioridad que la Argentina debe ser una construcci\u00f3n \u201carm\u00f3nica \u201c, se deben tomar medidas para tener un factor de convergencia y achicar la din\u00e1mica de un desarrollo desigual, como manda la Constitucional Nacional en su art\u00edculo 75 inc. 19\u201d.<br>Como ejemplo afirm\u00f3: \u201cHoy el producto bruto geogr\u00e1fico del \u201c Norte Grande \u201c ( Nea y Noa ) es cuatro veces m\u00e1s chico que la Provincia de Buenos Aires o del mismo tama\u00f1o de C\u00f3rdoba o Santa Fe , esto de por s\u00ed es un desaf\u00edo y despu\u00e9s de 200 a\u00f1os seguimos discutiendo la misma agenda que el Brigadier Pedro Ferr\u00e9 y el Brigadier Juan Manuel de Rozas: Aduana, Puerto, Navegaci\u00f3n , Proteccionismo , Librecambismo , inserci\u00f3n ciega al mundo, integraci\u00f3n adentro para integramos afuera. Esto demuestra los grandes desaf\u00edos pendientes y la gran ausencia de federalismo, la Argentina hoy es una Cabeza de Goliat y un cuerpo raqu\u00edtico.\u201d<br>Programa de actividades<br>Por la tarde desde las 18.30 en la Legislatura riojana, los vicegobernadores participar\u00e1n de la reuni\u00f3n de la Junta Ejecutiva, donde analizar\u00e1n el contexto regional y nacional que atraviesa la Rep\u00fablica Argentina, siempre priorizando el di\u00e1logo, los acuerdos y la erradicaci\u00f3n de asimetr\u00edas con respecto al centro del pa\u00eds.<br>Sesi\u00f3n Plenaria<br>Las actividades del Parlamento del Norte Grande Argentino continuar\u00e1n el viernes desde las 8.30, en el Paseo Cultural &#8220;Pedro Ignacio de Castro Barros&#8221;, con la acreditaci\u00f3n de los legisladores, la recepci\u00f3n de los vicegobernadores y autoridades, y la posterior conferencia de prensa de la que tambi\u00e9n participar\u00e1 el gobernador de La Rioja, Ricardo Quintela.<br>A las 9.30 el presidente del Parlamento del Norte Grande, Carlos Silva Neder, iniciar\u00e1 la 50\u00b0 Sesi\u00f3n Plenaria del mencionado parlamento regional, donde la bienvenida estar\u00e1 a cargo de la vicegobernadora de La Rioja, Teresita Madera, y se har\u00e1n entrega de los decretos de Visitantes Ilustres a los vicegobernadores y presidentes de C\u00e1mara.<br>En la oportunidad, luego del discurso de apertura a cargo del presidente del Parlamento del Norte Grande, est\u00e1 previsto que brinde su mensaje el gobernador de La Rioja, Ricardo Quintela.<br>Inmediatamente se pasar\u00e1 a un cuarto intermedio, posteriormente se reanudar\u00e1 la Sesi\u00f3n Plenaria donde se proseguir\u00e1 el debate, luego se realizar\u00e1 el cierre con las conclusiones y lectura de los proyectos aprobados.<\/p>\n","protected":false},"excerpt":{"rendered":"<p>La Rioja Hoy comenzaron las actividades previstas en la 50\u00b0 Sesi\u00f3n Plenaria del Parlamento del Norte Grande Argentino, con la consigna &#8220;Federalismo en acci\u00f3n por una Argentina unida&#8221;, que se&hellip; <\/p>\n","protected":false},"author":1,"featured_media":141173,"comment_status":"closed","ping_status":"open","sticky":false,"template":"","format":"standard","meta":{"footnotes":""},"categories":[3,17],"tags":[],"class_list":["post-141172","post","type-post","status-publish","format-standard","has-post-thumbnail","hentry","category-politica","category-sociales"],"_links":{"self":[{"href":"https:\/\/corrientesdetarde.com\/index.php\/wp-json\/wp\/v2\/posts\/141172","targetHints":{"allow":["GET"]}}],"collection":[{"href":"https:\/\/corrientesdetarde.com\/index.php\/wp-json\/wp\/v2\/posts"}],"about":[{"href":"https:\/\/corrientesdetarde.com\/index.php\/wp-json\/wp\/v2\/types\/post"}],"author":[{"embeddable":true,"href":"https:\/\/corrientesdetarde.com\/index.php\/wp-json\/wp\/v2\/users\/1"}],"replies":[{"embeddable":true,"href":"https:\/\/corrientesdetarde.com\/index.php\/wp-json\/wp\/v2\/comments?post=141172"}],"version-history":[{"count":1,"href":"https:\/\/corrientesdetarde.com\/index.php\/wp-json\/wp\/v2\/posts\/141172\/revisions"}],"predecessor-version":[{"id":141174,"href":"https:\/\/corrientesdetarde.com\/index.php\/wp-json\/wp\/v2\/posts\/141172\/revisions\/141174"}],"wp:featuredmedia":[{"embeddable":true,"href":"https:\/\/corrientesdetarde.com\/index.php\/wp-json\/wp\/v2\/media\/141173"}],"wp:attachment":[{"href":"https:\/\/corrientesdetarde.com\/index.php\/wp-json\/wp\/v2\/media?parent=141172"}],"wp:term":[{"taxonomy":"category","embeddable":true,"href":"https:\/\/corrientesdetarde.com\/index.php\/wp-json\/wp\/v2\/categories?post=141172"},{"taxonomy":"post_tag","embeddable":true,"href":"https:\/\/corrientesdetarde.com\/index.php\/wp-json\/wp\/v2\/tags?post=141172"}],"curies":[{"name":"wp","href":"https:\/\/api.w.org\/{rel}","templated":true}]}}