{"id":141175,"date":"2024-04-18T13:22:14","date_gmt":"2024-04-18T16:22:14","guid":{"rendered":"https:\/\/corrientesdetarde.com\/?p=141175"},"modified":"2024-04-18T13:22:25","modified_gmt":"2024-04-18T16:22:25","slug":"salud-estuvo-presente-en-el-ii-congreso-provincial-de-la-mujer","status":"publish","type":"post","link":"https:\/\/corrientesdetarde.com\/index.php\/bienestar-y-salud\/salud-estuvo-presente-en-el-ii-congreso-provincial-de-la-mujer\/","title":{"rendered":"Salud estuvo presente en el II Congreso Provincial de la Mujer"},"content":{"rendered":"\n<p><em>En representaci\u00f3n de la cartera sanitaria, disert\u00f3 la subsecretaria de Gesti\u00f3n Sanitaria, Silvina Vega. Habl\u00f3 del valor de las mujeres, el rol fundamental en la sociedad y en particular del Programa Salud y Ambiente.<\/em><\/p>\n\n\n\n<p>En Curuz\u00fa Cuati\u00e1, se realiz\u00f3 el II Congreso Provincial de la Mujer del cual particip\u00f3 la subsecretaria de Gesti\u00f3n Sanitaria, Silvina Vega, en el panel de la Mujer y la Salud. En representaci\u00f3n de la cartera sanitaria local, hizo referencia a diferentes programas que se llevan adelante. El encuentro fue en el Club Social de la ciudad.<\/p>\n\n\n\n<p>\u201cDesde Salud P\u00fablica, con el apoyo del Ministro Ricardo Cardozo, estamos trabajando incansablemente para promover la salud y el bienestar de nuestra comunidad. Uno de los proyectos que m\u00e1s orgullo nos brinda es nuestro Programa de Salud y Ambiente, donde tenemos un equipo interdisciplinario de profesionales comprometidos con la salud de nuestro entorno. Es un trabajo que nos llena de satisfacci\u00f3n y nos impulsa a seguir adelante\u201d, dijo Vega en el encuentro.<\/p>\n\n\n\n<p>Al mismo tiempo, motiv\u00f3 a \u201ctodas las mujeres presentes a cuidarse, a ser protagonistas de su propia salud y bienestar. A veces, nos olvidamos de priorizarnos a nosotras mismas, pero es fundamental recordar que solo estando bien primero nosotras, podemos cuidar y ayudar a los dem\u00e1s\u201d.<\/p>\n\n\n\n<p>\u201cTodas somos mujeres de alto valor, siempre vemos en los inconvenientes un aprendizaje y salimos adelante. Entre todas podemos construir una sociedad m\u00e1s equitativa donde lo m\u00e1s importante es que podemos ser totalmente libres\u201d, expres\u00f3.<\/p>\n\n\n\n<figure class=\"wp-block-image size-large\"><img loading=\"lazy\" decoding=\"async\" width=\"1024\" height=\"682\" src=\"https:\/\/corrientesdetarde.com\/wp-content\/uploads\/2024\/04\/image-439-1024x682.png\" alt=\"\" class=\"wp-image-141176\" srcset=\"https:\/\/corrientesdetarde.com\/wp-content\/uploads\/2024\/04\/image-439-1024x682.png 1024w, https:\/\/corrientesdetarde.com\/wp-content\/uploads\/2024\/04\/image-439-300x200.png 300w, https:\/\/corrientesdetarde.com\/wp-content\/uploads\/2024\/04\/image-439-768x512.png 768w, https:\/\/corrientesdetarde.com\/wp-content\/uploads\/2024\/04\/image-439.png 1280w\" sizes=\"auto, (max-width: 1024px) 100vw, 1024px\" \/><\/figure>\n","protected":false},"excerpt":{"rendered":"<p>En representaci\u00f3n de la cartera sanitaria, disert\u00f3 la subsecretaria de Gesti\u00f3n Sanitaria, Silvina Vega. Habl\u00f3 del valor de las mujeres, el rol fundamental en la sociedad y en particular del&hellip; <\/p>\n","protected":false},"author":8,"featured_media":141177,"comment_status":"closed","ping_status":"open","sticky":false,"template":"","format":"standard","meta":{"footnotes":""},"categories":[16],"tags":[],"class_list":["post-141175","post","type-post","status-publish","format-standard","has-post-thumbnail","hentry","category-bienestar-y-salud"],"_links":{"self":[{"href":"https:\/\/corrientesdetarde.com\/index.php\/wp-json\/wp\/v2\/posts\/141175","targetHints":{"allow":["GET"]}}],"collection":[{"href":"https:\/\/corrientesdetarde.com\/index.php\/wp-json\/wp\/v2\/posts"}],"about":[{"href":"https:\/\/corrientesdetarde.com\/index.php\/wp-json\/wp\/v2\/types\/post"}],"author":[{"embeddable":true,"href":"https:\/\/corrientesdetarde.com\/index.php\/wp-json\/wp\/v2\/users\/8"}],"replies":[{"embeddable":true,"href":"https:\/\/corrientesdetarde.com\/index.php\/wp-json\/wp\/v2\/comments?post=141175"}],"version-history":[{"count":1,"href":"https:\/\/corrientesdetarde.com\/index.php\/wp-json\/wp\/v2\/posts\/141175\/revisions"}],"predecessor-version":[{"id":141178,"href":"https:\/\/corrientesdetarde.com\/index.php\/wp-json\/wp\/v2\/posts\/141175\/revisions\/141178"}],"wp:featuredmedia":[{"embeddable":true,"href":"https:\/\/corrientesdetarde.com\/index.php\/wp-json\/wp\/v2\/media\/141177"}],"wp:attachment":[{"href":"https:\/\/corrientesdetarde.com\/index.php\/wp-json\/wp\/v2\/media?parent=141175"}],"wp:term":[{"taxonomy":"category","embeddable":true,"href":"https:\/\/corrientesdetarde.com\/index.php\/wp-json\/wp\/v2\/categories?post=141175"},{"taxonomy":"post_tag","embeddable":true,"href":"https:\/\/corrientesdetarde.com\/index.php\/wp-json\/wp\/v2\/tags?post=141175"}],"curies":[{"name":"wp","href":"https:\/\/api.w.org\/{rel}","templated":true}]}}