{"id":141179,"date":"2024-04-18T13:31:03","date_gmt":"2024-04-18T16:31:03","guid":{"rendered":"https:\/\/corrientesdetarde.com\/?p=141179"},"modified":"2024-04-18T13:31:08","modified_gmt":"2024-04-18T16:31:08","slug":"desarrollo-social-realizara-la-feria-de-emprendedores-este-domingo","status":"publish","type":"post","link":"https:\/\/corrientesdetarde.com\/index.php\/sociales\/desarrollo-social-realizara-la-feria-de-emprendedores-este-domingo\/","title":{"rendered":"Desarrollo Social realizar\u00e1 la Feria de Emprendedores este domingo"},"content":{"rendered":"\n<p>Este domingo 21, las Ferias del Ministerio de Desarrollo Social&nbsp;se realizar\u00e1n en el Paseo Iber\u00e1,&nbsp;en el Parque El Eucaliptal del barrio&nbsp;San Ger\u00f3nimo, y en el Paseo San Luis. Las mismas est\u00e1n bajo la coordinaci\u00f3n de la Direcci\u00f3n de Comercializaci\u00f3n.<\/p>\n\n\n\n<p>En el Paseo Iber\u00e1 tendr\u00e1 lugar la Feria Expo-emprendedora desde las 16,&nbsp;en la Bajada del Puente General Belgrano con la participaci\u00f3n de emprendedores artesanales, gastron\u00f3micos y de reventa.<\/p>\n\n\n\n<p>Habr\u00e1&nbsp;exposici\u00f3n de autos antiguos por la Asociaci\u00f3n Team Baranda, tambi\u00e9n estar\u00e1 el&nbsp;Flow de mi provincia, exhibici\u00f3n de hip hop con&nbsp;la Direcci\u00f3n de Juventud y Zumba con Zin Hern\u00e1n Sosa.<\/p>\n\n\n\n<p>Con la exposici\u00f3n y venta de artesanos y emprendedores en diversos rubros: textil, tejido, talabarter\u00eda, cuero, bijouterie, viveristas, adornos para el hogar, juegos did\u00e1cticos y el sector gastron\u00f3mico con patio de comidas y actuaci\u00f3n de bandas en vivo.<\/p>\n\n\n\n<p>Por otra parte, artesanos y emprendedores estar\u00e1n el domingo en el Parque Eucaliptal del barrio&nbsp;San Ger\u00f3nimo exponiendo y comercializando sus productos como cada semana desde las 16.<\/p>\n\n\n\n<p>Mientras que este viernes 19 de abril el DJ Carlos Saglio estar\u00e1 musicalizando temas latinos en Paseo San Luis, un lugar especial para disfrutarlo en familia o con amigos. Con patio de comidas, emprendedores gastron\u00f3micos con una variedad de comidas r\u00e1pidas y tambi\u00e9n artesan\u00edas en San Luis 680 en el coraz\u00f3n del barrio&nbsp;Camba Cu\u00e1.<\/p>\n\n\n\n<figure class=\"wp-block-image size-large\"><img loading=\"lazy\" decoding=\"async\" width=\"1024\" height=\"768\" src=\"https:\/\/corrientesdetarde.com\/wp-content\/uploads\/2024\/04\/image-441-1024x768.png\" alt=\"\" class=\"wp-image-141181\" srcset=\"https:\/\/corrientesdetarde.com\/wp-content\/uploads\/2024\/04\/image-441-1024x768.png 1024w, https:\/\/corrientesdetarde.com\/wp-content\/uploads\/2024\/04\/image-441-300x225.png 300w, https:\/\/corrientesdetarde.com\/wp-content\/uploads\/2024\/04\/image-441-768x576.png 768w, https:\/\/corrientesdetarde.com\/wp-content\/uploads\/2024\/04\/image-441-1536x1152.png 1536w, https:\/\/corrientesdetarde.com\/wp-content\/uploads\/2024\/04\/image-441.png 2048w\" sizes=\"auto, (max-width: 1024px) 100vw, 1024px\" \/><\/figure>\n","protected":false},"excerpt":{"rendered":"<p>Este domingo 21, las Ferias del Ministerio de Desarrollo Social&nbsp;se realizar\u00e1n en el Paseo Iber\u00e1,&nbsp;en el Parque El Eucaliptal del barrio&nbsp;San Ger\u00f3nimo, y en el Paseo San Luis. Las mismas&hellip; <\/p>\n","protected":false},"author":8,"featured_media":141180,"comment_status":"closed","ping_status":"open","sticky":false,"template":"","format":"standard","meta":{"footnotes":""},"categories":[17],"tags":[],"class_list":["post-141179","post","type-post","status-publish","format-standard","has-post-thumbnail","hentry","category-sociales"],"_links":{"self":[{"href":"https:\/\/corrientesdetarde.com\/index.php\/wp-json\/wp\/v2\/posts\/141179","targetHints":{"allow":["GET"]}}],"collection":[{"href":"https:\/\/corrientesdetarde.com\/index.php\/wp-json\/wp\/v2\/posts"}],"about":[{"href":"https:\/\/corrientesdetarde.com\/index.php\/wp-json\/wp\/v2\/types\/post"}],"author":[{"embeddable":true,"href":"https:\/\/corrientesdetarde.com\/index.php\/wp-json\/wp\/v2\/users\/8"}],"replies":[{"embeddable":true,"href":"https:\/\/corrientesdetarde.com\/index.php\/wp-json\/wp\/v2\/comments?post=141179"}],"version-history":[{"count":1,"href":"https:\/\/corrientesdetarde.com\/index.php\/wp-json\/wp\/v2\/posts\/141179\/revisions"}],"predecessor-version":[{"id":141182,"href":"https:\/\/corrientesdetarde.com\/index.php\/wp-json\/wp\/v2\/posts\/141179\/revisions\/141182"}],"wp:featuredmedia":[{"embeddable":true,"href":"https:\/\/corrientesdetarde.com\/index.php\/wp-json\/wp\/v2\/media\/141180"}],"wp:attachment":[{"href":"https:\/\/corrientesdetarde.com\/index.php\/wp-json\/wp\/v2\/media?parent=141179"}],"wp:term":[{"taxonomy":"category","embeddable":true,"href":"https:\/\/corrientesdetarde.com\/index.php\/wp-json\/wp\/v2\/categories?post=141179"},{"taxonomy":"post_tag","embeddable":true,"href":"https:\/\/corrientesdetarde.com\/index.php\/wp-json\/wp\/v2\/tags?post=141179"}],"curies":[{"name":"wp","href":"https:\/\/api.w.org\/{rel}","templated":true}]}}