{"id":141183,"date":"2024-04-18T13:36:08","date_gmt":"2024-04-18T16:36:08","guid":{"rendered":"https:\/\/corrientesdetarde.com\/?p=141183"},"modified":"2024-04-18T13:36:20","modified_gmt":"2024-04-18T16:36:20","slug":"en-casa-de-gobierno-presentaron-la-47o-edicion-de-la-fiesta-nacional-del-surubi","status":"publish","type":"post","link":"https:\/\/corrientesdetarde.com\/index.php\/eventos\/en-casa-de-gobierno-presentaron-la-47o-edicion-de-la-fiesta-nacional-del-surubi\/","title":{"rendered":"En Casa de Gobierno presentaron la 47\u00ba edici\u00f3n de la Fiesta Nacional del Surub\u00ed"},"content":{"rendered":"\n<p>Con m\u00e1s de 1.100&nbsp;embarcaciones y m\u00e1s de 150 millones de pesos en premios, la 47\u00ba edici\u00f3n de la Fiesta Nacional del Surub\u00ed ingres\u00f3 en la cuenta regresiva. El evento, que tendr\u00e1 como sede al complejo Costa Surub\u00ed de Goya, se llevar\u00e1 a cabo del 1 al 5 de mayo.<\/p>\n\n\n\n<p>El lanzamiento oficial del esperado Mundial de Pesca se realiz\u00f3 este jueves en el Sal\u00f3n Verde de Casa de Gobierno, con la presencia de la ministra de Turismo, Alejandra Eliciri, el intendente de Goya, Mariano Hormaechea, secretario y subsecretarios del gabinete provincial, legisladores provinciales, el presidente de la Comisi\u00f3n Municipal de Pesca (COMUPE), Pedro S\u00e1, el director de Recursos Naturales de la Provincia, Agust\u00edn Portela el fiscal General de la Fiesta, Jos\u00e9 Lorenz\u00f3n y dem\u00e1s autoridades.<\/p>\n\n\n\n<p>El Concurso de Pesca, bajo la modalidad con devoluci\u00f3n dar\u00e1 inicio el s\u00e1bado 4 de mayo a las 17 horas y se extender\u00e1 hasta las 8 horas del domingo 5 de mayo.<\/p>\n\n\n\n<p><strong>Ministra Eliciri<\/strong><\/p>\n\n\n\n<p>La ministra Alejandra Eliciri destac\u00f3 que el evento promueve la pesca deportiva con devoluci\u00f3n, aspecto fundamental para la preservaci\u00f3n del medio ambiente y la fauna ict\u00edcola.<\/p>\n\n\n\n<p>\u201cEste evento se ve potenciado por la tradicional Expo, que a\u00f1o a a\u00f1o va creciendo\u201d, puntualiz\u00f3 Eliciri, se\u00f1alando que es importante el trabajo articulado y la decisi\u00f3n estrat\u00e9gica de la Provincia, a trav\u00e9s del gobernador Gustavo Vald\u00e9s de \u201cseguir posicionando a Corrientes como destino tur\u00edstico por excelencia\u201d.<\/p>\n\n\n\n<p>Para culminar dese\u00f3 al intendente Hormaechea y a la organizaci\u00f3n el mayor de los \u00e9xitos e hizo una invitaci\u00f3n abierta a ser parte de esta nueva edici\u00f3n de la Fiesta.<\/p>\n\n\n\n<p><strong>Intendente Hormaechea<\/strong><\/p>\n\n\n\n<p>Al tomar la palabra, el jefe comunal goyano, Mariano Hormaechea, consider\u00f3 que \u201cla cantidad de embarcaciones y pescadores que ya tenemos a esta altura, nos da la pauta de lo que va a ser esta nueva edici\u00f3n de la Fiesta Nacional del Surub\u00ed\u201d.<\/p>\n\n\n\n<p>\u201cMirando hacia atr\u00e1s, este evento ha tenido un crecimiento cuantitativo y cualitativo, no solamente de pescadores, sino en la cantidad de p\u00fablico, turistas, familias que vienen a disfrutar de esta fiesta\u201d, a\u00f1adi\u00f3 el mismo.<\/p>\n\n\n\n<p>En este sentido, Hormaechea sostuvo que este acontecimiento \u201cya no es solamente de los goyanos ni de los correntinos, sino que ya nos ha trascendido y es una Fiesta que est\u00e1 en el calendario nacional\u201d.<\/p>\n\n\n\n<p>En otro orden de temas, el Intendente remarc\u00f3 el trabajo conjunto entre la Provincia y el Municipio en pos de \u201cpotenciar nuestra ciudad de Goya como una propuesta, un producto tur\u00edstico para la provincia y el pa\u00eds, para contar con una herramienta tur\u00edstica durante todo el a\u00f1o\u201d.<\/p>\n\n\n\n<p>Cerrando con sus palabras, Hormaechea manifest\u00f3 que este acontecimiento \u201cgenera un movimiento social, cultural, deportivo y econ\u00f3mico muy importante para la zona sur de la provincia y cada a\u00f1o se va superando\u201d.<\/p>\n\n\n\n<p><strong>Presidente de la COMUPE<\/strong><\/p>\n\n\n\n<p>Pedro S\u00e1, presidente de la Comisi\u00f3n Municipal de Pesca (COMUPE) inform\u00f3 que la Direcci\u00f3n de Recursos Naturales de la provincia \u201cemitir\u00e1 miles de licencias de pesca extraordinarias\u201d para turistas con una vigencia de 12 meses, cuando normalmente \u00e9stas rigen durante 1 a 6 d\u00edas. \u201cEs un gesto que posibilita que los visitantes vuelvan todo el a\u00f1o a pescar\u201d, expres\u00f3 S\u00e1.<\/p>\n\n\n\n<p><strong>Fiscal General<\/strong><\/p>\n\n\n\n<p>Al expresarse, el fiscal General de la Fiesta Nacional, Jos\u00e9 Lorenz\u00f3n, resalt\u00f3 que \u201ceste a\u00f1o tenemos preparados para esta edici\u00f3n 10 y 12 zonas, una especial para los motores de menor porte, durante los casi 82 kil\u00f3metros de cancha de pesca hay cuatro puestos de radios operadores con sus correspondientes param\u00e9dicos\u201d, y agreg\u00f3 que \u201ceste a\u00f1o la novedad es que vamos a tener un m\u00e9dico en un puesto medio, lo que nosotros denominamos el chapul\u00edn\u201d.<\/p>\n\n\n\n<p>\u201cTenemos aproximadamente 42 fiscales, los cuatro supervisores, uno general, y yo, que estaremos en el agua, y en total seremos 160 personas avocadas a la tarea de fiscalizaci\u00f3n en la noche de la pesca\u201d, finaliz\u00f3 el fiscal General.<\/p>\n\n\n\n<p><strong>Premios<\/strong><\/p>\n\n\n\n<p>La edici\u00f3n 2024 del Mundial de Pesca se encamina a conformar una de las m\u00e1s importantes grillas de premiaci\u00f3n en toda la historia.<\/p>\n\n\n\n<p>Contar\u00e1 con 300 pescadores premiados, por ejemplo entre los Ganadores de Concurso: 1) Canestrari 168 Open con Honda 4T 90HP, 2) Guaycur\u00fa 520 Open con Honda 4T 60HP y 3) Guaycur\u00fa 520 Open con Honda 4T 40HP.<\/p>\n\n\n\n<p>Para los Ganadores de Surub\u00ed Mayor: 1) Guaycur\u00fa 520 Open con Honda 4T 60HP, 2) Guaycur\u00fa 520 Open con Honda 4T 40HP y 3) Gauchito 490 con Honda 4T 20HP.<\/p>\n\n\n\n<p>Tambi\u00e9n se sortear\u00e1n dos embarcaciones Gauchito 490 con Honda 4T 20HP, en dos sorteos distintos cuyo fin ser\u00e1 premiar a los pescadores por el solo hecho de participar y apoyar a la Fiesta Nacional del Surub\u00ed, en una serie de importantes sorteos.<\/p>\n\n\n\n<p><strong>Entradas<\/strong><\/p>\n\n\n\n<p>La Comisi\u00f3n Municipal de Pesca inform\u00f3 sobre los valores de entradas de ingreso al Predio Costa Surub\u00ed y adem\u00e1s los correspondientes a cada noche de espect\u00e1culos de la 47\u00b0 Fiesta Nacional del Surub\u00ed.<\/p>\n\n\n\n<p>Respecto a los valores de entradas al Predio en el que se desarrollar\u00e1 la Fiesta los valores asignados para cada d\u00eda son los siguientes:<\/p>\n\n\n\n<p>-Mi\u00e9rcoles 1 de Mayo $2000<\/p>\n\n\n\n<p>-Jueves 2 de Mayo $1500<\/p>\n\n\n\n<p>-Viernes 3 de Mayo $2500<\/p>\n\n\n\n<p>S\u00e1bado 4 de Mayo $3000<\/p>\n\n\n\n<p>Domingo 5 de Mayo $1500<\/p>\n\n\n\n<p>El valor de pulsera de acceso para todos los d\u00edas tendr\u00e1 un valor de $7000<\/p>\n\n\n\n<p>Respecto al ingreso habr\u00e1n excepciones puntuales dispuestos para los siguientes:<\/p>\n\n\n\n<p>-Discapacitados: Presentando carnet nacional acompa\u00f1ado por un acompa\u00f1ante (no retira ticket-entrada)<\/p>\n\n\n\n<p>-Menores: hasta 12 a\u00f1os cumplidos no pagar\u00e1n entrada<\/p>\n\n\n\n<p>-Excombatientes: Presentando carnet correspondiente no pagar\u00e1n entrada<\/p>\n\n\n\n<p>-Pescadores de equipos participantes: tienen acceso libre.<\/p>\n\n\n\n<p><strong>Expo y espect\u00e1culos<\/strong><\/p>\n\n\n\n<p>El mi\u00e9rcoles 1 de mayo comenzar\u00e1 la 35\u00aa Expo Goya, seguida por la presentaci\u00f3n oficial y el cierre a cargo de la banda Virus.<\/p>\n\n\n\n<p>El jueves 2 de mayo, se realizar\u00e1 la pe\u00f1a de los pescadores con la actuaci\u00f3n de Mario Bofill. Ingreso gratuito hasta las 17.<\/p>\n\n\n\n<p>El viernes 3 de mayo estar\u00e1 dedicado al desfile y elecci\u00f3n de la Reina y Princesas nacionales del Surub\u00ed. Ingreso gratuito hasta las 15. Este evento contar\u00e1 con la actuaci\u00f3n del cantante, trapero y streamer Luck Ra, que se gan\u00f3 el coraz\u00f3n de sus seguidores con temas como &#8220;La morocha&#8221;, &#8220;Hola Perdida&#8221;, &#8220;Te mentir\u00eda&#8221; y muchos m\u00e1s que por vez primera vez se presentar\u00e1 en la ciudad de Goya Goya.<\/p>\n\n\n\n<p>El s\u00e1bado 4 de mayo comenzar\u00e1 la competencia deportiva con el sorteo de zonas de pesca y la largada de lanchas. La noche culminar\u00e1 con un espect\u00e1culo de La Delio Vald\u00e9s.<\/p>\n\n\n\n<p>El domingo 5 de mayo incluir\u00e1 la llegada de los pescadores, una conferencia de clausura, la Cena Show de los Pescadores y la entrega de premios. El festival concluir\u00e1 con un show de Amar Azul.<\/p>\n\n\n\n<p><strong>Precios de acceso al Predio Costa Surub\u00ed<\/strong><\/p>\n\n\n\n<p>Respecto a los valores de entradas al Predio en el que se desarrollar\u00e1 la Fiesta los valores asignados para cada d\u00eda son los siguientes:<\/p>\n\n\n\n<p>Mi\u00e9rcoles 1 de Mayo $2000<\/p>\n\n\n\n<p>Jueves 2 de Mayo $1500<\/p>\n\n\n\n<p>Viernes 3 de Mayo $2500<\/p>\n\n\n\n<p>S\u00e1bado 4 de Mayo $3000<\/p>\n\n\n\n<p>Domingo 5 de Mayo $1500<\/p>\n\n\n\n<p>&nbsp;Los valores para espect\u00e1culos constar\u00e1n de dos zonas de accesos y cada valor especificado responde a su ubicaci\u00f3n respecto al escenario mayor. Ante ello, ser\u00e1n los siguientes:<\/p>\n\n\n\n<p>Mi\u00e9rcoles 1 de Mayo<\/p>\n\n\n\n<p>Platea 1 &#8211; $5.000<\/p>\n\n\n\n<p>&nbsp;VIP &#8211; $10.000<\/p>\n\n\n\n<p>Jueves 2 de Mayo<\/p>\n\n\n\n<p>&nbsp;Platea 1 &#8211; $3.000<\/p>\n\n\n\n<p>&nbsp;VIP &#8211; $5.000<\/p>\n\n\n\n<p>&nbsp;Viernes 3 de Mayo<\/p>\n\n\n\n<p>&nbsp;Platea 1 &#8211; $5.000<\/p>\n\n\n\n<p>&nbsp;VIP &#8211; $10.000<\/p>\n\n\n\n<p>&nbsp;S\u00e1bado 4 de Mayo<\/p>\n\n\n\n<p>&nbsp;Platea 1 &#8211; $10.000<\/p>\n\n\n\n<p>&nbsp;VIP &#8211; $20.000<\/p>\n\n\n\n<p>&nbsp;Domingo 5 de Mayo<\/p>\n\n\n\n<p>Platea 1 &#8211; $1.500<\/p>\n\n\n\n<p>VIP &#8211; $3.000<\/p>\n\n\n\n<p>En tanto que los horarios de ventas de entradas en Boleter\u00eda en Costa Surub\u00ed ser\u00e1n los siguientes:<\/p>\n\n\n\n<p>Desde el viernes 19 de abril comenzar\u00e1 a funcionar la boleter\u00eda en las instalaciones del Predio Costa Surub\u00ed en el horario de 16 a 21 hs.<\/p>\n\n\n\n<p>Desde el s\u00e1bado 20 de abril al viernes 26 de abril en el horario de 16 a 21 hs.<\/p>\n\n\n\n<p>Desde el s\u00e1bado 27 de abril hasta el martes 30 de abril el horario ser\u00e1 de 9 a 21 hs.<\/p>\n\n\n\n<p>Desde el mi\u00e9rcoles 1 de Mayo hasta el Domingo 5 de Mayo desde las 9 hasta el cierre de cada jornada<\/p>\n\n\n\n<p>La modalidad de pago en boleter\u00eda presencial ser\u00e1: &nbsp;Efectivo, Tarjeta de D\u00e9bito y &nbsp;Billetera Electr\u00f3nica<\/p>\n\n\n\n<p>&nbsp;Para adquirir las entradas adem\u00e1s se dispone de la modalidad ONLINE en la que se encuentran en la siguiente web&nbsp;<a href=\"https:\/\/centralticket.net\/pack-fiestanacionaldelsurubi\" target=\"_blank\" rel=\"noreferrer noopener\">https:\/\/centralticket.net\/pack-fiestanacionaldelsurubi<\/a>&nbsp;todos los detalles para adquirirlas, la modalidad de pago online, y c\u00f3mo acceder a las mismas una vez compradas.<\/p>\n\n\n\n<p>Cabe destacar que las mismas se podr\u00e1n adquirir desde el viernes 19 de abril a las 0:00 hs.<\/p>\n\n\n\n<p>Se recuerda &nbsp;que la compra de la entrada para espect\u00e1culos es exclusiva para el acceso a platea 1 o VIP. Adem\u00e1s se debe adquirir la entrada correspondiente al Predio Costa Surub\u00ed.&nbsp;<\/p>\n\n\n\n<p><strong>Ingreso al predio Costa Surub\u00ed<\/strong><\/p>\n\n\n\n<p>Desde la COMUPE comunicaron los horarios de ingreso libre al Predio Costa Surub\u00ed y los establecidos para el inicio de control de acceso (con entradas adquiridas) para cada d\u00eda de realizaci\u00f3n de la Fiesta Nacional del Surub\u00ed:<\/p>\n\n\n\n<p>Mi\u00e9rcoles 1 de Mayo de apertura el horario de ingreso y de control de acceso ser\u00e1 desde las 18 hs.<\/p>\n\n\n\n<p>Jueves 2 de Mayo el ingreso libre al Predio ser\u00e1 desde las 10 y el control de acceso ser\u00e1 desde las 17 hs.<\/p>\n\n\n\n<p>El Viernes 3 de Mayo el ingreso libre al Predio ser\u00e1 desde las 10 y el control de acceso ser\u00e1 desde las 15 hs.<\/p>\n\n\n\n<p>El S\u00e1bado 4 y Domingo 5 de Mayo el ingreso libre al Predio ser\u00e1 desde las 8 y el control de acceso ser\u00e1 desde las 12 hs.<\/p>\n\n\n\n<figure class=\"wp-block-image size-large\"><img loading=\"lazy\" decoding=\"async\" width=\"1024\" height=\"682\" src=\"https:\/\/corrientesdetarde.com\/wp-content\/uploads\/2024\/04\/image-443-1024x682.png\" alt=\"\" class=\"wp-image-141185\" srcset=\"https:\/\/corrientesdetarde.com\/wp-content\/uploads\/2024\/04\/image-443-1024x682.png 1024w, https:\/\/corrientesdetarde.com\/wp-content\/uploads\/2024\/04\/image-443-300x200.png 300w, https:\/\/corrientesdetarde.com\/wp-content\/uploads\/2024\/04\/image-443-768x512.png 768w, https:\/\/corrientesdetarde.com\/wp-content\/uploads\/2024\/04\/image-443-1536x1023.png 1536w, https:\/\/corrientesdetarde.com\/wp-content\/uploads\/2024\/04\/image-443.png 1600w\" sizes=\"auto, (max-width: 1024px) 100vw, 1024px\" \/><\/figure>\n\n\n\n<figure class=\"wp-block-image size-large\"><img loading=\"lazy\" decoding=\"async\" width=\"1024\" height=\"682\" src=\"https:\/\/corrientesdetarde.com\/wp-content\/uploads\/2024\/04\/image-444-1024x682.png\" alt=\"\" class=\"wp-image-141186\" srcset=\"https:\/\/corrientesdetarde.com\/wp-content\/uploads\/2024\/04\/image-444-1024x682.png 1024w, https:\/\/corrientesdetarde.com\/wp-content\/uploads\/2024\/04\/image-444-300x200.png 300w, https:\/\/corrientesdetarde.com\/wp-content\/uploads\/2024\/04\/image-444-768x512.png 768w, https:\/\/corrientesdetarde.com\/wp-content\/uploads\/2024\/04\/image-444-1536x1023.png 1536w, https:\/\/corrientesdetarde.com\/wp-content\/uploads\/2024\/04\/image-444.png 1600w\" sizes=\"auto, (max-width: 1024px) 100vw, 1024px\" \/><\/figure>\n\n\n\n<figure class=\"wp-block-image size-large\"><img loading=\"lazy\" decoding=\"async\" width=\"1024\" height=\"682\" src=\"https:\/\/corrientesdetarde.com\/wp-content\/uploads\/2024\/04\/image-445-1024x682.png\" alt=\"\" class=\"wp-image-141187\" srcset=\"https:\/\/corrientesdetarde.com\/wp-content\/uploads\/2024\/04\/image-445-1024x682.png 1024w, https:\/\/corrientesdetarde.com\/wp-content\/uploads\/2024\/04\/image-445-300x200.png 300w, https:\/\/corrientesdetarde.com\/wp-content\/uploads\/2024\/04\/image-445-768x512.png 768w, https:\/\/corrientesdetarde.com\/wp-content\/uploads\/2024\/04\/image-445-1536x1023.png 1536w, https:\/\/corrientesdetarde.com\/wp-content\/uploads\/2024\/04\/image-445.png 1600w\" sizes=\"auto, (max-width: 1024px) 100vw, 1024px\" \/><\/figure>\n\n\n\n<figure class=\"wp-block-image size-large\"><img loading=\"lazy\" decoding=\"async\" width=\"1024\" height=\"682\" src=\"https:\/\/corrientesdetarde.com\/wp-content\/uploads\/2024\/04\/image-446-1024x682.png\" alt=\"\" class=\"wp-image-141188\" srcset=\"https:\/\/corrientesdetarde.com\/wp-content\/uploads\/2024\/04\/image-446-1024x682.png 1024w, https:\/\/corrientesdetarde.com\/wp-content\/uploads\/2024\/04\/image-446-300x200.png 300w, https:\/\/corrientesdetarde.com\/wp-content\/uploads\/2024\/04\/image-446-768x512.png 768w, https:\/\/corrientesdetarde.com\/wp-content\/uploads\/2024\/04\/image-446-1536x1023.png 1536w, https:\/\/corrientesdetarde.com\/wp-content\/uploads\/2024\/04\/image-446.png 1600w\" sizes=\"auto, (max-width: 1024px) 100vw, 1024px\" \/><\/figure>\n\n\n\n<figure class=\"wp-block-image size-large\"><img loading=\"lazy\" decoding=\"async\" width=\"1024\" height=\"682\" src=\"https:\/\/corrientesdetarde.com\/wp-content\/uploads\/2024\/04\/image-447-1024x682.png\" alt=\"\" class=\"wp-image-141189\" srcset=\"https:\/\/corrientesdetarde.com\/wp-content\/uploads\/2024\/04\/image-447-1024x682.png 1024w, https:\/\/corrientesdetarde.com\/wp-content\/uploads\/2024\/04\/image-447-300x200.png 300w, https:\/\/corrientesdetarde.com\/wp-content\/uploads\/2024\/04\/image-447-768x512.png 768w, https:\/\/corrientesdetarde.com\/wp-content\/uploads\/2024\/04\/image-447-1536x1023.png 1536w, https:\/\/corrientesdetarde.com\/wp-content\/uploads\/2024\/04\/image-447.png 1600w\" sizes=\"auto, (max-width: 1024px) 100vw, 1024px\" \/><\/figure>\n\n\n\n<figure class=\"wp-block-image size-large\"><img loading=\"lazy\" decoding=\"async\" width=\"1024\" height=\"682\" src=\"https:\/\/corrientesdetarde.com\/wp-content\/uploads\/2024\/04\/image-448-1024x682.png\" alt=\"\" class=\"wp-image-141190\" srcset=\"https:\/\/corrientesdetarde.com\/wp-content\/uploads\/2024\/04\/image-448-1024x682.png 1024w, https:\/\/corrientesdetarde.com\/wp-content\/uploads\/2024\/04\/image-448-300x200.png 300w, https:\/\/corrientesdetarde.com\/wp-content\/uploads\/2024\/04\/image-448-768x512.png 768w, https:\/\/corrientesdetarde.com\/wp-content\/uploads\/2024\/04\/image-448-1536x1023.png 1536w, https:\/\/corrientesdetarde.com\/wp-content\/uploads\/2024\/04\/image-448.png 1600w\" sizes=\"auto, (max-width: 1024px) 100vw, 1024px\" \/><\/figure>\n","protected":false},"excerpt":{"rendered":"<p>Con m\u00e1s de 1.100&nbsp;embarcaciones y m\u00e1s de 150 millones de pesos en premios, la 47\u00ba edici\u00f3n de la Fiesta Nacional del Surub\u00ed ingres\u00f3 en la cuenta regresiva. El evento, que&hellip; <\/p>\n","protected":false},"author":8,"featured_media":141184,"comment_status":"closed","ping_status":"open","sticky":false,"template":"","format":"standard","meta":{"footnotes":""},"categories":[26,22],"tags":[],"class_list":["post-141183","post","type-post","status-publish","format-standard","has-post-thumbnail","hentry","category-destacados","category-eventos"],"_links":{"self":[{"href":"https:\/\/corrientesdetarde.com\/index.php\/wp-json\/wp\/v2\/posts\/141183","targetHints":{"allow":["GET"]}}],"collection":[{"href":"https:\/\/corrientesdetarde.com\/index.php\/wp-json\/wp\/v2\/posts"}],"about":[{"href":"https:\/\/corrientesdetarde.com\/index.php\/wp-json\/wp\/v2\/types\/post"}],"author":[{"embeddable":true,"href":"https:\/\/corrientesdetarde.com\/index.php\/wp-json\/wp\/v2\/users\/8"}],"replies":[{"embeddable":true,"href":"https:\/\/corrientesdetarde.com\/index.php\/wp-json\/wp\/v2\/comments?post=141183"}],"version-history":[{"count":1,"href":"https:\/\/corrientesdetarde.com\/index.php\/wp-json\/wp\/v2\/posts\/141183\/revisions"}],"predecessor-version":[{"id":141191,"href":"https:\/\/corrientesdetarde.com\/index.php\/wp-json\/wp\/v2\/posts\/141183\/revisions\/141191"}],"wp:featuredmedia":[{"embeddable":true,"href":"https:\/\/corrientesdetarde.com\/index.php\/wp-json\/wp\/v2\/media\/141184"}],"wp:attachment":[{"href":"https:\/\/corrientesdetarde.com\/index.php\/wp-json\/wp\/v2\/media?parent=141183"}],"wp:term":[{"taxonomy":"category","embeddable":true,"href":"https:\/\/corrientesdetarde.com\/index.php\/wp-json\/wp\/v2\/categories?post=141183"},{"taxonomy":"post_tag","embeddable":true,"href":"https:\/\/corrientesdetarde.com\/index.php\/wp-json\/wp\/v2\/tags?post=141183"}],"curies":[{"name":"wp","href":"https:\/\/api.w.org\/{rel}","templated":true}]}}