{"id":141236,"date":"2024-04-18T15:16:58","date_gmt":"2024-04-18T18:16:58","guid":{"rendered":"https:\/\/corrientesdetarde.com\/?p=141236"},"modified":"2024-04-18T15:17:10","modified_gmt":"2024-04-18T18:17:10","slug":"la-reaccion-de-rusia-ante-el-pedido-de-la-argentina-de-convertirse-en-miembro-global-de-la-otan","status":"publish","type":"post","link":"https:\/\/corrientesdetarde.com\/index.php\/internacionales\/la-reaccion-de-rusia-ante-el-pedido-de-la-argentina-de-convertirse-en-miembro-global-de-la-otan\/","title":{"rendered":"La reacci\u00f3n de Rusia ante el pedido de la Argentina de convertirse en \u201cmiembro global\u201d de la OTAN"},"content":{"rendered":"\n<p>El vicecanciller Sergu\u00e9i Riabkov dijo que esa medida no contribuir\u00e1 a la seguridad global. Descart\u00f3 reevaluar el v\u00ednculo bilateral.<\/p>\n\n\n\n<p>Rusia lament\u00f3 el pedido del gobierno de Javier Milei para convertirse en &#8220;socio global&#8221; de la OTAN\u00a0y afirm\u00f3 que esta iniciativa no contribuir\u00e1 a la seguridad del mundo. Sin embargo, descart\u00f3 \u201creconsiderar\u201d su relaci\u00f3n bilateral. \u201cLo lamentamos\u201d, dijo el vicecanciller ruso,\u00a0<strong>Sergu\u00e9i Riabkov<\/strong><em>,<\/em>\u00a0a la agencia\u00a0<em>TASS<\/em>.<\/p>\n\n\n\n<p>\u201cEso, definitivamente, no dar\u00e1 m\u00e1s seguridad a nadie, sino que crear\u00e1 nuevas formas de subordinar a estados soberanos\u201d, dijo&nbsp;<strong>Riabkov<\/strong>&nbsp;en referencia a Estados Unidos, al que aludi\u00f3 como \u201cel l\u00edder hegem\u00f3nico de la OTAN\u201d.<\/p>\n\n\n\n<h2 class=\"wp-block-heading\">Mosc\u00fa descart\u00f3 revaluar la relaci\u00f3n con la Argentina<\/h2>\n\n\n\n<p>No obstante, asegur\u00f3 que Mosc\u00fa no planea revisar sus lazos con Buenos Aires.<\/p>\n\n\n\n<p>\u201cNo creo que debido al anuncio de que la Argentina busca obtener el estatus (de socio global de la Alianza Atl\u00e1ntica) tengamos que reconsiderar y cambiar toda nuestra agenda\u201d, asegur\u00f3.<\/p>\n\n\n\n<figure class=\"wp-block-image\"><img decoding=\"async\" src=\"https:\/\/tn.com.ar\/resizer\/PhPKIh8ULcE52FKMVVgJNjn6LTQ=\/767x0\/smart\/filters:format(webp)\/cloudfront-us-east-1.images.arcpublishing.com\/artear\/JJUBUUB34KU6UDD2G7GIJBCKIM.jpg\" alt=\"El gobierno de Javier Milei quiere ser socio de la OTAN (Foto: REUTERS\/Pascal Rossignol)\"\/><\/figure>\n\n\n\n<p>En este sentido, dijo que Rusia y la Argentina mantienen un buen di\u00e1logo en muchos \u00e1mbitos y continuar\u00e1n con los asuntos de car\u00e1cter bilateral de forma habitual.<\/p>\n\n\n\n<h2 class=\"wp-block-heading\">Qu\u00e9 dijo el ministro de Defensa Luis Petri<\/h2>\n\n\n\n<p>El ministro de Defensa argentino,&nbsp;<strong>Luis Petri<\/strong>, anunci\u00f3 que el pa\u00eds pidi\u00f3 ser \u201csocio global\u201d de la OTAN en el marco de una reuni\u00f3n mantenida con el secretario general adjunto del organismo multilateral,&nbsp;<strong>Mircea Geoana<\/strong>.<\/p>\n\n\n\n<p>\u201cMe reun\u00ed con Mircea Geoana, Secretario General Adjunto de la OTAN. Le present\u00e9 la carta de intenci\u00f3n que expresa la solicitud de Argentina en convertirse en un socio global de esta organizaci\u00f3n. Seguiremos trabajando en recuperar v\u00ednculos que permitan modernizar y capacitar a nuestras fuerzas al est\u00e1ndar de la OTAN\u201d, afirm\u00f3 Petri en su cuenta de X.<\/p>\n\n\n\n<p>El acercamiento de Argentina a la OTAN est\u00e1 vinculado a la nueva pol\u00edtica exterior desarrollada por el gobierno de Milei, que desde su asunci\u00f3n ha dado un giro y se ha alineado a Estados Unidos e Israel.<\/p>\n","protected":false},"excerpt":{"rendered":"<p>El vicecanciller Sergu\u00e9i Riabkov dijo que esa medida no contribuir\u00e1 a la seguridad global. Descart\u00f3 reevaluar el v\u00ednculo bilateral. Rusia lament\u00f3 el pedido del gobierno de Javier Milei para convertirse&hellip; <\/p>\n","protected":false},"author":8,"featured_media":141237,"comment_status":"closed","ping_status":"open","sticky":false,"template":"","format":"standard","meta":{"footnotes":""},"categories":[11],"tags":[],"class_list":["post-141236","post","type-post","status-publish","format-standard","has-post-thumbnail","hentry","category-internacionales"],"_links":{"self":[{"href":"https:\/\/corrientesdetarde.com\/index.php\/wp-json\/wp\/v2\/posts\/141236","targetHints":{"allow":["GET"]}}],"collection":[{"href":"https:\/\/corrientesdetarde.com\/index.php\/wp-json\/wp\/v2\/posts"}],"about":[{"href":"https:\/\/corrientesdetarde.com\/index.php\/wp-json\/wp\/v2\/types\/post"}],"author":[{"embeddable":true,"href":"https:\/\/corrientesdetarde.com\/index.php\/wp-json\/wp\/v2\/users\/8"}],"replies":[{"embeddable":true,"href":"https:\/\/corrientesdetarde.com\/index.php\/wp-json\/wp\/v2\/comments?post=141236"}],"version-history":[{"count":1,"href":"https:\/\/corrientesdetarde.com\/index.php\/wp-json\/wp\/v2\/posts\/141236\/revisions"}],"predecessor-version":[{"id":141238,"href":"https:\/\/corrientesdetarde.com\/index.php\/wp-json\/wp\/v2\/posts\/141236\/revisions\/141238"}],"wp:featuredmedia":[{"embeddable":true,"href":"https:\/\/corrientesdetarde.com\/index.php\/wp-json\/wp\/v2\/media\/141237"}],"wp:attachment":[{"href":"https:\/\/corrientesdetarde.com\/index.php\/wp-json\/wp\/v2\/media?parent=141236"}],"wp:term":[{"taxonomy":"category","embeddable":true,"href":"https:\/\/corrientesdetarde.com\/index.php\/wp-json\/wp\/v2\/categories?post=141236"},{"taxonomy":"post_tag","embeddable":true,"href":"https:\/\/corrientesdetarde.com\/index.php\/wp-json\/wp\/v2\/tags?post=141236"}],"curies":[{"name":"wp","href":"https:\/\/api.w.org\/{rel}","templated":true}]}}