{"id":141239,"date":"2024-04-18T15:19:56","date_gmt":"2024-04-18T18:19:56","guid":{"rendered":"https:\/\/corrientesdetarde.com\/?p=141239"},"modified":"2024-04-18T15:20:08","modified_gmt":"2024-04-18T18:20:08","slug":"la-peatonal-junin-se-vistio-de-azul-para-concientizar-sobre-el-autismo","status":"publish","type":"post","link":"https:\/\/corrientesdetarde.com\/index.php\/sociales\/la-peatonal-junin-se-vistio-de-azul-para-concientizar-sobre-el-autismo\/","title":{"rendered":"La peatonal Jun\u00edn se visti\u00f3 de azul para concientizar sobre el autismo"},"content":{"rendered":"\n<p><em>En el marco del D\u00eda del Autismo \u2013que se recuerda cada 2 de abril-, la Municipalidad de Corrientes junto a instituciones que abordan la tem\u00e1tica desarrollaron una jornada de sensibilizaci\u00f3n y concientizaci\u00f3n a lo largo de la peatonal Jun\u00edn, con stands, juegos y folletos informativos. Los comercios de la zona formaron parte de la propuesta colocando banderines, logos y globos azules, color que identifica a las personas con esta condici\u00f3n.<\/em><\/p>\n\n\n\n<p>Con stands, juegos, folletos informativos, la Municipalidad de Corrientes junto a instituciones que trabajan en la tem\u00e1tica del autismo, desarrollaron en la tarde del mi\u00e9rcoles, a lo largo de la peatonal Jun\u00edn, una jornada de sensibilizaci\u00f3n y concientizaci\u00f3n. Los comerciantes de la zona se sumaron a esta propuesta colocando globos y logos azules en sus vidrieras.<br><br>La coordinadora ejecutiva del \u00e1rea de Discapacidad e Inclusi\u00f3n Social de la Municipalidad, Mariana Montes, cont\u00f3 que \u201csi bien el 2 de abril fue el D\u00eda del Autismo, por cuestiones clim\u00e1ticas esta actividad se suspendi\u00f3 en dos oportunidades, pero hoy el clima nos acompa\u00f1\u00f3 y pudimos desarrollar esta actividad denominada Jun\u00edn inclusiva: hablemos de autismo, con el objetivo de sensibilizar y concientizar sobre la tem\u00e1tica a la comunidad, brindando informaci\u00f3n y herramientas\u201d.<br><br>De esta manera, a lo largo del circuito c\u00e9ntrico \u2013desde San Juan hasta la plaza Vera- unas 13 instituciones que trabajan en la tem\u00e1tica ubicaron sus stands donde los ocasionales transe\u00fantes recibieron informaci\u00f3n a trav\u00e9s de juegos y elementos sensoriales, adem\u00e1s de entrega de folletos.<br><br>\u201cCada una de las instituciones trata una tem\u00e1tica en particular. Adem\u00e1s contamos con un cuarto sensorial en donde las personas pueden venir, ponerse en el lugar de una persona con autismo, ver qu\u00e9 sienten, c\u00f3mo escuchan. Y justamente de esto se trata concientizar a todas las personas que est\u00e1n pasando por la peatonal\u201d, explic\u00f3 la funcionaria.<br><br>A su vez, agradeci\u00f3 el acompa\u00f1amiento de los comercios de la zona \u201cque se sumaron adornando su local de azul, con logos y globos y, en caso de que sea un local donde regularmente pongan m\u00fasica, disminuyeron el volumen y las luces. Adem\u00e1s, se los invit\u00f3 a una jornada de capacitaci\u00f3n que se va a realizar para que el personal que est\u00e1 en atenci\u00f3n al p\u00fablico est\u00e9 capacitado para trabajar con pictogramas, por ejemplo\u201d.<br><br>INSTITUCIONES PRESENTES<br><br>Unas 13 instituciones locales que trabajan sobre la tem\u00e1tica dijeron presente en esta jornada de sensibilizaci\u00f3n: Rinc\u00f3n de sue\u00f1os, Sin Prisa, Esencia, Crecer con todos, IAD, Creando lazos, Ipeec, Superar, Puentes, Alas, Padres TEA Corrientes-Fundaci\u00f3n TEAMO Corrientes, Cene.<br><br>Mar\u00eda Susana Pellegrino, auxiliar de direcci\u00f3n general del centro Superar destac\u00f3 la convocatoria realizada por el municipio. \u201cAcudimos con mucha gratitud, alegr\u00eda, para poder hablar acerca de lo que es el autismo. Estamos ahora presenciando con diferentes centros de la ciudad esta condici\u00f3n con la que conviven algunas personas. Desde el centro Superar estamos presentando actividades l\u00fadicas y nos acompa\u00f1an docentes del centro de d\u00eda con folletos donde tratamos de explicar de manera concisa, muy clara, qu\u00e9 es el autismo, c\u00f3mo se puede detectar y que son personas que m\u00e1s all\u00e1 de su condici\u00f3n tambi\u00e9n pueden convivir en nuestra sociedad con las mismas posibilidades que tenemos todos\u201d.<br><br>En tanto la licenciada Miriam Romero, directora del Centro Educativo Terap\u00e9utico Alas, coment\u00f3 que \u201cnosotros participamos con mucho entusiasmo en todos los eventos, principalmente los que realiza la Municipalidad donde siempre somos invitados. Nos parece muy importante la concientizaci\u00f3n del acompa\u00f1amiento a todo aquella tem\u00e1tica relacionada con el espectro autista\u201d. Y destac\u00f3 la participaci\u00f3n de los vecinos: \u201cVisitan todos los stands, hacen preguntas, consultan sobre los servicios que prestamos. Una excelente jornada\u201d, concluy\u00f3.<br><br>Por su parte, Jos\u00e9 Luis Kreiman, encargado de La llave del Chaco, uno de los comercios que se sum\u00f3 a la iniciativa agradeci\u00f3 a la Municipalidad la invitaci\u00f3n a la jornada. \u201cEs realmente muy importante participar entre todos y tomar conciencia de lo que significa esta condici\u00f3n. Con todo el personal nos abocamos a preparar el local con ramilletes de globos azules\u201d, coment\u00f3.<\/p>\n\n\n\n<p><a href=\"https:\/\/ciudaddecorrientes.us12.list-manage.com\/track\/click?u=253e4bcff71216c6af771c3c9&amp;id=cbdf1d0cbe&amp;e=17643edfa8\" target=\"_blank\" rel=\"noreferrer noopener\">NOTA TV.<\/a><\/p>\n\n\n\n<p>Mariana Montes, la coordinadora ejecutiva del \u00e1rea de Discapacidad e Inclusi\u00f3n Social de la Municipalidad; Mar\u00eda Susana Pellegrino, auxiliar de direcci\u00f3n general del centro Superar;\u00a0Miriam Romero, directora del Centro Educativo Terap\u00e9utico Alas;\u00a0Jos\u00e9 Luis Kreiman, encargado de La llave del Chaco,<\/p>\n\n\n\n<figure class=\"wp-block-image size-large\"><img loading=\"lazy\" decoding=\"async\" width=\"1024\" height=\"682\" src=\"https:\/\/corrientesdetarde.com\/wp-content\/uploads\/2024\/04\/image-472-1024x682.png\" alt=\"\" class=\"wp-image-141241\" srcset=\"https:\/\/corrientesdetarde.com\/wp-content\/uploads\/2024\/04\/image-472-1024x682.png 1024w, https:\/\/corrientesdetarde.com\/wp-content\/uploads\/2024\/04\/image-472-300x200.png 300w, https:\/\/corrientesdetarde.com\/wp-content\/uploads\/2024\/04\/image-472-768x512.png 768w, https:\/\/corrientesdetarde.com\/wp-content\/uploads\/2024\/04\/image-472.png 1280w\" sizes=\"auto, (max-width: 1024px) 100vw, 1024px\" \/><\/figure>\n\n\n\n<figure class=\"wp-block-image size-large\"><img loading=\"lazy\" decoding=\"async\" width=\"1024\" height=\"682\" src=\"https:\/\/corrientesdetarde.com\/wp-content\/uploads\/2024\/04\/image-473-1024x682.png\" alt=\"\" class=\"wp-image-141242\" srcset=\"https:\/\/corrientesdetarde.com\/wp-content\/uploads\/2024\/04\/image-473-1024x682.png 1024w, https:\/\/corrientesdetarde.com\/wp-content\/uploads\/2024\/04\/image-473-300x200.png 300w, https:\/\/corrientesdetarde.com\/wp-content\/uploads\/2024\/04\/image-473-768x512.png 768w, https:\/\/corrientesdetarde.com\/wp-content\/uploads\/2024\/04\/image-473.png 1280w\" sizes=\"auto, (max-width: 1024px) 100vw, 1024px\" \/><\/figure>\n\n\n\n<figure class=\"wp-block-image size-large\"><img loading=\"lazy\" decoding=\"async\" width=\"1024\" height=\"682\" src=\"https:\/\/corrientesdetarde.com\/wp-content\/uploads\/2024\/04\/image-474-1024x682.png\" alt=\"\" class=\"wp-image-141243\" srcset=\"https:\/\/corrientesdetarde.com\/wp-content\/uploads\/2024\/04\/image-474-1024x682.png 1024w, https:\/\/corrientesdetarde.com\/wp-content\/uploads\/2024\/04\/image-474-300x200.png 300w, https:\/\/corrientesdetarde.com\/wp-content\/uploads\/2024\/04\/image-474-768x512.png 768w, https:\/\/corrientesdetarde.com\/wp-content\/uploads\/2024\/04\/image-474.png 1280w\" sizes=\"auto, (max-width: 1024px) 100vw, 1024px\" \/><\/figure>\n\n\n\n<figure class=\"wp-block-image size-large\"><img loading=\"lazy\" decoding=\"async\" width=\"1024\" height=\"682\" src=\"https:\/\/corrientesdetarde.com\/wp-content\/uploads\/2024\/04\/image-475-1024x682.png\" alt=\"\" class=\"wp-image-141244\" srcset=\"https:\/\/corrientesdetarde.com\/wp-content\/uploads\/2024\/04\/image-475-1024x682.png 1024w, https:\/\/corrientesdetarde.com\/wp-content\/uploads\/2024\/04\/image-475-300x200.png 300w, https:\/\/corrientesdetarde.com\/wp-content\/uploads\/2024\/04\/image-475-768x512.png 768w, https:\/\/corrientesdetarde.com\/wp-content\/uploads\/2024\/04\/image-475.png 1280w\" sizes=\"auto, (max-width: 1024px) 100vw, 1024px\" \/><\/figure>\n","protected":false},"excerpt":{"rendered":"<p>En el marco del D\u00eda del Autismo \u2013que se recuerda cada 2 de abril-, la Municipalidad de Corrientes junto a instituciones que abordan la tem\u00e1tica desarrollaron una jornada de sensibilizaci\u00f3n&hellip; <\/p>\n","protected":false},"author":8,"featured_media":141240,"comment_status":"closed","ping_status":"open","sticky":false,"template":"","format":"standard","meta":{"footnotes":""},"categories":[17],"tags":[],"class_list":["post-141239","post","type-post","status-publish","format-standard","has-post-thumbnail","hentry","category-sociales"],"_links":{"self":[{"href":"https:\/\/corrientesdetarde.com\/index.php\/wp-json\/wp\/v2\/posts\/141239","targetHints":{"allow":["GET"]}}],"collection":[{"href":"https:\/\/corrientesdetarde.com\/index.php\/wp-json\/wp\/v2\/posts"}],"about":[{"href":"https:\/\/corrientesdetarde.com\/index.php\/wp-json\/wp\/v2\/types\/post"}],"author":[{"embeddable":true,"href":"https:\/\/corrientesdetarde.com\/index.php\/wp-json\/wp\/v2\/users\/8"}],"replies":[{"embeddable":true,"href":"https:\/\/corrientesdetarde.com\/index.php\/wp-json\/wp\/v2\/comments?post=141239"}],"version-history":[{"count":1,"href":"https:\/\/corrientesdetarde.com\/index.php\/wp-json\/wp\/v2\/posts\/141239\/revisions"}],"predecessor-version":[{"id":141245,"href":"https:\/\/corrientesdetarde.com\/index.php\/wp-json\/wp\/v2\/posts\/141239\/revisions\/141245"}],"wp:featuredmedia":[{"embeddable":true,"href":"https:\/\/corrientesdetarde.com\/index.php\/wp-json\/wp\/v2\/media\/141240"}],"wp:attachment":[{"href":"https:\/\/corrientesdetarde.com\/index.php\/wp-json\/wp\/v2\/media?parent=141239"}],"wp:term":[{"taxonomy":"category","embeddable":true,"href":"https:\/\/corrientesdetarde.com\/index.php\/wp-json\/wp\/v2\/categories?post=141239"},{"taxonomy":"post_tag","embeddable":true,"href":"https:\/\/corrientesdetarde.com\/index.php\/wp-json\/wp\/v2\/tags?post=141239"}],"curies":[{"name":"wp","href":"https:\/\/api.w.org\/{rel}","templated":true}]}}