{"id":141294,"date":"2024-04-18T17:40:37","date_gmt":"2024-04-18T20:40:37","guid":{"rendered":"https:\/\/corrientesdetarde.com\/?p=141294"},"modified":"2024-04-18T17:40:42","modified_gmt":"2024-04-18T20:40:42","slug":"dengue-cuanto-duran-los-anticuerpos-tras-padecer-la-enfermedad","status":"publish","type":"post","link":"https:\/\/corrientesdetarde.com\/index.php\/bienestar-y-salud\/dengue-cuanto-duran-los-anticuerpos-tras-padecer-la-enfermedad\/","title":{"rendered":"Dengue: cu\u00e1nto duran los anticuerpos tras padecer la enfermedad"},"content":{"rendered":"\n<p>Seg\u00fan los \u00faltimos datos del Bolet\u00edn Epidemiol\u00f3gico Nacional emitido por el&nbsp;Ministerio de Salud, ya se han registrado&nbsp;269.678&nbsp;casos de dengue&nbsp;en el pa\u00eds. Teniendo en cuenta el brote, es necesario conocer&nbsp;cu\u00e1nto duran los anticuerpos&nbsp;tras padecer la enfermedad y&nbsp;cu\u00e1ndo se vuelve a estar en riesgo&nbsp;de ser contagiado.<\/p>\n\n\n\n<p>En lo que va de la temporada, que es desde la semana 31 de 2023 -fines de julio y comienzos de agosto- hasta la semana 14 de 2024 -principios de abril-,&nbsp;643 casos fueron clasificados como&nbsp;dengue grave. Seg\u00fan los expertos, una segunda infecci\u00f3n del mosquito puede desarrollar este tipo de cuadro, por lo que es importante conocer cu\u00e1nto tiempo dura la protecci\u00f3n tras haber tenido dengue.<\/p>\n\n\n\n<h2 class=\"wp-block-heading\"><strong>Cu\u00e1nto duran los anticuerpos del dengue<\/strong><\/h2>\n\n\n\n<p>Lo cierto, es que los especialistas creen que una persona que se contagi\u00f3 de la enfermedad&nbsp;no podr\u00eda volver a contraerla en un corto per\u00edodo&nbsp;de tiempo.<\/p>\n\n\n\n<p>En este sentido, el jefe del programa de Clima y salud del&nbsp;Instituto de Salud Global de Barcelona,&nbsp;Xavier Rodo, explic\u00f3 cu\u00e1nto tiempo duran los anticuerpos teniendo en cuenta que existen cuatro serotipos de dengue, los cuales son denominados&nbsp;DENV-1, DENV-2, DENV-3 y DENV-4.<\/p>\n\n\n\n<p>&#8220;Los&nbsp;cuatro serotipos&nbsp;tienen una envoltura o prote\u00ednas similares, por lo que, durante la infecci\u00f3n, la persona produce&nbsp;anticuerpos&nbsp;de reactividad cruzada, llamados&nbsp;heterot\u00edpicos, contra todos los tipos de virus del dengue\u201d. De esta manera, determinaron que este tipo de defensa se estima que dura entre&nbsp;tres y seis meses.<\/p>\n\n\n\n<figure class=\"wp-block-image is-resized\"><a href=\"https:\/\/www.radiosudamericana.com\/notix\/multimedia\/imagenes\/fotos\/2024-04-18\/460455.jpg\"><img decoding=\"async\" src=\"https:\/\/www.radiosudamericana.com\/notix\/multimedia\/imagenes\/fotos\/2024-04-18\/460455.jpg_nota.jpg\" alt=\"\" style=\"width:852px;height:auto\"\/><\/a><\/figure>\n\n\n\n<h2 class=\"wp-block-heading\"><strong>Dengue: qu\u00e9 pasa si una persona se contagia de un virus distinto en la segunda infecci\u00f3n<\/strong><\/h2>\n\n\n\n<p>Los&nbsp;virus del dengue&nbsp;son inmunol\u00f3gicamente distintos, por lo que tambi\u00e9n inducen la producci\u00f3n de anticuerpos espec\u00edficos que son los homot\u00edpicos.<\/p>\n\n\n\n<p>En este sentido, el experto explica que &#8220;cuando&nbsp;una persona vuelve a infectarse&nbsp;con el mismo tipo de virus del dengue, las&nbsp;c\u00e9lulas B de memoria reconocen al virus y comienzan a dividirse, dando lugar a la producci\u00f3n de nuevas c\u00e9lulas B que fabrican IgG homot\u00edpicas y c\u00e9lulas de memoria&#8221;.<\/p>\n\n\n\n<p>De esta manera, los anticuerpos pueden&nbsp;eliminar el virus de forma tan r\u00e1pida&nbsp;que la persona infectada apenas nota que est\u00e1 enferma.<\/p>\n\n\n\n<p>Sin embargo, si la segunda infecci\u00f3n es con un tipo de virus distinto al que se contagi\u00f3 primero, el organismo reaccionar\u00e1 &#8220;fabricando anticuerpos heterot\u00edpicos&nbsp;contra ant\u00edgenos de reacci\u00f3n cruzada con el primer tipo de virus&#8221;, un proceso que se denomina &#8220;pecado antig\u00e9nico original&#8221;.<\/p>\n\n\n\n<p><\/p>\n\n\n\n<p>Para entender esto Rodo asegura que las&nbsp;&#8220;c\u00e9lulas B de memoria&nbsp;son responsables de la producci\u00f3n de estos anticuerpos heterot\u00edpicos&#8221; y aclara que &#8220;las c\u00e9lulas B v\u00edrgenes tambi\u00e9n&nbsp;producir\u00e1n anticuerpos homot\u00edpicos contra el tipo de virus del dengue infectante&nbsp;durante esta segunda exposici\u00f3n, aunque esta v\u00eda no se cumple al 100% en todos los casos y puede que no siempre se produzca una inmunidad espec\u00edfica contra el serotipo de por vida tras la infecci\u00f3n por el virus del dengue\u201d.<\/p>\n","protected":false},"excerpt":{"rendered":"<p>Seg\u00fan los \u00faltimos datos del Bolet\u00edn Epidemiol\u00f3gico Nacional emitido por el&nbsp;Ministerio de Salud, ya se han registrado&nbsp;269.678&nbsp;casos de dengue&nbsp;en el pa\u00eds. Teniendo en cuenta el brote, es necesario conocer&nbsp;cu\u00e1nto duran&hellip; <\/p>\n","protected":false},"author":12,"featured_media":119151,"comment_status":"closed","ping_status":"open","sticky":false,"template":"","format":"standard","meta":{"footnotes":""},"categories":[16],"tags":[],"class_list":["post-141294","post","type-post","status-publish","format-standard","has-post-thumbnail","hentry","category-bienestar-y-salud"],"_links":{"self":[{"href":"https:\/\/corrientesdetarde.com\/index.php\/wp-json\/wp\/v2\/posts\/141294","targetHints":{"allow":["GET"]}}],"collection":[{"href":"https:\/\/corrientesdetarde.com\/index.php\/wp-json\/wp\/v2\/posts"}],"about":[{"href":"https:\/\/corrientesdetarde.com\/index.php\/wp-json\/wp\/v2\/types\/post"}],"author":[{"embeddable":true,"href":"https:\/\/corrientesdetarde.com\/index.php\/wp-json\/wp\/v2\/users\/12"}],"replies":[{"embeddable":true,"href":"https:\/\/corrientesdetarde.com\/index.php\/wp-json\/wp\/v2\/comments?post=141294"}],"version-history":[{"count":1,"href":"https:\/\/corrientesdetarde.com\/index.php\/wp-json\/wp\/v2\/posts\/141294\/revisions"}],"predecessor-version":[{"id":141295,"href":"https:\/\/corrientesdetarde.com\/index.php\/wp-json\/wp\/v2\/posts\/141294\/revisions\/141295"}],"wp:featuredmedia":[{"embeddable":true,"href":"https:\/\/corrientesdetarde.com\/index.php\/wp-json\/wp\/v2\/media\/119151"}],"wp:attachment":[{"href":"https:\/\/corrientesdetarde.com\/index.php\/wp-json\/wp\/v2\/media?parent=141294"}],"wp:term":[{"taxonomy":"category","embeddable":true,"href":"https:\/\/corrientesdetarde.com\/index.php\/wp-json\/wp\/v2\/categories?post=141294"},{"taxonomy":"post_tag","embeddable":true,"href":"https:\/\/corrientesdetarde.com\/index.php\/wp-json\/wp\/v2\/tags?post=141294"}],"curies":[{"name":"wp","href":"https:\/\/api.w.org\/{rel}","templated":true}]}}