{"id":141524,"date":"2024-04-20T00:30:13","date_gmt":"2024-04-20T03:30:13","guid":{"rendered":"https:\/\/corrientesdetarde.com\/?p=141524"},"modified":"2024-04-20T00:34:39","modified_gmt":"2024-04-20T03:34:39","slug":"valdes-inauguro-en-virasoro-la-primera-planta-procesadora-de-maderas-mas-grande-de-latinoamerica","status":"publish","type":"post","link":"https:\/\/corrientesdetarde.com\/index.php\/locales\/valdes-inauguro-en-virasoro-la-primera-planta-procesadora-de-maderas-mas-grande-de-latinoamerica\/","title":{"rendered":"Vald\u00e9s inaugur\u00f3 en Virasoro, la primera planta procesadora de maderas m\u00e1s grande de Latinoam\u00e9rica"},"content":{"rendered":"\n<p>El gobernador Gustavo Vald\u00e9s inaugur\u00f3 en el mediod\u00eda de este viernes la primera Planta Procesadora de Maderas de la empresa ACON TIMBER, con inversi\u00f3n de capital austr\u00edaco y belga, que se instal\u00f3 en la localidad de Virasoro y que, adem\u00e1s, es la m\u00e1s grande de Latinoam\u00e9rica, generando trabajo directo a 315 correntinos y m\u00e1s de 700 de manera indirecta. En ese marco, el Mandatario provincial celebr\u00f3 este d\u00eda, porque \u201cdefinitivamente en Argentina nos consagramos como el gran polo forestal y productivo\u201d.<\/p>\n\n\n\n<p>Dicha planta es una de las m\u00e1s importantes de Argentina en su rubro y constituye un hito clave en el desarrollo industrial de la regi\u00f3n, ubicada sobre la Ruta Nacional (RN) N\u00b0120, a 14 kil\u00f3metros de la ciudad de Gobernador Virasoro. Como en todas sus plantas, el Grupo HS Timber cuenta con tecnolog\u00eda de avanzada, procesos productivos de vanguardia y sigue poniendo \u00e9nfasis en su principio de 0 desperdicio, utilizando el total de su materia prima.<\/p>\n\n\n\n<figure class=\"wp-block-image size-large\"><img loading=\"lazy\" decoding=\"async\" width=\"1024\" height=\"684\" src=\"https:\/\/corrientesdetarde.com\/wp-content\/uploads\/2024\/04\/image-503-1024x684.png\" alt=\"\" class=\"wp-image-141527\" srcset=\"https:\/\/corrientesdetarde.com\/wp-content\/uploads\/2024\/04\/image-503-1024x684.png 1024w, https:\/\/corrientesdetarde.com\/wp-content\/uploads\/2024\/04\/image-503-300x200.png 300w, https:\/\/corrientesdetarde.com\/wp-content\/uploads\/2024\/04\/image-503-768x513.png 768w, https:\/\/corrientesdetarde.com\/wp-content\/uploads\/2024\/04\/image-503.png 1263w\" sizes=\"auto, (max-width: 1024px) 100vw, 1024px\" \/><\/figure>\n\n\n\n<p>ACON&nbsp;TIMBER&nbsp;genera 315 puestos de trabajo directos, y m\u00e1s de 700 indirectos, contribuyendo al desarrollo foresto industrial de la zona. Cabe recordar que la piedra fundamental se puso en enero 2022 y la primera operaci\u00f3n de prueba inicial fue en diciembre de 2023. En esta fase actual, la planta tiene una capacidad de producci\u00f3n de 370 mil metros c\u00fabicos de madera seca y se exporta a Am\u00e9rica del Norte, Central y Asia.<\/p>\n\n\n\n<p>En su discurso, el Gobernador record\u00f3 las mesas de di\u00e1logo que mantuvo junto a los empresarios austr\u00edacos y belgas, para dar paso a la concreci\u00f3n de la inversi\u00f3n. \u201cViajamos a Rumania para conocer la planta y vimos que contaban con un aserradero con alta tecnolog\u00eda para generar energ\u00eda por Biomasa y ah\u00ed est\u00e1bamos viendo nuestro futuro: eso quer\u00edamos para la provincia de Corrientes\u201d, asegur\u00f3.<\/p>\n\n\n\n<p>\u201cIndustrializar Corrientes era una meta de gobierno\u201d, indic\u00f3 seguidamente y agreg\u00f3 que \u201ctrabajar pensando en la potencialidad de la forestaci\u00f3n era lo que necesit\u00e1bamos para cambiar el chip y poner una econom\u00eda primaria en la Provincia\u201d.<\/p>\n\n\n\n<figure class=\"wp-block-image size-large\"><img loading=\"lazy\" decoding=\"async\" width=\"1024\" height=\"675\" src=\"https:\/\/corrientesdetarde.com\/wp-content\/uploads\/2024\/04\/image-504-1024x675.png\" alt=\"\" class=\"wp-image-141528\" srcset=\"https:\/\/corrientesdetarde.com\/wp-content\/uploads\/2024\/04\/image-504-1024x675.png 1024w, https:\/\/corrientesdetarde.com\/wp-content\/uploads\/2024\/04\/image-504-300x198.png 300w, https:\/\/corrientesdetarde.com\/wp-content\/uploads\/2024\/04\/image-504-768x506.png 768w, https:\/\/corrientesdetarde.com\/wp-content\/uploads\/2024\/04\/image-504.png 1269w\" sizes=\"auto, (max-width: 1024px) 100vw, 1024px\" \/><\/figure>\n\n\n\n<p>En ese sentido, Vald\u00e9s record\u00f3 que en territorio correntino se cuenta con 18 parques industriales y la apuesta del aserradero redobl\u00f3 las apuestas del comienzo de los acuerdos. \u201cDebemos trabajar en grande y no nos tenemos que quedar en las peque\u00f1eces\u201d, lanz\u00f3 e inst\u00f3 a que \u201cnos tenemos que abrazar todos\u201d.<\/p>\n\n\n\n<p>Acto seguido, el titular del Poder Ejecutivo provincial mencion\u00f3 lo que dej\u00f3 su visita al Vaticano en su encuentro con el Papa Francisco, al expresar: \u201cEsta es la \u00fanica posibilidad en que podemos pensar todos juntos en el desarrollo y la fraternidad viendo el futuro del cambio. \u00c9l nos invita a que a trabajemos en conjunto\u201d.<\/p>\n\n\n\n<figure class=\"wp-block-image size-large\"><img loading=\"lazy\" decoding=\"async\" width=\"1024\" height=\"675\" src=\"https:\/\/corrientesdetarde.com\/wp-content\/uploads\/2024\/04\/image-505-1024x675.png\" alt=\"\" class=\"wp-image-141530\" srcset=\"https:\/\/corrientesdetarde.com\/wp-content\/uploads\/2024\/04\/image-505-1024x675.png 1024w, https:\/\/corrientesdetarde.com\/wp-content\/uploads\/2024\/04\/image-505-300x198.png 300w, https:\/\/corrientesdetarde.com\/wp-content\/uploads\/2024\/04\/image-505-768x506.png 768w, https:\/\/corrientesdetarde.com\/wp-content\/uploads\/2024\/04\/image-505.png 1266w\" sizes=\"auto, (max-width: 1024px) 100vw, 1024px\" \/><\/figure>\n\n\n\n<p>\u201cDebemos proyectar una Provincia hacia adelante\u201d, indic\u00f3, dando paso a uno de los anuncios de la jornada: \u201cTenemos terminado un dise\u00f1o del ferrocarril al puerto de Ituzaing\u00f3, para dar grandes avances en el Parque Industrial de esa ciudad, porque si no tenemos ferrocarril no tenemos posibilidad de crecimiento\u201d. Sostuvo que \u201cesto es un sue\u00f1o grande, pero es posible concretarlo\u201d.<\/p>\n\n\n\n<p>Retomando la agenda de vinculaci\u00f3n del Gobierno provincial y el empresariado, el gobernador Vald\u00e9s se\u00f1al\u00f3 que \u201cnos comprometimos a preservar el impacto ambiental, porque sabemos que los correntinos nos queremos industrializar, pero respetando el medio ambiente y en ese marco trabajamos para proteger los bosques naturales\u201d. Por ello, a trav\u00e9s de la Ley 25.080 se contin\u00faa apostando a la promoci\u00f3n de plantar en Corrientes: \u201cHoy tenemos 550.000 hect\u00e1reas forestadas y apostamos a seguir haci\u00e9ndolo dentro de 2 millones de hect\u00e1reas m\u00e1s\u201d.<\/p>\n\n\n\n<p><strong>Preservaci\u00f3n de las estructuras impositivas<\/strong><\/p>\n\n\n\n<p>Por otro lado, el primer Mandatario remarc\u00f3 que \u201cen Corrientes firmamos un compromiso para no modificar las estructuras impositivas al empresariado, para generar y resguardar las fuentes de trabajo de cada uno de las empresas\u201d. A\u00f1adi\u00f3 as\u00ed que \u201cno es posible que el Estado les cobre a las empresas impuestos haciendo que no sean competitivas y el resultado de no poder pagarlo es que se muden a otro lugar, por eso van 10 a\u00f1os que nos comprometemos a no modificar las estructuras impositivas\u201d.<\/p>\n\n\n\n<p>A modo de cierre, el Gobernador abog\u00f3 a que el camino del desarrollo se da de la mano de la generaci\u00f3n de industrias y sostuvo que \u201chay que seguir por las sendas de desarrollo, apostando a la forestaci\u00f3n\u201d. \u201cHoy es un d\u00eda de celebraci\u00f3n y de j\u00fabilo\u201d, porque \u201cnos consagramos en la Argentina como el gran polo forestal y productivo\u201d afirm\u00f3.<\/p>\n\n\n\n<p>Se encontraban presentes el secretario de Bioeconom\u00eda de la Naci\u00f3n, Fernando Vilella; el subsecretario de Promoci\u00f3n de las Exportaciones, las Inversiones, la Educaci\u00f3n, la Ciencia y la Cultura de la Canciller\u00eda argentina, Ramiro Velloso; los fundadores de ACON TIMBER, Gerald Schweighofer y Airy de Murga; el ministro de Econom\u00eda y Trabajo de Austria, Mart\u00edn Kocher; los embajadores de la Rep\u00fablica de Austria en Argentina, Andreas Melan; y el de B\u00e9lgica en Argentina, Karl Dhaene; el vicegobernador Pedro Braillard Poccard; y el intendente de Virasoro, Emiliano Fern\u00e1ndez, entre otros.<\/p>\n\n\n\n<p><strong>Un paso adelante<\/strong><\/p>\n\n\n\n<p>A su turno, el secretario de Bioeconom\u00eda de la Naci\u00f3n, Fernando Vilella, quien llev\u00f3 a la jornada el saludo del presidente Javier Milei y del ministro de Econom\u00eda, Luis Caputo, expres\u00f3 que \u201choy estamos celebrando esta generaci\u00f3n de trabajo, lo que pretendemos desde el gobierno\u201d. \u201cCuando hablamos de bioeconom\u00eda hablamos de desarrollo territorial, que agrega valor a los productos\u201d, apunt\u00f3 y consider\u00f3 que \u201cesto da la posibilidad de tener productos con valor, es un paso adelante, vinculado a la bioenerg\u00eda, este es el concepto que queremos establecer como marco de referencia de desarrollo en toda la Argentina\u201d.<\/p>\n\n\n\n<p>Por otra parte, Vilella lament\u00f3 que \u201ca\u00fan tenemos d\u00e9ficit en par\u00e1metros: el balance entre importaci\u00f3n y exportaci\u00f3n es negativo\u201d, ya que en los \u00faltimos a\u00f1os \u201cno hubo inversiones que captaran esa materia que genera este campo, y eso duplica el m\u00e9rito de los empresarios que apuestan en esta planta, ellos apostaron por Argentina\u201d. Agreg\u00f3 que ahora \u201ctenemos la posibilidad de generar un gran n\u00famero de madera, y necesitamos transformarla para abastecer a los mercados, esta empresa hoy est\u00e1 marcando el camino\u201d, remarc\u00f3 y para finalizar sostuvo que \u201csi esto se multiplica podemos salir del estancamiento que nos paraliz\u00f3 en las \u00faltimas d\u00e9cadas\u201d.<\/p>\n\n\n\n<p>El ministro de Econom\u00eda y Trabajo de Austria, Martin Kocher, resalt\u00f3 la relaci\u00f3n de su pa\u00eds con Argentina: \u201cEs una relaci\u00f3n de larga data\u201d, cont\u00f3, dejando en evidencia que estas acciones provocan un impacto econ\u00f3mico en materia de crecimiento industrial en Corrientes. Agradeci\u00f3 as\u00ed a los que llevaron adelante la construcci\u00f3n del aserradero y augur\u00f3 poder seguir articulando acciones productivas en el territorio argentino.<\/p>\n\n\n\n<p><strong>&#8220;Un s\u00edmbolo de lo que los correntinos podemos lograr&#8221;<\/strong><\/p>\n\n\n\n<p>\u201cHoy es un d\u00eda hist\u00f3rico para Virasoro, Corrientes, el NEA y la Argentina\u201d, ya que \u201cestamos atravesando una crisis econ\u00f3mica y social de muchos a\u00f1os, y estar inaugurando la planta industrial maderera m\u00e1s grande de Argentina, y una de las m\u00e1s grandes de Latinoam\u00e9rica, nos hace sentir orgullo y satisfacci\u00f3n\u201d, coment\u00f3 en su alocuci\u00f3n el intendente Emiliano Fern\u00e1ndez. Luego, sostuvo que esta apertura \u201ces una muestra que cuando hay una apuesta a la innovaci\u00f3n, educaci\u00f3n, cultura del trabajo y una articulaci\u00f3n p\u00fablico-privada, est\u00e1n dadas las condiciones para el desarrollo sostenible\u201d.<\/p>\n\n\n\n<p>Asimismo, el Jefe comunal consider\u00f3 que \u201ctenemos una oportunidad in\u00e9dita de convertirnos en l\u00edderes internacionales en el desarrollo de la bio econom\u00eda\u201d, a partir de la presente inauguraci\u00f3n. \u201cLa llegada de ACON Timber es un paso gigantesco en lo cultural y econ\u00f3mico\u201d, a\u00f1adi\u00f3 Fern\u00e1ndez, a la vez que aport\u00f3 que en Virasoro \u201cla suma de capitales extranjeros hizo posicionarnos como una de las ciudades que m\u00e1s creci\u00f3 en cuanto al empleo privado registrado del pa\u00eds\u201d.<\/p>\n\n\n\n<p>Adem\u00e1s, manifest\u00f3 su agradecimiento \u201ca quienes apoyaron y acompa\u00f1aron este emprendimiento que generar\u00e1 empleo para cerca de 800 trabajadores, y que representar\u00e1 el 15% de toda de la producci\u00f3n foresto industrial del pa\u00eds\u201d.<\/p>\n\n\n\n<p>Cerrando su discurso, el mismo Fern\u00e1ndez consider\u00f3 la apertura de la mega planta como \u201cun s\u00edmbolo de lo que los correntinos podemos lograr\u201d. \u201cNuestra tarea es cuidar y defender este sue\u00f1o para que la Provincia sea la locomotora foresto del tren del desarrollo de Corrientes\u201d, dijo el titular del Ejecutivo municipal.<\/p>\n\n\n\n<p>Al finalizar los discursos, el gobernador Vald\u00e9s, junto a los directivos y fundadores de ACON TIMBER, el intendente Fern\u00e1ndez, entre otros funcionarios, realizaron el tradicional corte de cintas para dejar inaugurada la planta procesadora de maderas. Luego se invit\u00f3 a los presentes a una visita guiada por la f\u00e1brica, para conocer en detalle la f\u00e1brica y su sistema de funcionamiento.<\/p>\n\n\n\n<p>Acompa\u00f1aron el acto tambi\u00e9n los senadores nacionales Eduardo Vischi y Gabriela Valenzuela; los diputados nacionales Alfredo Vallejos y Lisandro Almir\u00f3n; los ministros de Coordinaci\u00f3n y Planificaci\u00f3n, Miguel Olivieri; secretario general de la Gobernaci\u00f3n, Carlos Vignolo; de Industria, Trabajo y Comercio, Mariel Gabur; Producci\u00f3n, Claudio Anselmo; de Hacienda y Finanzas, Marcelo Rivas Piasentini; Obras y Servicios P\u00fablicos, Claudio Polich; Seguridad, Buenaventura Duarte; de Educaci\u00f3n, Pr\u00e1xedes L\u00f3pez; Desarrollo Social, Ad\u00e1n Gaya; y de Ciencia y Tecnolog\u00eda, Jorge G\u00f3mez.<\/p>\n","protected":false},"excerpt":{"rendered":"<p>El gobernador Gustavo Vald\u00e9s inaugur\u00f3 en el mediod\u00eda de este viernes la primera Planta Procesadora de Maderas de la empresa ACON TIMBER, con inversi\u00f3n de capital austr\u00edaco y belga, que&hellip; <\/p>\n","protected":false},"author":4,"featured_media":141526,"comment_status":"closed","ping_status":"open","sticky":false,"template":"","format":"standard","meta":{"footnotes":""},"categories":[8],"tags":[],"class_list":["post-141524","post","type-post","status-publish","format-standard","has-post-thumbnail","hentry","category-locales"],"_links":{"self":[{"href":"https:\/\/corrientesdetarde.com\/index.php\/wp-json\/wp\/v2\/posts\/141524","targetHints":{"allow":["GET"]}}],"collection":[{"href":"https:\/\/corrientesdetarde.com\/index.php\/wp-json\/wp\/v2\/posts"}],"about":[{"href":"https:\/\/corrientesdetarde.com\/index.php\/wp-json\/wp\/v2\/types\/post"}],"author":[{"embeddable":true,"href":"https:\/\/corrientesdetarde.com\/index.php\/wp-json\/wp\/v2\/users\/4"}],"replies":[{"embeddable":true,"href":"https:\/\/corrientesdetarde.com\/index.php\/wp-json\/wp\/v2\/comments?post=141524"}],"version-history":[{"count":3,"href":"https:\/\/corrientesdetarde.com\/index.php\/wp-json\/wp\/v2\/posts\/141524\/revisions"}],"predecessor-version":[{"id":141532,"href":"https:\/\/corrientesdetarde.com\/index.php\/wp-json\/wp\/v2\/posts\/141524\/revisions\/141532"}],"wp:featuredmedia":[{"embeddable":true,"href":"https:\/\/corrientesdetarde.com\/index.php\/wp-json\/wp\/v2\/media\/141526"}],"wp:attachment":[{"href":"https:\/\/corrientesdetarde.com\/index.php\/wp-json\/wp\/v2\/media?parent=141524"}],"wp:term":[{"taxonomy":"category","embeddable":true,"href":"https:\/\/corrientesdetarde.com\/index.php\/wp-json\/wp\/v2\/categories?post=141524"},{"taxonomy":"post_tag","embeddable":true,"href":"https:\/\/corrientesdetarde.com\/index.php\/wp-json\/wp\/v2\/tags?post=141524"}],"curies":[{"name":"wp","href":"https:\/\/api.w.org\/{rel}","templated":true}]}}