{"id":141560,"date":"2024-04-20T09:00:36","date_gmt":"2024-04-20T12:00:36","guid":{"rendered":"https:\/\/corrientesdetarde.com\/?p=141560"},"modified":"2024-04-20T09:00:37","modified_gmt":"2024-04-20T12:00:37","slug":"cierre-de-inafci-vino-gente-que-no-conoce-el-trabajo-que-se-hace-con-los-productores","status":"publish","type":"post","link":"https:\/\/corrientesdetarde.com\/index.php\/informacion-general\/cierre-de-inafci-vino-gente-que-no-conoce-el-trabajo-que-se-hace-con-los-productores\/","title":{"rendered":"Cierre de Inafci: &#8220;Vino gente que no conoce el trabajo que se hace con los productores&#8221;"},"content":{"rendered":"\n<p>En Corrientes son 64 trabajadores correntinos que est\u00e1n en esta situaci\u00f3n de incertidumbre ante el cierre del Instituto Nacional de la Agricultura Familiar.<\/p>\n\n\n\n<p>&#8220;Vino gente que no conoce el trabajo que se hace con los productores&#8221;, se\u00f1al\u00f3 Lorenzo G\u00f3mez Maciel, asesor t\u00e9cnico del Inafci&nbsp;en Hoja de Ruta. En Corrientes son 64 trabajadores correntinos que est\u00e1n en esta situaci\u00f3n de incertidumbre ante el cierre del Instituto Nacional de la Agricultura Familiar.<\/p>\n\n\n\n<p><strong>Estas semanas, los trabajadores tuvieron complicaciones para el cobro de sueldos del mes de marzo. &#8220;Pero independientemente de eso, la situaci\u00f3n del sector no se resuelve&#8221;, se\u00f1al\u00f3.&nbsp;<\/strong><\/p>\n\n\n\n<p><strong>&#8220;No hay informaci\u00f3n oficial y no sabemos en qu\u00e9 situaci\u00f3n estamos. Seguimos yendo a nuestro lugar de trabajo porque no tenemos ning\u00fan tipo de comunicado. Tambi\u00e9n entendemos que el problema es que pasamos por tres ministerios en tres meses&#8221;, destac\u00f3.&nbsp;<\/strong><\/p>\n\n\n\n<p>&#8220;El agricultor y los trabajadores de la agricultura familiar van a tener un rol preponderante en esta situaci\u00f3n econ\u00f3mica. Por ejemplo, seguramente vieron los mercados populares o los bolsones de las ferias, todo eso desaparece&#8221;, explic\u00f3. &#8220;Trabajamos adem\u00e1s en conjunto para lograr mejor calidad y cantidad para que llegue a la mesa de los correntinos y correntinas, pero eso se pierde&#8221;, detall\u00f3.&nbsp;<\/p>\n\n\n\n<p><strong>Seg\u00fan indic\u00f3 &#8220;son muchos los frentes y vinieron personas que no conocen el trabajo que se hace con los productores&#8221;. &#8220;Pero seguiremos en pie de lucha&#8221;, cerr\u00f3.<\/strong><\/p>\n","protected":false},"excerpt":{"rendered":"<p>En Corrientes son 64 trabajadores correntinos que est\u00e1n en esta situaci\u00f3n de incertidumbre ante el cierre del Instituto Nacional de la Agricultura Familiar. &#8220;Vino gente que no conoce el trabajo&hellip; <\/p>\n","protected":false},"author":3,"featured_media":141565,"comment_status":"closed","ping_status":"open","sticky":false,"template":"","format":"standard","meta":{"footnotes":""},"categories":[1],"tags":[],"class_list":["post-141560","post","type-post","status-publish","format-standard","has-post-thumbnail","hentry","category-informacion-general"],"_links":{"self":[{"href":"https:\/\/corrientesdetarde.com\/index.php\/wp-json\/wp\/v2\/posts\/141560","targetHints":{"allow":["GET"]}}],"collection":[{"href":"https:\/\/corrientesdetarde.com\/index.php\/wp-json\/wp\/v2\/posts"}],"about":[{"href":"https:\/\/corrientesdetarde.com\/index.php\/wp-json\/wp\/v2\/types\/post"}],"author":[{"embeddable":true,"href":"https:\/\/corrientesdetarde.com\/index.php\/wp-json\/wp\/v2\/users\/3"}],"replies":[{"embeddable":true,"href":"https:\/\/corrientesdetarde.com\/index.php\/wp-json\/wp\/v2\/comments?post=141560"}],"version-history":[{"count":1,"href":"https:\/\/corrientesdetarde.com\/index.php\/wp-json\/wp\/v2\/posts\/141560\/revisions"}],"predecessor-version":[{"id":141572,"href":"https:\/\/corrientesdetarde.com\/index.php\/wp-json\/wp\/v2\/posts\/141560\/revisions\/141572"}],"wp:featuredmedia":[{"embeddable":true,"href":"https:\/\/corrientesdetarde.com\/index.php\/wp-json\/wp\/v2\/media\/141565"}],"wp:attachment":[{"href":"https:\/\/corrientesdetarde.com\/index.php\/wp-json\/wp\/v2\/media?parent=141560"}],"wp:term":[{"taxonomy":"category","embeddable":true,"href":"https:\/\/corrientesdetarde.com\/index.php\/wp-json\/wp\/v2\/categories?post=141560"},{"taxonomy":"post_tag","embeddable":true,"href":"https:\/\/corrientesdetarde.com\/index.php\/wp-json\/wp\/v2\/tags?post=141560"}],"curies":[{"name":"wp","href":"https:\/\/api.w.org\/{rel}","templated":true}]}}