{"id":141562,"date":"2024-04-20T09:00:40","date_gmt":"2024-04-20T12:00:40","guid":{"rendered":"https:\/\/corrientesdetarde.com\/?p=141562"},"modified":"2024-04-20T09:00:41","modified_gmt":"2024-04-20T12:00:41","slug":"un-colectivo-con-pasajeros-que-viajaba-a-corrientes-implicado-en-un-choque-frontal","status":"publish","type":"post","link":"https:\/\/corrientesdetarde.com\/index.php\/policiales\/un-colectivo-con-pasajeros-que-viajaba-a-corrientes-implicado-en-un-choque-frontal\/","title":{"rendered":"Un colectivo con pasajeros que viajaba a Corrientes implicado en un choque frontal"},"content":{"rendered":"\n<p>En la Autov\u00eda \u201cGervasio Artigas\u201d de la Ruta 14, en la provincia de Entre R\u00edos chocaron de manera frontal el mi\u00e9rcoles por la noche una camioneta y un cami\u00f3n, que dej\u00f3 como saldo tres personas con graves lesiones.<\/p>\n\n\n\n<p>Los investigadores de la Comisar\u00eda de Chajar\u00ed y la Fiscal\u00eda indicaron que la camioneta una Ford Ranger, roja, habr\u00eda colisionado primeramente con un colectivo que permanec\u00eda estacionado. La unidad de transporte, &nbsp;de larga distancia ser\u00eda de la empresa \u201cEl Cometa\u201d, que transportaba un total de 24 pasajeros, que hab\u00eda partido de Caba con destino a la ciudad de Paso de Los libres (Corrientes).<\/p>\n\n\n\n<p>En el lugar los peritos habr\u00edan constatado que el colectivo presentaba un impacto en su lateral izquierdo, el cual pudo haber sido producido mediante el roce con la camioneta involucrada en el siniestro, seg\u00fan se inform\u00f3.<\/p>\n\n\n\n<figure class=\"wp-block-image\"><img decoding=\"async\" src=\"https:\/\/pxc.cdn.ellitoral.com.ar\/litoral\/042024\/1713484344885.webp?cw=506&amp;ch=600&amp;extw=jpg\" alt=\"Un colectivo con pasajeros que viajaba a Corrientes implicado en un choque frontal\"\/><\/figure>\n\n\n\n<p>Los investigadores estiman que la camioneta intent\u00f3 sobrepasar al colectivo, cuando los dos circulaban en direcci\u00f3n norte, y luego de un roce, la Ranger sali\u00f3 despedida a alta velocidad hacia el carril contrario donde colision\u00f3 de manera frontal con el cami\u00f3n.<\/p>\n\n\n\n<p>Los dos ocupantes de la camioneta y el acompa\u00f1ante del camionero, resultaron heridos.&nbsp;<\/p>\n","protected":false},"excerpt":{"rendered":"<p>En la Autov\u00eda \u201cGervasio Artigas\u201d de la Ruta 14, en la provincia de Entre R\u00edos chocaron de manera frontal el mi\u00e9rcoles por la noche una camioneta y un cami\u00f3n, que&hellip; <\/p>\n","protected":false},"author":3,"featured_media":141568,"comment_status":"closed","ping_status":"open","sticky":false,"template":"","format":"standard","meta":{"footnotes":""},"categories":[33],"tags":[],"class_list":["post-141562","post","type-post","status-publish","format-standard","has-post-thumbnail","hentry","category-policiales"],"_links":{"self":[{"href":"https:\/\/corrientesdetarde.com\/index.php\/wp-json\/wp\/v2\/posts\/141562","targetHints":{"allow":["GET"]}}],"collection":[{"href":"https:\/\/corrientesdetarde.com\/index.php\/wp-json\/wp\/v2\/posts"}],"about":[{"href":"https:\/\/corrientesdetarde.com\/index.php\/wp-json\/wp\/v2\/types\/post"}],"author":[{"embeddable":true,"href":"https:\/\/corrientesdetarde.com\/index.php\/wp-json\/wp\/v2\/users\/3"}],"replies":[{"embeddable":true,"href":"https:\/\/corrientesdetarde.com\/index.php\/wp-json\/wp\/v2\/comments?post=141562"}],"version-history":[{"count":1,"href":"https:\/\/corrientesdetarde.com\/index.php\/wp-json\/wp\/v2\/posts\/141562\/revisions"}],"predecessor-version":[{"id":141574,"href":"https:\/\/corrientesdetarde.com\/index.php\/wp-json\/wp\/v2\/posts\/141562\/revisions\/141574"}],"wp:featuredmedia":[{"embeddable":true,"href":"https:\/\/corrientesdetarde.com\/index.php\/wp-json\/wp\/v2\/media\/141568"}],"wp:attachment":[{"href":"https:\/\/corrientesdetarde.com\/index.php\/wp-json\/wp\/v2\/media?parent=141562"}],"wp:term":[{"taxonomy":"category","embeddable":true,"href":"https:\/\/corrientesdetarde.com\/index.php\/wp-json\/wp\/v2\/categories?post=141562"},{"taxonomy":"post_tag","embeddable":true,"href":"https:\/\/corrientesdetarde.com\/index.php\/wp-json\/wp\/v2\/tags?post=141562"}],"curies":[{"name":"wp","href":"https:\/\/api.w.org\/{rel}","templated":true}]}}